{"id":873,"date":"2016-04-26T17:22:56","date_gmt":"2016-04-26T16:22:56","guid":{"rendered":"http:\/\/www.armanami.org\/blog\/?p=873"},"modified":"2019-09-26T06:52:15","modified_gmt":"2019-09-26T05:52:15","slug":"actorul-de-origine-aromana-ion-caramitru-fostul-locotenent-de-securitate-eugen-tiberiu-popescu-si-identitatea-etnica-a-aromanilor","status":"publish","type":"post","link":"http:\/\/www.armanami.org\/blog\/actorul-de-origine-aromana-ion-caramitru-fostul-locotenent-de-securitate-eugen-tiberiu-popescu-si-identitatea-etnica-a-aromanilor\/","title":{"rendered":"Pactul de colaborare \u00eentre Institutul \u201eEudoxiu Hurmuzachi\u201d \u0219i Societatea de Cultur\u0103 Macedo-Rom\u00e2n\u0103 : Cine este Eugen Tiberiu Popescu? (HabAr, 19.04.2016)"},"content":{"rendered":"<p>Pe 19 aprilie, Institutul \u201eEudoxiu Hurmuzachi\u201d pentru rom\u00e2nii de pretutindeni (IEH) \u0219i Societatea de Cultur\u0103 Macedo-Rom\u00e2n\u0103 publicau acordul comun urmator\u00a0:\u00a0\u00ab\u00a0P\u0103strarea \u0219i conservarea identit\u0103\u021bii rom\u00e2nilor din Balcani (arom\u00e2ni, meglenorom\u00e2ni)\u2026 precum \u0219i reafirmarea apartenen\u021bei la rom\u00e2nitate sunt principiile care au fundamentat semnarea acordului de asociere \u00eentre Institutul \u201eEudoxiu Hurmuzachi\u201d pentru rom\u00e2nii de pretutindeni (IEH) \u0219i Societatea de Cultur\u0103 Macedo-Rom\u00e2n\u0103.<\/p>\n<p><!--more--><\/p>\n<p>Protocolul a fost semnat din partea IEH de c\u0103tre directorul general, domnul Eugen Tiberiu Popescu, iar din partea Societ\u0103\u021bii de Cultur\u0103 Macedo-Rom\u00e2n\u0103 de c\u0103tre pre\u0219edintele asocia\u021biei, domnul Ion Caramitru.<\/p>\n<p>Acordul vizeaz\u0103 consult\u0103ri regulate pe marginea strategiilor, programelor \u0219i politicilor destinate rom\u00e2nilor din Balcani, coordonarea pozi\u021biilor \u00een chestiunea arom\u00e2neasc\u0103 \u0219i meglenorom\u00e2n\u0103, transfer reciproc de expertiz\u0103, promovarea \u00een comun a tezelor \u0219tiin\u021bifice referitoare la identitatea etnic\u0103 a arom\u00e2nilor \u0219i ac\u021biune concertat\u0103 pentru gestionarea rela\u021biei cu comunit\u0103\u021bile arom\u00e2ne \u0219i meglenorom\u00e2ne din afara grani\u021belor Rom\u00e2niei.\u00a0\u00bb (http:\/\/www.ieh.ro\/protocol-de-colaborare-intre-ieh-si-societatea-de-cultura-macedo-romana\/)<\/p>\n<p><strong>Cine este Eugen Tiberiu Popescu?<\/strong><\/p>\n<p>Inutil de prezentat cariera prestigioasa a actorului Ion Caramitru si rolul pe care el continua sa \u00eel joace \u00een actualitatea teatrala. Pozitia d\u00e2nsului privind rom\u00e2nitatea arom\u00e2nilor este si ea bine cunoscuta mai ales de rom\u00e2nii de origine arom\u00e2na\u00a0printre care unii sunt de acord cu ea, altii nu. Mai putin cunoscut este cazul cosemnatarului protocolului semnalat mai sus, Eugen Tiberiu Popescu. Patrick Andr\u00e9 de Hillerin \u00eel reconstituie \u00een Catavencu datat din 20-26 aprilie intitulat \u00ab\u00a0Securitatea s-a \u00eentors acas\u0103\u00a0\u00bb(<a href=\"http:\/\/www.catavencii.ro\/securitatea-s-intors-acasa\/\">http:\/\/www.catavencii.ro\/securitatea-s-intors-acasa\/<\/a>). Iata a doua parte a articolului :<\/p>\n<p>\u00ab\u00a0La finalul deceniului IX al secolului trecut<strong>,\u00a0<\/strong>la bazinul de \u00eenot din complexul \u201c23 August\u201d este angajat un t\u00e2n\u0103r administrator. Politicos \u0219i ferm, acesta face turul institu\u021biilor sportive din zon\u0103 \u0219i se prezint\u0103 vecinilor. Pe l\u00e2ng\u0103 nume, t\u00e2n\u0103rul poveste\u0219te, cel pu\u021bin unora, de la bun \u00eenceput, c\u0103 este locotenent de Securitate. De fapt a fost, dar \u00een urma unei misiuni de supravie\u021buire \u00een mun\u021bi s-a accidentat grav \u0219i a fost reformat. Acum (la vremea aceea) nu este dec\u00e2t un civil oarecare, care-\u0219i caut\u0103 un nou \u00eenceput \u00een via\u021b\u0103.<\/p>\n<p>Civil-civil, dar t\u00e2n\u0103rul este mereu bine informat, vehiculeaz\u0103 \u0219tiri la care nimeni nu are acces nici m\u0103car ascult\u00e2nd Europa Liber\u0103 \u0219i o face f\u0103r\u0103 nici o team\u0103. Este privit cu circumspec\u021bie, uneori este considerat provocator, dar el \u00ee\u0219i vede mai departe de activitate.<\/p>\n<p>Civil-civil, dar dac\u0103 vrea poate \u00eentrerupe o convorbire telefonic\u0103 \u00eentre dou\u0103 amice care s-au \u00eentins prea mult la vorb\u0103, pentru c\u0103 vrea s\u0103 discute cu so\u021bul uneia dintre ele. O face \u0219i, f\u0103r\u0103 s\u0103 se ascund\u0103, relateaz\u0103 \u00een rezumat con\u021binutul unei ore de convorbire, f\u0103r\u0103 a rata am\u0103nuntele importante. Reformat, cum ar veni.<\/p>\n<p>Sf\u00e2r\u0219itul lui decembrie 1989<strong>\u00a0<\/strong>\u00eel face pe t\u00e2n\u0103rul (fost) locotenent s\u0103 dea drumul unei noi serii de m\u0103rturisiri. De fapt, povestea cu misiunea de supravie\u021buire a fost o acoperire. El a f\u0103cut parte, \u00een realitate, din aripa t\u00e2n\u0103r\u0103 \u0219i reformist\u0103 a Securit\u0103\u021bii, care lucra la \u00eendep\u0103rtarea lui Ceau\u0219escu. Dar nu, ce s-a \u00eent\u00e2mplat \u00een decembrie 1989 n-a fost m\u00e2na lor. Au fost oamenii ru\u0219ilor, care s-au s\u0103turat de dictator. Nu intraser\u0103m \u00een 1990, iar el vorbea deja despre autocarele pline cu turi\u0219ti din spa\u021biul sovietic ce vizitaser\u0103 \u00een num\u0103r mare Rom\u00e2nia \u00een zilele revolu\u021biei.<\/p>\n<p>\u00cen ianuarie 1990, exact acela\u0219i t\u00e2n\u0103r, devenit, brusc, ziarist, \u00eei conducea pe jurnali\u0219tii str\u0103ini prin centrele de ascultare ale Securit\u0103\u021bii, ar\u0103t\u00e2ndu-le aparatura folosit\u0103 pentru a intercepta convorbirile telefonice ale oric\u0103rui rom\u00e2n ce st\u00e2rnea interesul institu\u021biei.<\/p>\n<p>\u00cen aceea\u0219i perioad\u0103, t\u00e2n\u0103rul\u00a0locotenent de Securitate devine foarte activ \u00een proasp\u0103t \u00eenfiin\u021bata Lig\u0103 a Studen\u021bilor. E o prezen\u021b\u0103 discret\u0103 la toate manifest\u0103rile organiza\u021biei, de obicei film\u00e2nd tot ceea ce se \u00eent\u00e2mpl\u0103. \u00cenfiin\u021beaz\u0103 repede \u0219i conduce publica\u021bia Ligii Studen\u021bilor, se ocup\u0103 de organizare \u0219i de logistic\u0103, dirij\u00e2nd u\u0219or lucrurile \u00een direc\u021bia dorit\u0103 de el. Atunci c\u00e2nd Emil Constantinescu a dat aprobarea pentru deschiderea balconului din care s\u0103 se vorbeasc\u0103 Pie\u021bei, el era acolo, el a luat cheia \u0219i a descuiat u\u0219a. C\u00e2t a durat Pia\u021ba Universit\u0103\u021bii, a fost mereu acolo, a filmat, a organizat \u0219i, mai ales, a condus discret, l\u0103s\u00e2ndu-l pe Marian Munteanu \u0219i pe amicii s\u0103i s\u0103 cread\u0103 c\u0103 ei sunt \u0219efii. Sau poate nu credeau, poate \u0219tiau.<\/p>\n<p>A fost b\u0103tut \u00een zilele mineriadei din 13-15 iunie.<strong>\u00a0<\/strong>B\u0103tut r\u0103u, ca \u0219i Marian Munteanu. Nu era un om protejat de sistem, c\u0103ci, conform spuselor sale, aripa reformist\u0103 a Securit\u0103\u021bii, aia democrat\u0103 \u0219i doritoare de libertate, fusese din nou \u00eenvins\u0103, ca \u0219i \u00een decembrie, de c\u0103tre oamenii ru\u0219ilor. Dup\u0103 convalescen\u021b\u0103, t\u00e2n\u0103rul locotenent de Securitate reformist s-a apucat serios de pres\u0103. A fost primul care a scris, \u00een <em>Rom\u00e2nia liber\u0103<\/em>, despre banii lui Dan Voiculescu. De fapt, despre banii Securit\u0103\u021bii \u0219i ai lui Ceau\u0219escu ajun\u0219i la Dan Voiculescu. N-a fost doar un articol, a fost o serie, sus\u021binut\u0103 de documente la care avea acces. La un moment dat a disp\u0103rut din peisaj \u0219i din \u021bar\u0103, plec\u00e2nd \u00een Canada, ca s\u0103-\u0219i salveze via\u021ba. Abia c\u00e2nd s-a sim\u021bit \u00een siguran\u021b\u0103 s-a \u00eentors \u00een Rom\u00e2nia, fiind, \u00eens\u0103, interesat foarte mult de soarta rom\u00e2nilor de peste hotare. A\u0219a a \u0219i \u00eenfiin\u021bat, \u00een 1999, Funda\u021bia Na\u021bional\u0103 pentru Rom\u00e2nii de Pretutindeni. De atunci, preocuparea sa principal\u0103 este rela\u021bia cu diaspora. \u00cen perioada 2001-2003, a coordonat, \u00een calitate de director general, Direc\u021bia General\u0103 de Strategii \u0219i Programe \u00een cadrul Departamentului pentru Rom\u00e2nii de Pretutindeni din Ministerul Informa\u021biilor Publice. \u00centre 2004 \u0219i 2005 a fost director al Departamentului pentru Rom\u00e2nii de Pretutindeni din Cancelaria Prim-Ministrului, iar \u00een 2005 a fost director al Direc\u021biei de Strategii, Programe, Comunicare \u0219i Rela\u021bii Publice din cadrul Departamentului pentru Rom\u00e2nii de Pretutindeni din Ministerul Afacerilor Externe. Funda\u021bia sa, \u00een colaborare cu DRP, organizeaz\u0103 din 2000 \u00eencoace \u0218coala de Var\u0103 de la Izvorul Mure\u0219ului, unde vin an de an reprezentan\u021bi ai rom\u00e2nilor din str\u0103in\u0103tate. \u00cen 2013, cu ocazia aceleia\u0219i \u0218coli de Var\u0103, ziarul G\u00e2ndul nota declara\u021bia t\u00e2n\u0103rului locotenent de Securitate care spunea c\u0103 statul rom\u00e2n finan\u021beaz\u0103 ac\u021biunile pentru rom\u00e2nii din afara grani\u021belor derulate de FNRP cu dou\u0103 milioane de euro anual.<\/p>\n<p>Pe l\u00e2ng\u0103 FNRP,<strong>\u00a0<\/strong>t\u00e2n\u0103rul locotenent de Securitate care l-a scos la \u00eenaintare pe Marian Munteanu mai coordoneaz\u0103 o agen\u021bie de pres\u0103 pentru diaspora, Romanian Global News, \u0219i Centrul Rom\u00e2n de Studii \u0219i Strategii. Colaboratorii funda\u021biei, ai agen\u021biei \u0219i ai centrului au constituit o re\u021bea informal\u0103 foarte activ\u0103 \u00een diaspora cu ocazia tuturor alegerilor mai importante.<\/p>\n<p>Pe t\u00e2n\u0103rul locotenent de Securitate<strong>\u00a0<\/strong>din anii \u201980 ai secolului trecut \u00eel cheam\u0103 Eugen Tiberiu Popescu, iar din februarie 2016 este directorul Institutului \u201eEudoxiu Hurmuzachi\u201d pentru rom\u00e2nii de pretutindeni (IEH), care func\u021bioneaz\u0103 \u00een subordinea Ministerului Afacerilor Externe \u0219i \u00een coordonarea ministrului delegat pentru rom\u00e2nii de pretutindeni, Dan Stoenescu.<\/p>\n<p>Securitatea s-a \u00eentors acas\u0103, s\u0103 lucreze \u00een interesul na\u021biunii de pretutindeni. \u0218i, de ce nu, \u00een interesul na\u021biunii bucure\u0219tene.\u00a0\u00bb<\/p>\n","protected":false},"excerpt":{"rendered":"<p>Pe 19 aprilie, Institutul \u201eEudoxiu Hurmuzachi\u201d pentru rom\u00e2nii de pretutindeni (IEH) \u0219i Societatea de Cultur\u0103 Macedo-Rom\u00e2n\u0103 publicau acordul comun urmator\u00a0:\u00a0\u00ab\u00a0P\u0103strarea \u0219i conservarea identit\u0103\u021bii rom\u00e2nilor din Balcani (arom\u00e2ni, meglenorom\u00e2ni)\u2026 precum \u0219i reafirmarea apartenen\u021bei la rom\u00e2nitate sunt principiile care au fundamentat semnarea acordului de asociere \u00eentre Institutul \u201eEudoxiu Hurmuzachi\u201d pentru rom\u00e2nii de pretutindeni (IEH) \u0219i Societatea de [&hellip;]<\/p>\n","protected":false},"author":4,"featured_media":0,"comment_status":"open","ping_status":"open","sticky":false,"template":"","format":"standard","meta":{"_monsterinsights_skip_tracking":false,"_monsterinsights_sitenote_active":false,"_monsterinsights_sitenote_note":"","_monsterinsights_sitenote_category":0,"footnotes":""},"categories":[3],"tags":[],"class_list":["post-873","post","type-post","status-publish","format-standard","hentry","category-habari-news"],"yoast_head":"<!-- This site is optimized with the Yoast SEO plugin v25.4 - https:\/\/yoast.com\/wordpress\/plugins\/seo\/ -->\n<title>Pactul de colaborare \u00eentre Institutul \u201eEudoxiu Hurmuzachi\u201d \u0219i Societatea de Cultur\u0103 Macedo-Rom\u00e2n\u0103 : Cine este Eugen Tiberiu Popescu? (HabAr, 19.04.2016) - TRA ARMANAMI<\/title>\n<meta name=\"robots\" content=\"index, follow, max-snippet:-1, max-image-preview:large, max-video-preview:-1\" \/>\n<link rel=\"canonical\" href=\"http:\/\/www.armanami.org\/blog\/actorul-de-origine-aromana-ion-caramitru-fostul-locotenent-de-securitate-eugen-tiberiu-popescu-si-identitatea-etnica-a-aromanilor\/\" \/>\n<meta property=\"og:locale\" content=\"en_US\" \/>\n<meta property=\"og:type\" content=\"article\" \/>\n<meta property=\"og:title\" content=\"Pactul de colaborare \u00eentre Institutul \u201eEudoxiu Hurmuzachi\u201d \u0219i Societatea de Cultur\u0103 Macedo-Rom\u00e2n\u0103 : Cine este Eugen Tiberiu Popescu? (HabAr, 19.04.2016) - TRA ARMANAMI\" \/>\n<meta property=\"og:description\" content=\"Pe 19 aprilie, Institutul \u201eEudoxiu Hurmuzachi\u201d pentru rom\u00e2nii de pretutindeni (IEH) \u0219i Societatea de Cultur\u0103 Macedo-Rom\u00e2n\u0103 publicau acordul comun urmator\u00a0:\u00a0\u00ab\u00a0P\u0103strarea \u0219i conservarea identit\u0103\u021bii rom\u00e2nilor din Balcani (arom\u00e2ni, meglenorom\u00e2ni)\u2026 precum \u0219i reafirmarea apartenen\u021bei la rom\u00e2nitate sunt principiile care au fundamentat semnarea acordului de asociere \u00eentre Institutul \u201eEudoxiu Hurmuzachi\u201d pentru rom\u00e2nii de pretutindeni (IEH) \u0219i Societatea de [&hellip;]\" \/>\n<meta property=\"og:url\" content=\"http:\/\/www.armanami.org\/blog\/actorul-de-origine-aromana-ion-caramitru-fostul-locotenent-de-securitate-eugen-tiberiu-popescu-si-identitatea-etnica-a-aromanilor\/\" \/>\n<meta property=\"og:site_name\" content=\"TRA ARMANAMI\" \/>\n<meta property=\"article:published_time\" content=\"2016-04-26T16:22:56+00:00\" \/>\n<meta property=\"article:modified_time\" content=\"2019-09-26T05:52:15+00:00\" \/>\n<meta name=\"author\" content=\"Editeur\" \/>\n<meta name=\"twitter:card\" content=\"summary_large_image\" \/>\n<meta name=\"twitter:label1\" content=\"Written by\" \/>\n\t<meta name=\"twitter:data1\" content=\"Editeur\" \/>\n\t<meta name=\"twitter:label2\" content=\"Est. reading time\" \/>\n\t<meta name=\"twitter:data2\" content=\"6 minutes\" \/>\n<script type=\"application\/ld+json\" class=\"yoast-schema-graph\">{\"@context\":\"https:\/\/schema.org\",\"@graph\":[{\"@type\":\"WebPage\",\"@id\":\"http:\/\/www.armanami.org\/blog\/actorul-de-origine-aromana-ion-caramitru-fostul-locotenent-de-securitate-eugen-tiberiu-popescu-si-identitatea-etnica-a-aromanilor\/\",\"url\":\"http:\/\/www.armanami.org\/blog\/actorul-de-origine-aromana-ion-caramitru-fostul-locotenent-de-securitate-eugen-tiberiu-popescu-si-identitatea-etnica-a-aromanilor\/\",\"name\":\"Pactul de colaborare \u00eentre Institutul \u201eEudoxiu Hurmuzachi\u201d \u0219i Societatea de Cultur\u0103 Macedo-Rom\u00e2n\u0103 : Cine este Eugen Tiberiu Popescu? (HabAr, 19.04.2016) - TRA ARMANAMI\",\"isPartOf\":{\"@id\":\"http:\/\/www.armanami.org\/blog\/#website\"},\"datePublished\":\"2016-04-26T16:22:56+00:00\",\"dateModified\":\"2019-09-26T05:52:15+00:00\",\"author\":{\"@id\":\"http:\/\/www.armanami.org\/blog\/#\/schema\/person\/ad77560a1599935b2285ac8a40e4cf91\"},\"breadcrumb\":{\"@id\":\"http:\/\/www.armanami.org\/blog\/actorul-de-origine-aromana-ion-caramitru-fostul-locotenent-de-securitate-eugen-tiberiu-popescu-si-identitatea-etnica-a-aromanilor\/#breadcrumb\"},\"inLanguage\":\"en-US\",\"potentialAction\":[{\"@type\":\"ReadAction\",\"target\":[\"http:\/\/www.armanami.org\/blog\/actorul-de-origine-aromana-ion-caramitru-fostul-locotenent-de-securitate-eugen-tiberiu-popescu-si-identitatea-etnica-a-aromanilor\/\"]}]},{\"@type\":\"BreadcrumbList\",\"@id\":\"http:\/\/www.armanami.org\/blog\/actorul-de-origine-aromana-ion-caramitru-fostul-locotenent-de-securitate-eugen-tiberiu-popescu-si-identitatea-etnica-a-aromanilor\/#breadcrumb\",\"itemListElement\":[{\"@type\":\"ListItem\",\"position\":1,\"name\":\"Home\",\"item\":\"http:\/\/www.armanami.org\/blog\/\"},{\"@type\":\"ListItem\",\"position\":2,\"name\":\"Pactul de colaborare \u00eentre Institutul \u201eEudoxiu Hurmuzachi\u201d \u0219i Societatea de Cultur\u0103 Macedo-Rom\u00e2n\u0103 : Cine este Eugen Tiberiu Popescu? (HabAr, 19.04.2016)\"}]},{\"@type\":\"WebSite\",\"@id\":\"http:\/\/www.armanami.org\/blog\/#website\",\"url\":\"http:\/\/www.armanami.org\/blog\/\",\"name\":\"TRA ARMANAMI\",\"description\":\"Habari di la armanj luati sh&#039;la armanj dati\",\"potentialAction\":[{\"@type\":\"SearchAction\",\"target\":{\"@type\":\"EntryPoint\",\"urlTemplate\":\"http:\/\/www.armanami.org\/blog\/?s={search_term_string}\"},\"query-input\":{\"@type\":\"PropertyValueSpecification\",\"valueRequired\":true,\"valueName\":\"search_term_string\"}}],\"inLanguage\":\"en-US\"},{\"@type\":\"Person\",\"@id\":\"http:\/\/www.armanami.org\/blog\/#\/schema\/person\/ad77560a1599935b2285ac8a40e4cf91\",\"name\":\"Editeur\",\"image\":{\"@type\":\"ImageObject\",\"inLanguage\":\"en-US\",\"@id\":\"http:\/\/www.armanami.org\/blog\/#\/schema\/person\/image\/\",\"url\":\"https:\/\/secure.gravatar.com\/avatar\/761ad11672a7683bd0716727a6d2194cdbca97ae70d1f58d1e090e55c4007ae7?s=96&d=mm&r=g\",\"contentUrl\":\"https:\/\/secure.gravatar.com\/avatar\/761ad11672a7683bd0716727a6d2194cdbca97ae70d1f58d1e090e55c4007ae7?s=96&d=mm&r=g\",\"caption\":\"Editeur\"},\"url\":\"http:\/\/www.armanami.org\/blog\/author\/editeur\/\"}]}<\/script>\n<!-- \/ Yoast SEO plugin. -->","yoast_head_json":{"title":"Pactul de colaborare \u00eentre Institutul \u201eEudoxiu Hurmuzachi\u201d \u0219i Societatea de Cultur\u0103 Macedo-Rom\u00e2n\u0103 : Cine este Eugen Tiberiu Popescu? (HabAr, 19.04.2016) - TRA ARMANAMI","robots":{"index":"index","follow":"follow","max-snippet":"max-snippet:-1","max-image-preview":"max-image-preview:large","max-video-preview":"max-video-preview:-1"},"canonical":"http:\/\/www.armanami.org\/blog\/actorul-de-origine-aromana-ion-caramitru-fostul-locotenent-de-securitate-eugen-tiberiu-popescu-si-identitatea-etnica-a-aromanilor\/","og_locale":"en_US","og_type":"article","og_title":"Pactul de colaborare \u00eentre Institutul \u201eEudoxiu Hurmuzachi\u201d \u0219i Societatea de Cultur\u0103 Macedo-Rom\u00e2n\u0103 : Cine este Eugen Tiberiu Popescu? (HabAr, 19.04.2016) - TRA ARMANAMI","og_description":"Pe 19 aprilie, Institutul \u201eEudoxiu Hurmuzachi\u201d pentru rom\u00e2nii de pretutindeni (IEH) \u0219i Societatea de Cultur\u0103 Macedo-Rom\u00e2n\u0103 publicau acordul comun urmator\u00a0:\u00a0\u00ab\u00a0P\u0103strarea \u0219i conservarea identit\u0103\u021bii rom\u00e2nilor din Balcani (arom\u00e2ni, meglenorom\u00e2ni)\u2026 precum \u0219i reafirmarea apartenen\u021bei la rom\u00e2nitate sunt principiile care au fundamentat semnarea acordului de asociere \u00eentre Institutul \u201eEudoxiu Hurmuzachi\u201d pentru rom\u00e2nii de pretutindeni (IEH) \u0219i Societatea de [&hellip;]","og_url":"http:\/\/www.armanami.org\/blog\/actorul-de-origine-aromana-ion-caramitru-fostul-locotenent-de-securitate-eugen-tiberiu-popescu-si-identitatea-etnica-a-aromanilor\/","og_site_name":"TRA ARMANAMI","article_published_time":"2016-04-26T16:22:56+00:00","article_modified_time":"2019-09-26T05:52:15+00:00","author":"Editeur","twitter_card":"summary_large_image","twitter_misc":{"Written by":"Editeur","Est. reading time":"6 minutes"},"schema":{"@context":"https:\/\/schema.org","@graph":[{"@type":"WebPage","@id":"http:\/\/www.armanami.org\/blog\/actorul-de-origine-aromana-ion-caramitru-fostul-locotenent-de-securitate-eugen-tiberiu-popescu-si-identitatea-etnica-a-aromanilor\/","url":"http:\/\/www.armanami.org\/blog\/actorul-de-origine-aromana-ion-caramitru-fostul-locotenent-de-securitate-eugen-tiberiu-popescu-si-identitatea-etnica-a-aromanilor\/","name":"Pactul de colaborare \u00eentre Institutul \u201eEudoxiu Hurmuzachi\u201d \u0219i Societatea de Cultur\u0103 Macedo-Rom\u00e2n\u0103 : Cine este Eugen Tiberiu Popescu? (HabAr, 19.04.2016) - TRA ARMANAMI","isPartOf":{"@id":"http:\/\/www.armanami.org\/blog\/#website"},"datePublished":"2016-04-26T16:22:56+00:00","dateModified":"2019-09-26T05:52:15+00:00","author":{"@id":"http:\/\/www.armanami.org\/blog\/#\/schema\/person\/ad77560a1599935b2285ac8a40e4cf91"},"breadcrumb":{"@id":"http:\/\/www.armanami.org\/blog\/actorul-de-origine-aromana-ion-caramitru-fostul-locotenent-de-securitate-eugen-tiberiu-popescu-si-identitatea-etnica-a-aromanilor\/#breadcrumb"},"inLanguage":"en-US","potentialAction":[{"@type":"ReadAction","target":["http:\/\/www.armanami.org\/blog\/actorul-de-origine-aromana-ion-caramitru-fostul-locotenent-de-securitate-eugen-tiberiu-popescu-si-identitatea-etnica-a-aromanilor\/"]}]},{"@type":"BreadcrumbList","@id":"http:\/\/www.armanami.org\/blog\/actorul-de-origine-aromana-ion-caramitru-fostul-locotenent-de-securitate-eugen-tiberiu-popescu-si-identitatea-etnica-a-aromanilor\/#breadcrumb","itemListElement":[{"@type":"ListItem","position":1,"name":"Home","item":"http:\/\/www.armanami.org\/blog\/"},{"@type":"ListItem","position":2,"name":"Pactul de colaborare \u00eentre Institutul \u201eEudoxiu Hurmuzachi\u201d \u0219i Societatea de Cultur\u0103 Macedo-Rom\u00e2n\u0103 : Cine este Eugen Tiberiu Popescu? (HabAr, 19.04.2016)"}]},{"@type":"WebSite","@id":"http:\/\/www.armanami.org\/blog\/#website","url":"http:\/\/www.armanami.org\/blog\/","name":"TRA ARMANAMI","description":"Habari di la armanj luati sh&#039;la armanj dati","potentialAction":[{"@type":"SearchAction","target":{"@type":"EntryPoint","urlTemplate":"http:\/\/www.armanami.org\/blog\/?s={search_term_string}"},"query-input":{"@type":"PropertyValueSpecification","valueRequired":true,"valueName":"search_term_string"}}],"inLanguage":"en-US"},{"@type":"Person","@id":"http:\/\/www.armanami.org\/blog\/#\/schema\/person\/ad77560a1599935b2285ac8a40e4cf91","name":"Editeur","image":{"@type":"ImageObject","inLanguage":"en-US","@id":"http:\/\/www.armanami.org\/blog\/#\/schema\/person\/image\/","url":"https:\/\/secure.gravatar.com\/avatar\/761ad11672a7683bd0716727a6d2194cdbca97ae70d1f58d1e090e55c4007ae7?s=96&d=mm&r=g","contentUrl":"https:\/\/secure.gravatar.com\/avatar\/761ad11672a7683bd0716727a6d2194cdbca97ae70d1f58d1e090e55c4007ae7?s=96&d=mm&r=g","caption":"Editeur"},"url":"http:\/\/www.armanami.org\/blog\/author\/editeur\/"}]}},"_links":{"self":[{"href":"http:\/\/www.armanami.org\/blog\/wp-json\/wp\/v2\/posts\/873","targetHints":{"allow":["GET"]}}],"collection":[{"href":"http:\/\/www.armanami.org\/blog\/wp-json\/wp\/v2\/posts"}],"about":[{"href":"http:\/\/www.armanami.org\/blog\/wp-json\/wp\/v2\/types\/post"}],"author":[{"embeddable":true,"href":"http:\/\/www.armanami.org\/blog\/wp-json\/wp\/v2\/users\/4"}],"replies":[{"embeddable":true,"href":"http:\/\/www.armanami.org\/blog\/wp-json\/wp\/v2\/comments?post=873"}],"version-history":[{"count":9,"href":"http:\/\/www.armanami.org\/blog\/wp-json\/wp\/v2\/posts\/873\/revisions"}],"predecessor-version":[{"id":1792,"href":"http:\/\/www.armanami.org\/blog\/wp-json\/wp\/v2\/posts\/873\/revisions\/1792"}],"wp:attachment":[{"href":"http:\/\/www.armanami.org\/blog\/wp-json\/wp\/v2\/media?parent=873"}],"wp:term":[{"taxonomy":"category","embeddable":true,"href":"http:\/\/www.armanami.org\/blog\/wp-json\/wp\/v2\/categories?post=873"},{"taxonomy":"post_tag","embeddable":true,"href":"http:\/\/www.armanami.org\/blog\/wp-json\/wp\/v2\/tags?post=873"}],"curies":[{"name":"wp","href":"https:\/\/api.w.org\/{rel}","templated":true}]}}