{"id":3834,"date":"2022-12-29T12:38:42","date_gmt":"2022-12-29T11:38:42","guid":{"rendered":"http:\/\/www.armanami.org\/blog\/?p=3834"},"modified":"2023-01-03T15:50:03","modified_gmt":"2023-01-03T14:50:03","slug":"florentina-costea-the-arman-aromanian-community-from-romania","status":"publish","type":"post","link":"http:\/\/www.armanami.org\/blog\/florentina-costea-the-arman-aromanian-community-from-romania\/","title":{"rendered":"Florentina Costea : The Arm\u00e2n\/Aromanian community from Romania"},"content":{"rendered":"\n<figure class=\"wp-block-image size-full is-resized\"><img loading=\"lazy\" decoding=\"async\" src=\"http:\/\/www.armanami.org\/blog\/wp-content\/uploads\/2022\/12\/zilele-culturii.png\" alt=\"\" class=\"wp-image-3853\" width=\"359\" height=\"251\" srcset=\"http:\/\/www.armanami.org\/blog\/wp-content\/uploads\/2022\/12\/zilele-culturii.png 717w, http:\/\/www.armanami.org\/blog\/wp-content\/uploads\/2022\/12\/zilele-culturii-300x210.png 300w\" sizes=\"auto, (max-width: 359px) 100vw, 359px\" \/><\/figure>\n\n\n\n<p>\u00abComunitatea arom\u00e2n\u0103 din Rom\u00e2nia&nbsp;\u00bb&nbsp;: acesta este titlul interven\u021biei \u00een englez\u0103 a Florentinei Costea la&nbsp;&nbsp;seminarul organizat anul trecut de Centrul interna\u021bional pentru minorit\u0103\u021bi Convivenza la M\u00fcstair, \u00een Elve\u021bia,&nbsp;&nbsp;pe tema \u00eembun\u0103t\u0103\u021birii vie\u021bii \u0219i institu\u021biilor popoarelor autohtone f\u0103r\u0103 stat propriu \u00een Europa.&nbsp;35 de exper\u021bi din 15 \u021b\u0103ri europene, reprezent\u00e2nd o duzin\u0103 de comunit\u0103\u021bi culturale \u0219i lingvistice f\u0103r\u0103 stat propriu au participat la seminar. Prinre aceste popoare autohtone\/comunit\u0103\u021bi culturale \u0219i lingvistice se num\u0103r\u0103 \u0219i arom\u00e2nii. Despre ei au intervenit, \u00een afar\u0103 de Florentina Costea, Nicolas Caracota, Kristo Goci si S. Bletsas.&nbsp;&nbsp;&nbsp;Actele seminarului au fost publicate \u00een cartea ap\u0103rut\u0103 anul acesta cu titlul&nbsp;<em>Innovation and Learning to Manage Diversity in Governance<\/em>,&nbsp;&nbsp;Raoul Blindenbacher (ed.).<\/p>\n\n\n\n<p>The hallmark of an inclusive society is the respect and active accommodation of linguistic diversity; this is one of the keys to countering intolerance and racism. Embracing language rights is a clear step towards promoting tolerance and intercultural dialogue, as well as building stronger foundations for continuing respect for diversity. In inclusive societies, individual identity as well as national identity are important: neither excludes the other.&nbsp;<\/p>\n\n\n\n<p>Similar to other minority languages, the Arm\u00e2n\/Aromanian language is under threat of significant decline or disappearance due to such factors as the dominance of national and international languages, processes of assimilation, and a significant decline in language users. It is the language of a vivid culture, although it is spoken less and less as it does not have the proper means of promotion, ie a real language policy. The Arm\u00e2n\/Aromanian language needs a coherent language and cultural policy to survive. The language has been in literary use since the 18th century. Its first grammar was published in 1813 and since then many textbooks, dictionaries and publications have been published in order to preserve the cultural heritage and the language.&nbsp;<\/p>\n\n\n\n<!--more-->\n\n\n\n<p>In Romania, the most representative association of the Arm\u00e2ns\/Aromanians is \u00abThe Arm\u00e2n\/Aromanian Community from Romania\u00bb, called \u00abFara Arm\u00e2neasc\u00e2 dit Rom\u00e2nia\u00bb\/\u00abComunitatea Arm\u00e2n\u0103 din Rom\u00e2nia\u00bb (ACR), an NGO founded in 1991 that counts over 6.500 members out of the 27,000 Aromanians officially recorded in the 2001 census, organized in six subsidiaries with juridical competence: Bucharest city and Constan\u0163a, C\u0103l\u0103ra\u015fi, Ialomi\u0163a, Tulcea and Timi\u015f districts.&nbsp;<\/p>\n\n\n\n<p>The core aim of this NGO is to maintain and develop the Arm\u00e2n\/Aromanian language, traditions and all the Arm\u00e2n\/Aromanian culturally and spiritually specific features. Furthermore, ACR aims to facilitate contacts and connections between the Arm\u00e2ns\/Aromanians living in different communities within their entire original space in the Balkan Peninsula, as well as with other Arm\u00e2n\/Aromanian communities in other states.&nbsp;<\/p>\n\n\n\n<p>To the same effect, one main objective is to access help from the public authorities regarding the following: the training of Arm\u00e2n\/Aromanian language teachers and the introduction of the Arm\u00e2n\/Aromanian language in schools as a mother tongue; the use of Arm\u00e2n\/Aromanian language in religious services; access to mass media and editing books, journals and news- papers in the Arm\u00e2n\/Aromanian language.&nbsp;<\/p>\n\n\n\n<p>20 years after the adoption of the \u00abRecommendation 1333\/1997 on the Ar manian culture and language\u00bb by the Parliamentary Assembly of the Council of Europe, in 2017 the Arm\u00e2ns\/Aromanians were still finding themselves under the threat of disappearance as a distinct people. The Arm\u00e2n\/ Aromanian language needs support in order to encourage the young people from our community to learn their mother tongue. It is known that the language has a crucial role in that it is the key to classroom communication and consequently to pupils\u2019 acquisition of knowledge. There are various ways in which bilingualism in children can be supported by education systems.&nbsp;<\/p>\n\n\n\n<p>Over the past few years, several representatives of \u00abThe Arm\u00e2n\/Aromanian Community from Romania Association\u00bb have attended the events organized by the CONVIVENZA Foundation in Disentis and Scuol, and the latest one organized in M\u00fcstair, Switzerland in October 2021, in collaboration with EURAC Research. With each of these events, we expanded our knowledge about the \u00ablanguage rights\u00bb domain, made visible the problems of our community, discovered similarities with the situations of other small communities from different European countries, or identified examples of good practice.&nbsp;<\/p>\n\n\n\n<p>The seminar organized in M\u00fcstair was distinguished by the methodology used, which led in a very logical way to the identification of the major problems specific to small communities, but also to the concrete measures to be followed in order to address them. We were impressed by the quality of the results obtained within the diverse groups, as well as by the quality of the discussions held during the reflection moments.&nbsp;<\/p>\n\n\n\n<p>Based on the knowledge acquired during the seminar, our organization decided to implement a series of the measures discussed in M\u00fcstair. Some of them will require a mid to long-term strategy, but several others can be put into practice in a much shorter period.&nbsp;<\/p>\n\n\n\n<p>Thus, we are committed to:&nbsp;<\/p>\n\n\n\n<p>\u2013 &nbsp;continuing to support the educational programs\/activities for children;&nbsp;<\/p>\n\n\n\n<p>\u2013 &nbsp;continuing to increase the presence and visibility of our language in the \u00abdigital world\u00bb. We will do this as follows: first, we we will contact Facebook in order to have the menu also available in the Arm\u00e2n\/Aromanian language; second, we will disseminate to a large extent the e-learning platform developed within \u00abAnveats\u00e2 Arm\u00e2neashti\u00bb, called \u00abLearn Aromanian\u00bb; third, we will create a weekly podcast in our language, transmitted live on Facebook, to which young people from several countries will be invited, as well as well-known personalities from the community;&nbsp;<\/p>\n\n\n\n<p>\u2013 &nbsp;further developing appropriate educational resources in our language;&nbsp;<\/p>\n\n\n\n<p>\u2013 &nbsp;increasing the dialog with the local authorities, emphasizing the practices that are valid at the EU level and the provisions mentioned in documents focused on language rights;&nbsp;<\/p>\n\n\n\n<p>\u2013 developing a coherent cooperation strategy at the local, regional, and international level;&nbsp;<\/p>\n\n\n\n<p>\u2013 &nbsp;taking inspiration from other good practice models developed by similar small communities;&nbsp;<\/p>\n\n\n\n<p>\u2013 &nbsp;and finally, diversifying the fundraising alternatives.&nbsp;<\/p>\n","protected":false},"excerpt":{"rendered":"<p>\u00abComunitatea arom\u00e2n\u0103 din Rom\u00e2nia&nbsp;\u00bb&nbsp;: acesta este titlul interven\u021biei \u00een englez\u0103 a Florentinei Costea la&nbsp;&nbsp;seminarul organizat anul trecut de Centrul interna\u021bional pentru minorit\u0103\u021bi Convivenza la M\u00fcstair, \u00een Elve\u021bia,&nbsp;&nbsp;pe tema \u00eembun\u0103t\u0103\u021birii vie\u021bii \u0219i institu\u021biilor popoarelor autohtone f\u0103r\u0103 stat propriu \u00een Europa.&nbsp;35 de exper\u021bi din 15 \u021b\u0103ri europene, reprezent\u00e2nd o duzin\u0103 de comunit\u0103\u021bi culturale \u0219i lingvistice f\u0103r\u0103 stat [&hellip;]<\/p>\n","protected":false},"author":4,"featured_media":0,"comment_status":"open","ping_status":"open","sticky":false,"template":"","format":"standard","meta":{"_monsterinsights_skip_tracking":false,"_monsterinsights_sitenote_active":false,"_monsterinsights_sitenote_note":"","_monsterinsights_sitenote_category":0,"footnotes":""},"categories":[3],"tags":[],"class_list":["post-3834","post","type-post","status-publish","format-standard","hentry","category-habari-news"],"yoast_head":"<!-- This site is optimized with the Yoast SEO plugin v25.4 - https:\/\/yoast.com\/wordpress\/plugins\/seo\/ -->\n<title>Florentina Costea : The Arm\u00e2n\/Aromanian community from Romania - TRA ARMANAMI<\/title>\n<meta name=\"robots\" content=\"index, follow, max-snippet:-1, max-image-preview:large, max-video-preview:-1\" \/>\n<link rel=\"canonical\" href=\"http:\/\/www.armanami.org\/blog\/florentina-costea-the-arman-aromanian-community-from-romania\/\" \/>\n<meta property=\"og:locale\" content=\"en_US\" \/>\n<meta property=\"og:type\" content=\"article\" \/>\n<meta property=\"og:title\" content=\"Florentina Costea : The Arm\u00e2n\/Aromanian community from Romania - TRA ARMANAMI\" \/>\n<meta property=\"og:description\" content=\"\u00abComunitatea arom\u00e2n\u0103 din Rom\u00e2nia&nbsp;\u00bb&nbsp;: acesta este titlul interven\u021biei \u00een englez\u0103 a Florentinei Costea la&nbsp;&nbsp;seminarul organizat anul trecut de Centrul interna\u021bional pentru minorit\u0103\u021bi Convivenza la M\u00fcstair, \u00een Elve\u021bia,&nbsp;&nbsp;pe tema \u00eembun\u0103t\u0103\u021birii vie\u021bii \u0219i institu\u021biilor popoarelor autohtone f\u0103r\u0103 stat propriu \u00een Europa.&nbsp;35 de exper\u021bi din 15 \u021b\u0103ri europene, reprezent\u00e2nd o duzin\u0103 de comunit\u0103\u021bi culturale \u0219i lingvistice f\u0103r\u0103 stat [&hellip;]\" \/>\n<meta property=\"og:url\" content=\"http:\/\/www.armanami.org\/blog\/florentina-costea-the-arman-aromanian-community-from-romania\/\" \/>\n<meta property=\"og:site_name\" content=\"TRA ARMANAMI\" \/>\n<meta property=\"article:published_time\" content=\"2022-12-29T11:38:42+00:00\" \/>\n<meta property=\"article:modified_time\" content=\"2023-01-03T14:50:03+00:00\" \/>\n<meta property=\"og:image\" content=\"http:\/\/www.armanami.org\/blog\/wp-content\/uploads\/2022\/12\/zilele-culturii.png\" \/>\n<meta name=\"author\" content=\"Editeur\" \/>\n<meta name=\"twitter:card\" content=\"summary_large_image\" \/>\n<meta name=\"twitter:label1\" content=\"Written by\" \/>\n\t<meta name=\"twitter:data1\" content=\"Editeur\" \/>\n\t<meta name=\"twitter:label2\" content=\"Est. reading time\" \/>\n\t<meta name=\"twitter:data2\" content=\"5 minutes\" \/>\n<script type=\"application\/ld+json\" class=\"yoast-schema-graph\">{\"@context\":\"https:\/\/schema.org\",\"@graph\":[{\"@type\":\"WebPage\",\"@id\":\"http:\/\/www.armanami.org\/blog\/florentina-costea-the-arman-aromanian-community-from-romania\/\",\"url\":\"http:\/\/www.armanami.org\/blog\/florentina-costea-the-arman-aromanian-community-from-romania\/\",\"name\":\"Florentina Costea : The Arm\u00e2n\/Aromanian community from Romania - TRA ARMANAMI\",\"isPartOf\":{\"@id\":\"http:\/\/www.armanami.org\/blog\/#website\"},\"primaryImageOfPage\":{\"@id\":\"http:\/\/www.armanami.org\/blog\/florentina-costea-the-arman-aromanian-community-from-romania\/#primaryimage\"},\"image\":{\"@id\":\"http:\/\/www.armanami.org\/blog\/florentina-costea-the-arman-aromanian-community-from-romania\/#primaryimage\"},\"thumbnailUrl\":\"http:\/\/www.armanami.org\/blog\/wp-content\/uploads\/2022\/12\/zilele-culturii.png\",\"datePublished\":\"2022-12-29T11:38:42+00:00\",\"dateModified\":\"2023-01-03T14:50:03+00:00\",\"author\":{\"@id\":\"http:\/\/www.armanami.org\/blog\/#\/schema\/person\/ad77560a1599935b2285ac8a40e4cf91\"},\"breadcrumb\":{\"@id\":\"http:\/\/www.armanami.org\/blog\/florentina-costea-the-arman-aromanian-community-from-romania\/#breadcrumb\"},\"inLanguage\":\"en-US\",\"potentialAction\":[{\"@type\":\"ReadAction\",\"target\":[\"http:\/\/www.armanami.org\/blog\/florentina-costea-the-arman-aromanian-community-from-romania\/\"]}]},{\"@type\":\"ImageObject\",\"inLanguage\":\"en-US\",\"@id\":\"http:\/\/www.armanami.org\/blog\/florentina-costea-the-arman-aromanian-community-from-romania\/#primaryimage\",\"url\":\"http:\/\/www.armanami.org\/blog\/wp-content\/uploads\/2022\/12\/zilele-culturii.png\",\"contentUrl\":\"http:\/\/www.armanami.org\/blog\/wp-content\/uploads\/2022\/12\/zilele-culturii.png\",\"width\":717,\"height\":502},{\"@type\":\"BreadcrumbList\",\"@id\":\"http:\/\/www.armanami.org\/blog\/florentina-costea-the-arman-aromanian-community-from-romania\/#breadcrumb\",\"itemListElement\":[{\"@type\":\"ListItem\",\"position\":1,\"name\":\"Home\",\"item\":\"http:\/\/www.armanami.org\/blog\/\"},{\"@type\":\"ListItem\",\"position\":2,\"name\":\"Florentina Costea : The Arm\u00e2n\/Aromanian community from Romania\"}]},{\"@type\":\"WebSite\",\"@id\":\"http:\/\/www.armanami.org\/blog\/#website\",\"url\":\"http:\/\/www.armanami.org\/blog\/\",\"name\":\"TRA ARMANAMI\",\"description\":\"Habari di la armanj luati sh&#039;la armanj dati\",\"potentialAction\":[{\"@type\":\"SearchAction\",\"target\":{\"@type\":\"EntryPoint\",\"urlTemplate\":\"http:\/\/www.armanami.org\/blog\/?s={search_term_string}\"},\"query-input\":{\"@type\":\"PropertyValueSpecification\",\"valueRequired\":true,\"valueName\":\"search_term_string\"}}],\"inLanguage\":\"en-US\"},{\"@type\":\"Person\",\"@id\":\"http:\/\/www.armanami.org\/blog\/#\/schema\/person\/ad77560a1599935b2285ac8a40e4cf91\",\"name\":\"Editeur\",\"image\":{\"@type\":\"ImageObject\",\"inLanguage\":\"en-US\",\"@id\":\"http:\/\/www.armanami.org\/blog\/#\/schema\/person\/image\/\",\"url\":\"https:\/\/secure.gravatar.com\/avatar\/761ad11672a7683bd0716727a6d2194cdbca97ae70d1f58d1e090e55c4007ae7?s=96&d=mm&r=g\",\"contentUrl\":\"https:\/\/secure.gravatar.com\/avatar\/761ad11672a7683bd0716727a6d2194cdbca97ae70d1f58d1e090e55c4007ae7?s=96&d=mm&r=g\",\"caption\":\"Editeur\"},\"url\":\"http:\/\/www.armanami.org\/blog\/author\/editeur\/\"}]}<\/script>\n<!-- \/ Yoast SEO plugin. -->","yoast_head_json":{"title":"Florentina Costea : The Arm\u00e2n\/Aromanian community from Romania - TRA ARMANAMI","robots":{"index":"index","follow":"follow","max-snippet":"max-snippet:-1","max-image-preview":"max-image-preview:large","max-video-preview":"max-video-preview:-1"},"canonical":"http:\/\/www.armanami.org\/blog\/florentina-costea-the-arman-aromanian-community-from-romania\/","og_locale":"en_US","og_type":"article","og_title":"Florentina Costea : The Arm\u00e2n\/Aromanian community from Romania - TRA ARMANAMI","og_description":"\u00abComunitatea arom\u00e2n\u0103 din Rom\u00e2nia&nbsp;\u00bb&nbsp;: acesta este titlul interven\u021biei \u00een englez\u0103 a Florentinei Costea la&nbsp;&nbsp;seminarul organizat anul trecut de Centrul interna\u021bional pentru minorit\u0103\u021bi Convivenza la M\u00fcstair, \u00een Elve\u021bia,&nbsp;&nbsp;pe tema \u00eembun\u0103t\u0103\u021birii vie\u021bii \u0219i institu\u021biilor popoarelor autohtone f\u0103r\u0103 stat propriu \u00een Europa.&nbsp;35 de exper\u021bi din 15 \u021b\u0103ri europene, reprezent\u00e2nd o duzin\u0103 de comunit\u0103\u021bi culturale \u0219i lingvistice f\u0103r\u0103 stat [&hellip;]","og_url":"http:\/\/www.armanami.org\/blog\/florentina-costea-the-arman-aromanian-community-from-romania\/","og_site_name":"TRA ARMANAMI","article_published_time":"2022-12-29T11:38:42+00:00","article_modified_time":"2023-01-03T14:50:03+00:00","og_image":[{"url":"http:\/\/www.armanami.org\/blog\/wp-content\/uploads\/2022\/12\/zilele-culturii.png","type":"","width":"","height":""}],"author":"Editeur","twitter_card":"summary_large_image","twitter_misc":{"Written by":"Editeur","Est. reading time":"5 minutes"},"schema":{"@context":"https:\/\/schema.org","@graph":[{"@type":"WebPage","@id":"http:\/\/www.armanami.org\/blog\/florentina-costea-the-arman-aromanian-community-from-romania\/","url":"http:\/\/www.armanami.org\/blog\/florentina-costea-the-arman-aromanian-community-from-romania\/","name":"Florentina Costea : The Arm\u00e2n\/Aromanian community from Romania - TRA ARMANAMI","isPartOf":{"@id":"http:\/\/www.armanami.org\/blog\/#website"},"primaryImageOfPage":{"@id":"http:\/\/www.armanami.org\/blog\/florentina-costea-the-arman-aromanian-community-from-romania\/#primaryimage"},"image":{"@id":"http:\/\/www.armanami.org\/blog\/florentina-costea-the-arman-aromanian-community-from-romania\/#primaryimage"},"thumbnailUrl":"http:\/\/www.armanami.org\/blog\/wp-content\/uploads\/2022\/12\/zilele-culturii.png","datePublished":"2022-12-29T11:38:42+00:00","dateModified":"2023-01-03T14:50:03+00:00","author":{"@id":"http:\/\/www.armanami.org\/blog\/#\/schema\/person\/ad77560a1599935b2285ac8a40e4cf91"},"breadcrumb":{"@id":"http:\/\/www.armanami.org\/blog\/florentina-costea-the-arman-aromanian-community-from-romania\/#breadcrumb"},"inLanguage":"en-US","potentialAction":[{"@type":"ReadAction","target":["http:\/\/www.armanami.org\/blog\/florentina-costea-the-arman-aromanian-community-from-romania\/"]}]},{"@type":"ImageObject","inLanguage":"en-US","@id":"http:\/\/www.armanami.org\/blog\/florentina-costea-the-arman-aromanian-community-from-romania\/#primaryimage","url":"http:\/\/www.armanami.org\/blog\/wp-content\/uploads\/2022\/12\/zilele-culturii.png","contentUrl":"http:\/\/www.armanami.org\/blog\/wp-content\/uploads\/2022\/12\/zilele-culturii.png","width":717,"height":502},{"@type":"BreadcrumbList","@id":"http:\/\/www.armanami.org\/blog\/florentina-costea-the-arman-aromanian-community-from-romania\/#breadcrumb","itemListElement":[{"@type":"ListItem","position":1,"name":"Home","item":"http:\/\/www.armanami.org\/blog\/"},{"@type":"ListItem","position":2,"name":"Florentina Costea : The Arm\u00e2n\/Aromanian community from Romania"}]},{"@type":"WebSite","@id":"http:\/\/www.armanami.org\/blog\/#website","url":"http:\/\/www.armanami.org\/blog\/","name":"TRA ARMANAMI","description":"Habari di la armanj luati sh&#039;la armanj dati","potentialAction":[{"@type":"SearchAction","target":{"@type":"EntryPoint","urlTemplate":"http:\/\/www.armanami.org\/blog\/?s={search_term_string}"},"query-input":{"@type":"PropertyValueSpecification","valueRequired":true,"valueName":"search_term_string"}}],"inLanguage":"en-US"},{"@type":"Person","@id":"http:\/\/www.armanami.org\/blog\/#\/schema\/person\/ad77560a1599935b2285ac8a40e4cf91","name":"Editeur","image":{"@type":"ImageObject","inLanguage":"en-US","@id":"http:\/\/www.armanami.org\/blog\/#\/schema\/person\/image\/","url":"https:\/\/secure.gravatar.com\/avatar\/761ad11672a7683bd0716727a6d2194cdbca97ae70d1f58d1e090e55c4007ae7?s=96&d=mm&r=g","contentUrl":"https:\/\/secure.gravatar.com\/avatar\/761ad11672a7683bd0716727a6d2194cdbca97ae70d1f58d1e090e55c4007ae7?s=96&d=mm&r=g","caption":"Editeur"},"url":"http:\/\/www.armanami.org\/blog\/author\/editeur\/"}]}},"_links":{"self":[{"href":"http:\/\/www.armanami.org\/blog\/wp-json\/wp\/v2\/posts\/3834","targetHints":{"allow":["GET"]}}],"collection":[{"href":"http:\/\/www.armanami.org\/blog\/wp-json\/wp\/v2\/posts"}],"about":[{"href":"http:\/\/www.armanami.org\/blog\/wp-json\/wp\/v2\/types\/post"}],"author":[{"embeddable":true,"href":"http:\/\/www.armanami.org\/blog\/wp-json\/wp\/v2\/users\/4"}],"replies":[{"embeddable":true,"href":"http:\/\/www.armanami.org\/blog\/wp-json\/wp\/v2\/comments?post=3834"}],"version-history":[{"count":6,"href":"http:\/\/www.armanami.org\/blog\/wp-json\/wp\/v2\/posts\/3834\/revisions"}],"predecessor-version":[{"id":3879,"href":"http:\/\/www.armanami.org\/blog\/wp-json\/wp\/v2\/posts\/3834\/revisions\/3879"}],"wp:attachment":[{"href":"http:\/\/www.armanami.org\/blog\/wp-json\/wp\/v2\/media?parent=3834"}],"wp:term":[{"taxonomy":"category","embeddable":true,"href":"http:\/\/www.armanami.org\/blog\/wp-json\/wp\/v2\/categories?post=3834"},{"taxonomy":"post_tag","embeddable":true,"href":"http:\/\/www.armanami.org\/blog\/wp-json\/wp\/v2\/tags?post=3834"}],"curies":[{"name":"wp","href":"https:\/\/api.w.org\/{rel}","templated":true}]}}