{"id":3807,"date":"2022-12-07T11:40:59","date_gmt":"2022-12-07T10:40:59","guid":{"rendered":"http:\/\/www.armanami.org\/blog\/?p=3807"},"modified":"2023-01-02T14:51:55","modified_gmt":"2023-01-02T13:51:55","slug":"raoul-blindenbacher-welcome-presentation-on-the-first-beldrade-conference-on-armans","status":"publish","type":"post","link":"http:\/\/www.armanami.org\/blog\/raoul-blindenbacher-welcome-presentation-on-the-first-beldrade-conference-on-armans\/","title":{"rendered":"Raoul Blindenbacher\u00a0:\u00a0Welcome presentation on the first Belgrade conference on Arm\u00e3ns"},"content":{"rendered":"\n<figure class=\"wp-block-image size-full is-resized\"><img loading=\"lazy\" decoding=\"async\" src=\"http:\/\/www.armanami.org\/blog\/wp-content\/uploads\/2022\/12\/Conivenza.png\" alt=\"\" class=\"wp-image-3808\" width=\"476\" height=\"159\" srcset=\"http:\/\/www.armanami.org\/blog\/wp-content\/uploads\/2022\/12\/Conivenza.png 951w, http:\/\/www.armanami.org\/blog\/wp-content\/uploads\/2022\/12\/Conivenza-300x100.png 300w, http:\/\/www.armanami.org\/blog\/wp-content\/uploads\/2022\/12\/Conivenza-768x256.png 768w\" sizes=\"auto, (max-width: 476px) 100vw, 476px\" \/><\/figure>\n\n\n\n<p>Dear Lila Cona, President of the Arm\u00e3n PEN Centre,&nbsp;<\/p>\n\n\n\n<p>Dear ladies, and gentlemen,&nbsp;<\/p>\n\n\n\n<p>In the name of the Board of Directors of the Convivenza Foundation, the International Centre of Minorities, it is my great honour to welcome you to the First Belgrade Conference on ARM\u00c3NS in Belgrade, Serbia. With pleasure the foundation agreed to jointly organize this important event with the Arm\u00e3n PEN Centre! At this occasion I would like to give my special gratitude to my friend Lila Cona, President of the Arm\u00e3n PEN Centre, for the excellent collaboration in the making of this conference.<\/p>\n\n\n\n<!--more-->\n\n\n\n<p>In the name of the Board of Directors of the Convivenza Foundation, the International Centre of Minorities, it is my great honour to welcome you to the First Belgrade Conference on ARM\u00c3NS in Belgrade, Serbia. With pleasure the foundation agreed to jointly organize this important event with the Arm\u00e3n PEN Centre! At this occasion I would like to give my special gratitude to my friend Lila Cona, President of the Arm\u00e3n PEN Centre, for the excellent collaboration in the making of this conference.<\/p>\n\n\n\n<p>As you can imagine, I would have greatly wished to be with you today, and please accept my deepest regrets and apology not to be present. The good news, however, is that the Vice President and founding father of the Convivenza Foundation, Romedi Arquint, is participating at the event and will share with you his rich and livelong experiences about diversity and minorities in general as well as the foundations views.<\/p>\n\n\n\n<p>To begin with, let me felicitate the Arm\u00e3n PEN Centre to become a full member of PEN International, an amazing organization dedicated to defending free expression, protecting writers at risks, and promoting linguistic rights \u2013 just to mention a few objectives of the PEN Charter. These are all objectives, which highly overlap with the Convivenza deeds, in which the foundation declares its fundamental conviction to actively engage to improve cultural, linguistic, and religious minority rights worldwide.<\/p>\n\n\n\n<p>For fifteen years by now, the Convivenza Foundation became a recognized international non-profit organization by Swiss law, offering non-partisan expertise and a dialogue platform to develop and implement solutions for minority and diversity issues, so far mainly in Europe. The Foundation operates based on the Governmental Learning Spiral, a method that enhances solution finding for diversity and minority challenges through innovation and learning. It does this by organizing results-based roundtables, workshops and conferences grounded on the organizations method as well as by publishing the results of these events in the foundations very own book series.<\/p>\n\n\n\n<p>However, by doing so, we are fully aware, that improving minorities lives and institutions is only possible, if there are people and associations who are ready to speak out publicly and to write about injustice and discrimination in the first place. As we all know, to do so, requires a high amount of courage and in some places even the readiness to put an individual\u2019s own life at risk. We therefore applaud organizations like the International PEN Centres, who engage themselves and support such brave persons and groups.<\/p>\n\n\n\n<p>Today\u2019s conference is a follow-up event of a seminar about \u00abthe protection of autochthonous people without their own state\u00ab organized by the Convivenza Foundation, in&nbsp;<a>M\u00fcstair<\/a>, Switzerland, almost a year ago. The seminar was organized in collaboration with EURAC Research and conducted under the auspice of the Council of Europe and the Congress of Local and Regional Authorities. The results of the seminar were summarized in the M\u00fcstair Declaration, which I warmly recommend reading at the foundations website. They will be also published in Volume 6 of the foundations book series shortly, a publication we are happy to share with you when asked for.<\/p>\n\n\n\n<p>To conclude my short welcome remarks, I would like to underline the Convivenza Foundations willingness to continue to collaborate with the PEN Centres in our joint conviction to secure the linguistic, religious, and cultural rights of small communities in speaking, writing and foremost action.&nbsp;<\/p>\n\n\n\n<p>I therefore wish you fruitful and lively discussions in the upcoming three conference days and send you my very best regards,<\/p>\n\n\n\n<p>sincerely yours,&nbsp;<\/p>\n\n\n\n<p>Raoul Blindenbacher<\/p>\n","protected":false},"excerpt":{"rendered":"<p>Dear Lila Cona, President of the Arm\u00e3n PEN Centre,&nbsp; Dear ladies, and gentlemen,&nbsp; In the name of the Board of Directors of the Convivenza Foundation, the International Centre of Minorities, it is my great honour to welcome you to the First Belgrade Conference on ARM\u00c3NS in Belgrade, Serbia. With pleasure the foundation agreed to jointly [&hellip;]<\/p>\n","protected":false},"author":4,"featured_media":0,"comment_status":"open","ping_status":"open","sticky":false,"template":"","format":"standard","meta":{"_monsterinsights_skip_tracking":false,"_monsterinsights_sitenote_active":false,"_monsterinsights_sitenote_note":"","_monsterinsights_sitenote_category":0,"footnotes":""},"categories":[3],"tags":[],"class_list":["post-3807","post","type-post","status-publish","format-standard","hentry","category-habari-news"],"yoast_head":"<!-- This site is optimized with the Yoast SEO plugin v25.4 - https:\/\/yoast.com\/wordpress\/plugins\/seo\/ -->\n<title>Raoul Blindenbacher\u00a0:\u00a0Welcome presentation on the first Belgrade conference on Arm\u00e3ns - TRA ARMANAMI<\/title>\n<meta name=\"robots\" content=\"index, follow, max-snippet:-1, max-image-preview:large, max-video-preview:-1\" \/>\n<link rel=\"canonical\" href=\"http:\/\/www.armanami.org\/blog\/raoul-blindenbacher-welcome-presentation-on-the-first-beldrade-conference-on-armans\/\" \/>\n<meta property=\"og:locale\" content=\"en_US\" \/>\n<meta property=\"og:type\" content=\"article\" \/>\n<meta property=\"og:title\" content=\"Raoul Blindenbacher\u00a0:\u00a0Welcome presentation on the first Belgrade conference on Arm\u00e3ns - TRA ARMANAMI\" \/>\n<meta property=\"og:description\" content=\"Dear Lila Cona, President of the Arm\u00e3n PEN Centre,&nbsp; Dear ladies, and gentlemen,&nbsp; In the name of the Board of Directors of the Convivenza Foundation, the International Centre of Minorities, it is my great honour to welcome you to the First Belgrade Conference on ARM\u00c3NS in Belgrade, Serbia. With pleasure the foundation agreed to jointly [&hellip;]\" \/>\n<meta property=\"og:url\" content=\"http:\/\/www.armanami.org\/blog\/raoul-blindenbacher-welcome-presentation-on-the-first-beldrade-conference-on-armans\/\" \/>\n<meta property=\"og:site_name\" content=\"TRA ARMANAMI\" \/>\n<meta property=\"article:published_time\" content=\"2022-12-07T10:40:59+00:00\" \/>\n<meta property=\"article:modified_time\" content=\"2023-01-02T13:51:55+00:00\" \/>\n<meta property=\"og:image\" content=\"http:\/\/www.armanami.org\/blog\/wp-content\/uploads\/2022\/12\/Conivenza.png\" \/>\n<meta name=\"author\" content=\"Editeur\" \/>\n<meta name=\"twitter:card\" content=\"summary_large_image\" \/>\n<meta name=\"twitter:label1\" content=\"Written by\" \/>\n\t<meta name=\"twitter:data1\" content=\"Editeur\" \/>\n\t<meta name=\"twitter:label2\" content=\"Est. reading time\" \/>\n\t<meta name=\"twitter:data2\" content=\"3 minutes\" \/>\n<script type=\"application\/ld+json\" class=\"yoast-schema-graph\">{\"@context\":\"https:\/\/schema.org\",\"@graph\":[{\"@type\":\"WebPage\",\"@id\":\"http:\/\/www.armanami.org\/blog\/raoul-blindenbacher-welcome-presentation-on-the-first-beldrade-conference-on-armans\/\",\"url\":\"http:\/\/www.armanami.org\/blog\/raoul-blindenbacher-welcome-presentation-on-the-first-beldrade-conference-on-armans\/\",\"name\":\"Raoul Blindenbacher\u00a0:\u00a0Welcome presentation on the first Belgrade conference on Arm\u00e3ns - TRA ARMANAMI\",\"isPartOf\":{\"@id\":\"http:\/\/www.armanami.org\/blog\/#website\"},\"primaryImageOfPage\":{\"@id\":\"http:\/\/www.armanami.org\/blog\/raoul-blindenbacher-welcome-presentation-on-the-first-beldrade-conference-on-armans\/#primaryimage\"},\"image\":{\"@id\":\"http:\/\/www.armanami.org\/blog\/raoul-blindenbacher-welcome-presentation-on-the-first-beldrade-conference-on-armans\/#primaryimage\"},\"thumbnailUrl\":\"http:\/\/www.armanami.org\/blog\/wp-content\/uploads\/2022\/12\/Conivenza.png\",\"datePublished\":\"2022-12-07T10:40:59+00:00\",\"dateModified\":\"2023-01-02T13:51:55+00:00\",\"author\":{\"@id\":\"http:\/\/www.armanami.org\/blog\/#\/schema\/person\/ad77560a1599935b2285ac8a40e4cf91\"},\"breadcrumb\":{\"@id\":\"http:\/\/www.armanami.org\/blog\/raoul-blindenbacher-welcome-presentation-on-the-first-beldrade-conference-on-armans\/#breadcrumb\"},\"inLanguage\":\"en-US\",\"potentialAction\":[{\"@type\":\"ReadAction\",\"target\":[\"http:\/\/www.armanami.org\/blog\/raoul-blindenbacher-welcome-presentation-on-the-first-beldrade-conference-on-armans\/\"]}]},{\"@type\":\"ImageObject\",\"inLanguage\":\"en-US\",\"@id\":\"http:\/\/www.armanami.org\/blog\/raoul-blindenbacher-welcome-presentation-on-the-first-beldrade-conference-on-armans\/#primaryimage\",\"url\":\"http:\/\/www.armanami.org\/blog\/wp-content\/uploads\/2022\/12\/Conivenza.png\",\"contentUrl\":\"http:\/\/www.armanami.org\/blog\/wp-content\/uploads\/2022\/12\/Conivenza.png\",\"width\":951,\"height\":317},{\"@type\":\"BreadcrumbList\",\"@id\":\"http:\/\/www.armanami.org\/blog\/raoul-blindenbacher-welcome-presentation-on-the-first-beldrade-conference-on-armans\/#breadcrumb\",\"itemListElement\":[{\"@type\":\"ListItem\",\"position\":1,\"name\":\"Home\",\"item\":\"http:\/\/www.armanami.org\/blog\/\"},{\"@type\":\"ListItem\",\"position\":2,\"name\":\"Raoul Blindenbacher\u00a0:\u00a0Welcome presentation on the first Belgrade conference on Arm\u00e3ns\"}]},{\"@type\":\"WebSite\",\"@id\":\"http:\/\/www.armanami.org\/blog\/#website\",\"url\":\"http:\/\/www.armanami.org\/blog\/\",\"name\":\"TRA ARMANAMI\",\"description\":\"Habari di la armanj luati sh&#039;la armanj dati\",\"potentialAction\":[{\"@type\":\"SearchAction\",\"target\":{\"@type\":\"EntryPoint\",\"urlTemplate\":\"http:\/\/www.armanami.org\/blog\/?s={search_term_string}\"},\"query-input\":{\"@type\":\"PropertyValueSpecification\",\"valueRequired\":true,\"valueName\":\"search_term_string\"}}],\"inLanguage\":\"en-US\"},{\"@type\":\"Person\",\"@id\":\"http:\/\/www.armanami.org\/blog\/#\/schema\/person\/ad77560a1599935b2285ac8a40e4cf91\",\"name\":\"Editeur\",\"image\":{\"@type\":\"ImageObject\",\"inLanguage\":\"en-US\",\"@id\":\"http:\/\/www.armanami.org\/blog\/#\/schema\/person\/image\/\",\"url\":\"https:\/\/secure.gravatar.com\/avatar\/761ad11672a7683bd0716727a6d2194cdbca97ae70d1f58d1e090e55c4007ae7?s=96&d=mm&r=g\",\"contentUrl\":\"https:\/\/secure.gravatar.com\/avatar\/761ad11672a7683bd0716727a6d2194cdbca97ae70d1f58d1e090e55c4007ae7?s=96&d=mm&r=g\",\"caption\":\"Editeur\"},\"url\":\"http:\/\/www.armanami.org\/blog\/author\/editeur\/\"}]}<\/script>\n<!-- \/ Yoast SEO plugin. -->","yoast_head_json":{"title":"Raoul Blindenbacher\u00a0:\u00a0Welcome presentation on the first Belgrade conference on Arm\u00e3ns - TRA ARMANAMI","robots":{"index":"index","follow":"follow","max-snippet":"max-snippet:-1","max-image-preview":"max-image-preview:large","max-video-preview":"max-video-preview:-1"},"canonical":"http:\/\/www.armanami.org\/blog\/raoul-blindenbacher-welcome-presentation-on-the-first-beldrade-conference-on-armans\/","og_locale":"en_US","og_type":"article","og_title":"Raoul Blindenbacher\u00a0:\u00a0Welcome presentation on the first Belgrade conference on Arm\u00e3ns - TRA ARMANAMI","og_description":"Dear Lila Cona, President of the Arm\u00e3n PEN Centre,&nbsp; Dear ladies, and gentlemen,&nbsp; In the name of the Board of Directors of the Convivenza Foundation, the International Centre of Minorities, it is my great honour to welcome you to the First Belgrade Conference on ARM\u00c3NS in Belgrade, Serbia. With pleasure the foundation agreed to jointly [&hellip;]","og_url":"http:\/\/www.armanami.org\/blog\/raoul-blindenbacher-welcome-presentation-on-the-first-beldrade-conference-on-armans\/","og_site_name":"TRA ARMANAMI","article_published_time":"2022-12-07T10:40:59+00:00","article_modified_time":"2023-01-02T13:51:55+00:00","og_image":[{"url":"http:\/\/www.armanami.org\/blog\/wp-content\/uploads\/2022\/12\/Conivenza.png","type":"","width":"","height":""}],"author":"Editeur","twitter_card":"summary_large_image","twitter_misc":{"Written by":"Editeur","Est. reading time":"3 minutes"},"schema":{"@context":"https:\/\/schema.org","@graph":[{"@type":"WebPage","@id":"http:\/\/www.armanami.org\/blog\/raoul-blindenbacher-welcome-presentation-on-the-first-beldrade-conference-on-armans\/","url":"http:\/\/www.armanami.org\/blog\/raoul-blindenbacher-welcome-presentation-on-the-first-beldrade-conference-on-armans\/","name":"Raoul Blindenbacher\u00a0:\u00a0Welcome presentation on the first Belgrade conference on Arm\u00e3ns - TRA ARMANAMI","isPartOf":{"@id":"http:\/\/www.armanami.org\/blog\/#website"},"primaryImageOfPage":{"@id":"http:\/\/www.armanami.org\/blog\/raoul-blindenbacher-welcome-presentation-on-the-first-beldrade-conference-on-armans\/#primaryimage"},"image":{"@id":"http:\/\/www.armanami.org\/blog\/raoul-blindenbacher-welcome-presentation-on-the-first-beldrade-conference-on-armans\/#primaryimage"},"thumbnailUrl":"http:\/\/www.armanami.org\/blog\/wp-content\/uploads\/2022\/12\/Conivenza.png","datePublished":"2022-12-07T10:40:59+00:00","dateModified":"2023-01-02T13:51:55+00:00","author":{"@id":"http:\/\/www.armanami.org\/blog\/#\/schema\/person\/ad77560a1599935b2285ac8a40e4cf91"},"breadcrumb":{"@id":"http:\/\/www.armanami.org\/blog\/raoul-blindenbacher-welcome-presentation-on-the-first-beldrade-conference-on-armans\/#breadcrumb"},"inLanguage":"en-US","potentialAction":[{"@type":"ReadAction","target":["http:\/\/www.armanami.org\/blog\/raoul-blindenbacher-welcome-presentation-on-the-first-beldrade-conference-on-armans\/"]}]},{"@type":"ImageObject","inLanguage":"en-US","@id":"http:\/\/www.armanami.org\/blog\/raoul-blindenbacher-welcome-presentation-on-the-first-beldrade-conference-on-armans\/#primaryimage","url":"http:\/\/www.armanami.org\/blog\/wp-content\/uploads\/2022\/12\/Conivenza.png","contentUrl":"http:\/\/www.armanami.org\/blog\/wp-content\/uploads\/2022\/12\/Conivenza.png","width":951,"height":317},{"@type":"BreadcrumbList","@id":"http:\/\/www.armanami.org\/blog\/raoul-blindenbacher-welcome-presentation-on-the-first-beldrade-conference-on-armans\/#breadcrumb","itemListElement":[{"@type":"ListItem","position":1,"name":"Home","item":"http:\/\/www.armanami.org\/blog\/"},{"@type":"ListItem","position":2,"name":"Raoul Blindenbacher\u00a0:\u00a0Welcome presentation on the first Belgrade conference on Arm\u00e3ns"}]},{"@type":"WebSite","@id":"http:\/\/www.armanami.org\/blog\/#website","url":"http:\/\/www.armanami.org\/blog\/","name":"TRA ARMANAMI","description":"Habari di la armanj luati sh&#039;la armanj dati","potentialAction":[{"@type":"SearchAction","target":{"@type":"EntryPoint","urlTemplate":"http:\/\/www.armanami.org\/blog\/?s={search_term_string}"},"query-input":{"@type":"PropertyValueSpecification","valueRequired":true,"valueName":"search_term_string"}}],"inLanguage":"en-US"},{"@type":"Person","@id":"http:\/\/www.armanami.org\/blog\/#\/schema\/person\/ad77560a1599935b2285ac8a40e4cf91","name":"Editeur","image":{"@type":"ImageObject","inLanguage":"en-US","@id":"http:\/\/www.armanami.org\/blog\/#\/schema\/person\/image\/","url":"https:\/\/secure.gravatar.com\/avatar\/761ad11672a7683bd0716727a6d2194cdbca97ae70d1f58d1e090e55c4007ae7?s=96&d=mm&r=g","contentUrl":"https:\/\/secure.gravatar.com\/avatar\/761ad11672a7683bd0716727a6d2194cdbca97ae70d1f58d1e090e55c4007ae7?s=96&d=mm&r=g","caption":"Editeur"},"url":"http:\/\/www.armanami.org\/blog\/author\/editeur\/"}]}},"_links":{"self":[{"href":"http:\/\/www.armanami.org\/blog\/wp-json\/wp\/v2\/posts\/3807","targetHints":{"allow":["GET"]}}],"collection":[{"href":"http:\/\/www.armanami.org\/blog\/wp-json\/wp\/v2\/posts"}],"about":[{"href":"http:\/\/www.armanami.org\/blog\/wp-json\/wp\/v2\/types\/post"}],"author":[{"embeddable":true,"href":"http:\/\/www.armanami.org\/blog\/wp-json\/wp\/v2\/users\/4"}],"replies":[{"embeddable":true,"href":"http:\/\/www.armanami.org\/blog\/wp-json\/wp\/v2\/comments?post=3807"}],"version-history":[{"count":3,"href":"http:\/\/www.armanami.org\/blog\/wp-json\/wp\/v2\/posts\/3807\/revisions"}],"predecessor-version":[{"id":3869,"href":"http:\/\/www.armanami.org\/blog\/wp-json\/wp\/v2\/posts\/3807\/revisions\/3869"}],"wp:attachment":[{"href":"http:\/\/www.armanami.org\/blog\/wp-json\/wp\/v2\/media?parent=3807"}],"wp:term":[{"taxonomy":"category","embeddable":true,"href":"http:\/\/www.armanami.org\/blog\/wp-json\/wp\/v2\/categories?post=3807"},{"taxonomy":"post_tag","embeddable":true,"href":"http:\/\/www.armanami.org\/blog\/wp-json\/wp\/v2\/tags?post=3807"}],"curies":[{"name":"wp","href":"https:\/\/api.w.org\/{rel}","templated":true}]}}