{"id":3801,"date":"2022-12-07T08:47:12","date_gmt":"2022-12-07T07:47:12","guid":{"rendered":"http:\/\/www.armanami.org\/blog\/?p=3801"},"modified":"2022-12-07T08:50:11","modified_gmt":"2022-12-07T07:50:11","slug":"lila-cona-zvoru-di-ghinuiari-a-la-prota-conferentsa-di-beligradi-ti-armnjli","status":"publish","type":"post","link":"http:\/\/www.armanami.org\/blog\/lila-cona-zvoru-di-ghinuiari-a-la-prota-conferentsa-di-beligradi-ti-armnjli\/","title":{"rendered":"Lila Cona : zvoru di ghinuiari a la Prota Conferentsa di Beligradi ti armanjli"},"content":{"rendered":"\n<p><\/p>\n\n\n\n<figure class=\"wp-block-gallery has-nested-images columns-default is-cropped wp-block-gallery-1 is-layout-flex wp-block-gallery-is-layout-flex\">\n<figure class=\"wp-block-image size-large\"><img loading=\"lazy\" decoding=\"async\" width=\"1024\" height=\"361\" data-id=\"3799\" src=\"http:\/\/www.armanami.org\/blog\/wp-content\/uploads\/2022\/12\/LilaConaX-1024x361.png\" alt=\"\" class=\"wp-image-3799\" srcset=\"http:\/\/www.armanami.org\/blog\/wp-content\/uploads\/2022\/12\/LilaConaX-1024x361.png 1024w, http:\/\/www.armanami.org\/blog\/wp-content\/uploads\/2022\/12\/LilaConaX-300x106.png 300w, http:\/\/www.armanami.org\/blog\/wp-content\/uploads\/2022\/12\/LilaConaX-768x271.png 768w, http:\/\/www.armanami.org\/blog\/wp-content\/uploads\/2022\/12\/LilaConaX.png 1124w\" sizes=\"auto, (max-width: 1024px) 100vw, 1024px\" \/><\/figure>\n<\/figure>\n\n\n\n<p>&#8220;<em>Mi duchescu multu h\u00e3rsita tsi n-afl\u00e3mu iara tu idghiul locu, Beligradi, aclo iu anlu tricut n-adun\u00e3mu s-lu\u00a0 fund\u00e3mu PEN Arm\u00e3nescu. PEN anostru, duruts oaspits, sots vruts tu dzu\u00e3a di 29 di yizm\u00e3ciuni la 88 Congres al PEN Internatsionalu s-amint\u00e3 prota institutsii arm\u00e3neasc\u00e3 pricunuscut\u00e3 pi nivelu internatsionalu.<\/em>&#8220;<\/p>\n\n\n\n<!--more-->\n\n\n\n<p>Tinjisits membri al PEN Arm\u00e3nescu,<\/p>\n\n\n\n<p>Tinjisits oaspits,<\/p>\n\n\n\n<p>Duruts oaspits c\u00e3lisits,<\/p>\n\n\n\n<p>Cu mari tinjii shi harau\u00e3 personal\u00e3 lu ghinuiescu vitse-prezidentul shi fundatorlu a Tsentrul ti minoritats Convivenza di Helvetsia, anostrul mari oaspi, domnul Romedi Arquint shi prezidentul ali Convivenza, domnul Raoul Blindebacher cari na pitricu un mesaju di ghinuiari caldu shi mplinu di emotsii shi na ur\u00e3 suctsesu tu lucurlu anostru cu tuta andruparea ti activitatsli anostri tu yinitorlu ( Mesajlu a lui va nu l\u00e3 dghivuseasc\u00e3 domnul Romedi Arquint.)<\/p>\n\n\n\n<p>Cu mari harau\u00e3 shi cu vreari ayorya u ghuinuiescu soatsa a mea ditu tiniramea, academiciana Catitsa Ciulavkova, vitse-prezidenta al PEN Internatsional, cari ditu prota ahurhita a creatsiiljei al PEN Arm\u00e3nescu n\u00e3 deadi un\u00e3 andrupari enorma shi di multi ori shi singura li prumuvea shi li prezentea aspiratsiili anostri tu aesta organizatsii prestijioas\u00e3 ca cum easti PEN INternatsional.<\/p>\n\n\n\n<p>Vruta soata amea, zboarili a meali nu potu su zugrafeasc\u00e3 inima a ta chibar\u00e3 shi larg\u00e3.Ti atsea furnjii, voi s-ts\u00e3 dz\u00e3cu mash un zboru&nbsp;: Haristo ditu inima tut\u00e3.<\/p>\n\n\n\n<p>U ghunuiesci doamna Alma Rizvanovi\u0107, conseljera spetsial\u00e3 a Minist\u00e3ljei ti cultura ali S\u00e3rbii cari n-adutsi shi na da mari andrupari a programaljei shi activitatili anostri tu domenlu di cultura shi cari spuni mari senzibilitati ti tuti minoritatili natsionali ditu S\u00e3rbii acuri Arm\u00e3njli fur\u00e3 daima loyali tsit\u00e3tsinji, cu nadii ca statlu iu b\u00e3n\u00e3mu va n\u00e3 da un agiutoru cama viziblu shi cama concretu tu chirolu tsi yini.<\/p>\n\n\n\n<p>Lli ghunuiescu&nbsp; shi raprezentants\u00e3lji ali media cari cu angh\u00e3tanu li pitrecu activitatili anostri shi&nbsp; facu raporturi&nbsp; ti activitatea anostra pi mapa culturala tu ali S\u00e3rbii.<\/p>\n\n\n\n<p>Lji ghunuiescu cu harau\u00e3 shi tuts membrili anoshts\u00e3 cari nu suntu az\u00e3 deadunu cu noi ditu Arbinishii, Machidunii, V\u00e3rg\u00e3rii, Rum\u00e3nii tra s-ljea parti tu lucurlu a Prot\u00e3ljei Conferentsa di Belgradii ti Arm\u00e3njli shi a Adoilui Congres al PEN Arm\u00e3nescu.<\/p>\n\n\n\n<p>Cu tuta vreari shi tinjii lji ghinuiescu shi sotslji anoshts\u00e3&nbsp;: domnul Niculaki Caracota, prezidentul al Consiului A Arm\u00e3njloru shi membru fundatoru al PEN, domnul Costica Canacheu, Tanasi Severi shi a tutuloru cari deadir\u00e3 mari contibut ti fundarea al PEN Arm\u00e3nescu shit tra s-duc\u00e3 un\u00e3 jgljots\u00e3 ma ninti&nbsp; lumta anostra ti afirmarea shi l\u00e3rdzerea a limb\u00e3ljei shi literatur\u00e3ljei arm\u00e3neasc\u00e3.<\/p>\n\n\n\n<p>Voi s-alj dau h\u00e3ristuseari ahorya a Bibliotec\u00e3ljei municipal\u00e3 di Beligradi cari di multu chiro n\u00e3 da un\u00e3 ospitalitati di parti ti iventurli anostri.<\/p>\n\n\n\n<p>L\u00e3 h\u00e3ristusescu shi a tuti PEN Tsentri cari na pitricur\u00e3 ur\u00e3ri ti intrarea la PEN Internatsional shi ur\u00e3ri ti suctses la Conferentsa.<\/p>\n\n\n\n<p>Ghinivinitu shi&nbsp; lucru mbaru s-avemu aesti dz\u00e3li.<\/p>\n\n\n\n<p>Mi duchescu multu h\u00e3rsita tsi n-afl\u00e3mu iara tu idghiul locu, Beligradi , aclo iu anlu tricut n-adun\u00e3mu s-lu&nbsp; fund\u00e3mu PEN Arm\u00e3nescu. PEN anostru , duruts oaspits, sots vruts tu dzu\u00e3a di 29 di yizm\u00e3ciuni la 88 Congres al PEN Internatsionalu s-amint\u00e3 prota institutsii arm\u00e3neasc\u00e3 pricunuscut\u00e3 pi nivelu internatsionalu. East\u00e3 harau\u00e3 voi su-mpartu cu tuts voi cari v-alumtatu deadun ti fundarea shi crishterea a prot\u00e3ljei anostr\u00e3 cas\u00e3 cari va l\u00e3 da apanghui a scritorloru, jurnalistaloru, novelishtsaloru , eseishtsaloru,artistsaloru&#8230; a tutuloru cari u au ti inima aloru limba shi literatura arm\u00e3neasc\u00e3 iutsido b\u00e3neadz\u00e3 shi va u aveaglji &nbsp;libertatea ti exspesiuni pi limba di dad\u00e3.<\/p>\n\n\n\n<p>Ur\u00e3ri ti aest\u00e3 dat\u00e3 isturichesc\u00e3.<\/p>\n","protected":false},"excerpt":{"rendered":"<p>&#8220;Mi duchescu multu h\u00e3rsita tsi n-afl\u00e3mu iara tu idghiul locu, Beligradi, aclo iu anlu tricut n-adun\u00e3mu s-lu\u00a0 fund\u00e3mu PEN Arm\u00e3nescu. PEN anostru, duruts oaspits, sots vruts tu dzu\u00e3a di 29 di yizm\u00e3ciuni la 88 Congres al PEN Internatsionalu s-amint\u00e3 prota institutsii arm\u00e3neasc\u00e3 pricunuscut\u00e3 pi nivelu internatsionalu.&#8220;<\/p>\n","protected":false},"author":4,"featured_media":0,"comment_status":"open","ping_status":"open","sticky":false,"template":"","format":"standard","meta":{"_monsterinsights_skip_tracking":false,"_monsterinsights_sitenote_active":false,"_monsterinsights_sitenote_note":"","_monsterinsights_sitenote_category":0,"footnotes":""},"categories":[3],"tags":[],"class_list":["post-3801","post","type-post","status-publish","format-standard","hentry","category-habari-news"],"yoast_head":"<!-- This site is optimized with the Yoast SEO plugin v25.4 - https:\/\/yoast.com\/wordpress\/plugins\/seo\/ -->\n<title>Lila Cona : zvoru di ghinuiari a la Prota Conferentsa di Beligradi ti armanjli - TRA ARMANAMI<\/title>\n<meta name=\"robots\" content=\"index, follow, max-snippet:-1, max-image-preview:large, max-video-preview:-1\" \/>\n<link rel=\"canonical\" href=\"http:\/\/www.armanami.org\/blog\/lila-cona-zvoru-di-ghinuiari-a-la-prota-conferentsa-di-beligradi-ti-armnjli\/\" \/>\n<meta property=\"og:locale\" content=\"en_US\" \/>\n<meta property=\"og:type\" content=\"article\" \/>\n<meta property=\"og:title\" content=\"Lila Cona : zvoru di ghinuiari a la Prota Conferentsa di Beligradi ti armanjli - TRA ARMANAMI\" \/>\n<meta property=\"og:description\" content=\"&#8220;Mi duchescu multu h\u00e3rsita tsi n-afl\u00e3mu iara tu idghiul locu, Beligradi, aclo iu anlu tricut n-adun\u00e3mu s-lu\u00a0 fund\u00e3mu PEN Arm\u00e3nescu. PEN anostru, duruts oaspits, sots vruts tu dzu\u00e3a di 29 di yizm\u00e3ciuni la 88 Congres al PEN Internatsionalu s-amint\u00e3 prota institutsii arm\u00e3neasc\u00e3 pricunuscut\u00e3 pi nivelu internatsionalu.&#8220;\" \/>\n<meta property=\"og:url\" content=\"http:\/\/www.armanami.org\/blog\/lila-cona-zvoru-di-ghinuiari-a-la-prota-conferentsa-di-beligradi-ti-armnjli\/\" \/>\n<meta property=\"og:site_name\" content=\"TRA ARMANAMI\" \/>\n<meta property=\"article:published_time\" content=\"2022-12-07T07:47:12+00:00\" \/>\n<meta property=\"article:modified_time\" content=\"2022-12-07T07:50:11+00:00\" \/>\n<meta property=\"og:image\" content=\"http:\/\/www.armanami.org\/blog\/wp-content\/uploads\/2022\/12\/LilaConaX-1024x361.png\" \/>\n<meta name=\"author\" content=\"Editeur\" \/>\n<meta name=\"twitter:card\" content=\"summary_large_image\" \/>\n<meta name=\"twitter:label1\" content=\"Written by\" \/>\n\t<meta name=\"twitter:data1\" content=\"Editeur\" \/>\n\t<meta name=\"twitter:label2\" content=\"Est. reading time\" \/>\n\t<meta name=\"twitter:data2\" content=\"3 minutes\" \/>\n<script type=\"application\/ld+json\" class=\"yoast-schema-graph\">{\"@context\":\"https:\/\/schema.org\",\"@graph\":[{\"@type\":\"WebPage\",\"@id\":\"http:\/\/www.armanami.org\/blog\/lila-cona-zvoru-di-ghinuiari-a-la-prota-conferentsa-di-beligradi-ti-armnjli\/\",\"url\":\"http:\/\/www.armanami.org\/blog\/lila-cona-zvoru-di-ghinuiari-a-la-prota-conferentsa-di-beligradi-ti-armnjli\/\",\"name\":\"Lila Cona : zvoru di ghinuiari a la Prota Conferentsa di Beligradi ti armanjli - TRA ARMANAMI\",\"isPartOf\":{\"@id\":\"http:\/\/www.armanami.org\/blog\/#website\"},\"primaryImageOfPage\":{\"@id\":\"http:\/\/www.armanami.org\/blog\/lila-cona-zvoru-di-ghinuiari-a-la-prota-conferentsa-di-beligradi-ti-armnjli\/#primaryimage\"},\"image\":{\"@id\":\"http:\/\/www.armanami.org\/blog\/lila-cona-zvoru-di-ghinuiari-a-la-prota-conferentsa-di-beligradi-ti-armnjli\/#primaryimage\"},\"thumbnailUrl\":\"http:\/\/www.armanami.org\/blog\/wp-content\/uploads\/2022\/12\/LilaConaX-1024x361.png\",\"datePublished\":\"2022-12-07T07:47:12+00:00\",\"dateModified\":\"2022-12-07T07:50:11+00:00\",\"author\":{\"@id\":\"http:\/\/www.armanami.org\/blog\/#\/schema\/person\/ad77560a1599935b2285ac8a40e4cf91\"},\"breadcrumb\":{\"@id\":\"http:\/\/www.armanami.org\/blog\/lila-cona-zvoru-di-ghinuiari-a-la-prota-conferentsa-di-beligradi-ti-armnjli\/#breadcrumb\"},\"inLanguage\":\"en-US\",\"potentialAction\":[{\"@type\":\"ReadAction\",\"target\":[\"http:\/\/www.armanami.org\/blog\/lila-cona-zvoru-di-ghinuiari-a-la-prota-conferentsa-di-beligradi-ti-armnjli\/\"]}]},{\"@type\":\"ImageObject\",\"inLanguage\":\"en-US\",\"@id\":\"http:\/\/www.armanami.org\/blog\/lila-cona-zvoru-di-ghinuiari-a-la-prota-conferentsa-di-beligradi-ti-armnjli\/#primaryimage\",\"url\":\"http:\/\/www.armanami.org\/blog\/wp-content\/uploads\/2022\/12\/LilaConaX.png\",\"contentUrl\":\"http:\/\/www.armanami.org\/blog\/wp-content\/uploads\/2022\/12\/LilaConaX.png\",\"width\":1124,\"height\":396},{\"@type\":\"BreadcrumbList\",\"@id\":\"http:\/\/www.armanami.org\/blog\/lila-cona-zvoru-di-ghinuiari-a-la-prota-conferentsa-di-beligradi-ti-armnjli\/#breadcrumb\",\"itemListElement\":[{\"@type\":\"ListItem\",\"position\":1,\"name\":\"Home\",\"item\":\"http:\/\/www.armanami.org\/blog\/\"},{\"@type\":\"ListItem\",\"position\":2,\"name\":\"Lila Cona : zvoru di ghinuiari a la Prota Conferentsa di Beligradi ti armanjli\"}]},{\"@type\":\"WebSite\",\"@id\":\"http:\/\/www.armanami.org\/blog\/#website\",\"url\":\"http:\/\/www.armanami.org\/blog\/\",\"name\":\"TRA ARMANAMI\",\"description\":\"Habari di la armanj luati sh&#039;la armanj dati\",\"potentialAction\":[{\"@type\":\"SearchAction\",\"target\":{\"@type\":\"EntryPoint\",\"urlTemplate\":\"http:\/\/www.armanami.org\/blog\/?s={search_term_string}\"},\"query-input\":{\"@type\":\"PropertyValueSpecification\",\"valueRequired\":true,\"valueName\":\"search_term_string\"}}],\"inLanguage\":\"en-US\"},{\"@type\":\"Person\",\"@id\":\"http:\/\/www.armanami.org\/blog\/#\/schema\/person\/ad77560a1599935b2285ac8a40e4cf91\",\"name\":\"Editeur\",\"image\":{\"@type\":\"ImageObject\",\"inLanguage\":\"en-US\",\"@id\":\"http:\/\/www.armanami.org\/blog\/#\/schema\/person\/image\/\",\"url\":\"https:\/\/secure.gravatar.com\/avatar\/761ad11672a7683bd0716727a6d2194cdbca97ae70d1f58d1e090e55c4007ae7?s=96&d=mm&r=g\",\"contentUrl\":\"https:\/\/secure.gravatar.com\/avatar\/761ad11672a7683bd0716727a6d2194cdbca97ae70d1f58d1e090e55c4007ae7?s=96&d=mm&r=g\",\"caption\":\"Editeur\"},\"url\":\"http:\/\/www.armanami.org\/blog\/author\/editeur\/\"}]}<\/script>\n<!-- \/ Yoast SEO plugin. -->","yoast_head_json":{"title":"Lila Cona : zvoru di ghinuiari a la Prota Conferentsa di Beligradi ti armanjli - TRA ARMANAMI","robots":{"index":"index","follow":"follow","max-snippet":"max-snippet:-1","max-image-preview":"max-image-preview:large","max-video-preview":"max-video-preview:-1"},"canonical":"http:\/\/www.armanami.org\/blog\/lila-cona-zvoru-di-ghinuiari-a-la-prota-conferentsa-di-beligradi-ti-armnjli\/","og_locale":"en_US","og_type":"article","og_title":"Lila Cona : zvoru di ghinuiari a la Prota Conferentsa di Beligradi ti armanjli - TRA ARMANAMI","og_description":"&#8220;Mi duchescu multu h\u00e3rsita tsi n-afl\u00e3mu iara tu idghiul locu, Beligradi, aclo iu anlu tricut n-adun\u00e3mu s-lu\u00a0 fund\u00e3mu PEN Arm\u00e3nescu. PEN anostru, duruts oaspits, sots vruts tu dzu\u00e3a di 29 di yizm\u00e3ciuni la 88 Congres al PEN Internatsionalu s-amint\u00e3 prota institutsii arm\u00e3neasc\u00e3 pricunuscut\u00e3 pi nivelu internatsionalu.&#8220;","og_url":"http:\/\/www.armanami.org\/blog\/lila-cona-zvoru-di-ghinuiari-a-la-prota-conferentsa-di-beligradi-ti-armnjli\/","og_site_name":"TRA ARMANAMI","article_published_time":"2022-12-07T07:47:12+00:00","article_modified_time":"2022-12-07T07:50:11+00:00","og_image":[{"url":"http:\/\/www.armanami.org\/blog\/wp-content\/uploads\/2022\/12\/LilaConaX-1024x361.png","type":"","width":"","height":""}],"author":"Editeur","twitter_card":"summary_large_image","twitter_misc":{"Written by":"Editeur","Est. reading time":"3 minutes"},"schema":{"@context":"https:\/\/schema.org","@graph":[{"@type":"WebPage","@id":"http:\/\/www.armanami.org\/blog\/lila-cona-zvoru-di-ghinuiari-a-la-prota-conferentsa-di-beligradi-ti-armnjli\/","url":"http:\/\/www.armanami.org\/blog\/lila-cona-zvoru-di-ghinuiari-a-la-prota-conferentsa-di-beligradi-ti-armnjli\/","name":"Lila Cona : zvoru di ghinuiari a la Prota Conferentsa di Beligradi ti armanjli - TRA ARMANAMI","isPartOf":{"@id":"http:\/\/www.armanami.org\/blog\/#website"},"primaryImageOfPage":{"@id":"http:\/\/www.armanami.org\/blog\/lila-cona-zvoru-di-ghinuiari-a-la-prota-conferentsa-di-beligradi-ti-armnjli\/#primaryimage"},"image":{"@id":"http:\/\/www.armanami.org\/blog\/lila-cona-zvoru-di-ghinuiari-a-la-prota-conferentsa-di-beligradi-ti-armnjli\/#primaryimage"},"thumbnailUrl":"http:\/\/www.armanami.org\/blog\/wp-content\/uploads\/2022\/12\/LilaConaX-1024x361.png","datePublished":"2022-12-07T07:47:12+00:00","dateModified":"2022-12-07T07:50:11+00:00","author":{"@id":"http:\/\/www.armanami.org\/blog\/#\/schema\/person\/ad77560a1599935b2285ac8a40e4cf91"},"breadcrumb":{"@id":"http:\/\/www.armanami.org\/blog\/lila-cona-zvoru-di-ghinuiari-a-la-prota-conferentsa-di-beligradi-ti-armnjli\/#breadcrumb"},"inLanguage":"en-US","potentialAction":[{"@type":"ReadAction","target":["http:\/\/www.armanami.org\/blog\/lila-cona-zvoru-di-ghinuiari-a-la-prota-conferentsa-di-beligradi-ti-armnjli\/"]}]},{"@type":"ImageObject","inLanguage":"en-US","@id":"http:\/\/www.armanami.org\/blog\/lila-cona-zvoru-di-ghinuiari-a-la-prota-conferentsa-di-beligradi-ti-armnjli\/#primaryimage","url":"http:\/\/www.armanami.org\/blog\/wp-content\/uploads\/2022\/12\/LilaConaX.png","contentUrl":"http:\/\/www.armanami.org\/blog\/wp-content\/uploads\/2022\/12\/LilaConaX.png","width":1124,"height":396},{"@type":"BreadcrumbList","@id":"http:\/\/www.armanami.org\/blog\/lila-cona-zvoru-di-ghinuiari-a-la-prota-conferentsa-di-beligradi-ti-armnjli\/#breadcrumb","itemListElement":[{"@type":"ListItem","position":1,"name":"Home","item":"http:\/\/www.armanami.org\/blog\/"},{"@type":"ListItem","position":2,"name":"Lila Cona : zvoru di ghinuiari a la Prota Conferentsa di Beligradi ti armanjli"}]},{"@type":"WebSite","@id":"http:\/\/www.armanami.org\/blog\/#website","url":"http:\/\/www.armanami.org\/blog\/","name":"TRA ARMANAMI","description":"Habari di la armanj luati sh&#039;la armanj dati","potentialAction":[{"@type":"SearchAction","target":{"@type":"EntryPoint","urlTemplate":"http:\/\/www.armanami.org\/blog\/?s={search_term_string}"},"query-input":{"@type":"PropertyValueSpecification","valueRequired":true,"valueName":"search_term_string"}}],"inLanguage":"en-US"},{"@type":"Person","@id":"http:\/\/www.armanami.org\/blog\/#\/schema\/person\/ad77560a1599935b2285ac8a40e4cf91","name":"Editeur","image":{"@type":"ImageObject","inLanguage":"en-US","@id":"http:\/\/www.armanami.org\/blog\/#\/schema\/person\/image\/","url":"https:\/\/secure.gravatar.com\/avatar\/761ad11672a7683bd0716727a6d2194cdbca97ae70d1f58d1e090e55c4007ae7?s=96&d=mm&r=g","contentUrl":"https:\/\/secure.gravatar.com\/avatar\/761ad11672a7683bd0716727a6d2194cdbca97ae70d1f58d1e090e55c4007ae7?s=96&d=mm&r=g","caption":"Editeur"},"url":"http:\/\/www.armanami.org\/blog\/author\/editeur\/"}]}},"_links":{"self":[{"href":"http:\/\/www.armanami.org\/blog\/wp-json\/wp\/v2\/posts\/3801","targetHints":{"allow":["GET"]}}],"collection":[{"href":"http:\/\/www.armanami.org\/blog\/wp-json\/wp\/v2\/posts"}],"about":[{"href":"http:\/\/www.armanami.org\/blog\/wp-json\/wp\/v2\/types\/post"}],"author":[{"embeddable":true,"href":"http:\/\/www.armanami.org\/blog\/wp-json\/wp\/v2\/users\/4"}],"replies":[{"embeddable":true,"href":"http:\/\/www.armanami.org\/blog\/wp-json\/wp\/v2\/comments?post=3801"}],"version-history":[{"count":3,"href":"http:\/\/www.armanami.org\/blog\/wp-json\/wp\/v2\/posts\/3801\/revisions"}],"predecessor-version":[{"id":3805,"href":"http:\/\/www.armanami.org\/blog\/wp-json\/wp\/v2\/posts\/3801\/revisions\/3805"}],"wp:attachment":[{"href":"http:\/\/www.armanami.org\/blog\/wp-json\/wp\/v2\/media?parent=3801"}],"wp:term":[{"taxonomy":"category","embeddable":true,"href":"http:\/\/www.armanami.org\/blog\/wp-json\/wp\/v2\/categories?post=3801"},{"taxonomy":"post_tag","embeddable":true,"href":"http:\/\/www.armanami.org\/blog\/wp-json\/wp\/v2\/tags?post=3801"}],"curies":[{"name":"wp","href":"https:\/\/api.w.org\/{rel}","templated":true}]}}