{"id":3725,"date":"2022-07-05T10:30:41","date_gmt":"2022-07-05T09:30:41","guid":{"rendered":"http:\/\/www.armanami.org\/blog\/?p=3725"},"modified":"2022-07-05T10:30:42","modified_gmt":"2022-07-05T09:30:42","slug":"kira-iorgoveanu-mantsu-poezia-qe-kapercen-kufijte-naim-zoto","status":"publish","type":"post","link":"http:\/\/www.armanami.org\/blog\/kira-iorgoveanu-mantsu-poezia-qe-kapercen-kufijte-naim-zoto\/","title":{"rendered":"Kira Iorgoveanu-Mantsu : Poezia q\u00eb kap\u00ebrcen kufijt\u00eb (Naim Zoto)"},"content":{"rendered":"\n<p>Si nj\u00eb i pasionuar pas poezis\u00eb dhe botimeve, sa her\u00eb q\u00eb lexoj libra, mundohem t\u00eb shenjoj apo t\u00eb heq m\u00ebnjan\u00eb poezit\u00eb m\u00eb t\u00eb bukura. Natyrisht, n\u00eb nj\u00eb lib\u00ebr, p\u00ebr shembull, me rreth 100 poezi (dhe k\u00ebtu e kam fjal\u00ebn p\u00ebr poet\u00ebt e v\u00ebrtet\u00eb), m\u00eb ka q\u00eblluar q\u00eb t\u00eb p\u00ebrzgjedh 5 deri 10 t\u00eb tilla.\u00a0<\/p>\n\n\n\n<!--more-->\n\n\n\n<p>Nga qindra v\u00ebllime poetike q\u00eb kam lexuar, t\u00eb rrall\u00eb kan\u00eb qen\u00eb ato q\u00eb t\u2019u kthehem e t\u2019i rilexoj, kurse poezit\u00eb q\u00eb do t\u00eb desha t\u2019i m\u00ebsoj p\u00ebrmend\u00ebsh apo citoj shpesh vargje a strofa t\u00eb tyre kan\u00eb qen\u00eb edhe m\u00eb t\u00eb pakta. Gjithashtu, nuk kam besuar se do vinte dita t\u00eb m\u00eb binte n\u00eb dor\u00eb nj\u00eb lib\u00ebr prej t\u00eb cilit nuk guxon t\u00eb seleksionosh pothuaj asnj\u00eb prej tyre. Sepse, t\u00eb gjitha poezit\u00eb jan\u00eb \u201cantologjike\u201d, \u201c<em>the best\u201d.&nbsp;<\/em>Dhe, p\u00ebr m\u00eb tep\u00ebr, q\u00eb poezit\u00eb dhe autorja e tyre i p\u00ebrket nj\u00eb populli dhe nj\u00eb gjuhe gati t\u00eb harruar, i shp\u00ebrndar\u00eb n\u00ebp\u00ebr bot\u00eb si nj\u00eb meteor. Kush mund ta ngrinte m\u00eb bukur n\u00eb art fatin e k\u00ebtij populli tragjik dhe jo vet\u00ebm t\u00eb tij!&nbsp;<\/p>\n\n\n\n<p>Po, nuk \u00ebsht\u00eb rast\u00ebsi q\u00eb autorja \u00ebsht\u00eb fem\u00ebr (<em>Fjal\u00ebt, rroba t\u00eb nderura n\u00eb tel:\/ Cop\u00ebra t\u00eb shpirtit tim!<\/em>); q\u00eb \u00ebsht\u00eb ngjizur dhe fermentuar n\u00eb Ballkan&nbsp;<em>(N\u00eb bregun e Egjeut\/ D\u00ebgjoj t\u00eb gjitha gjuh\u00ebt e Ballkanit!\/ Por gjuh\u00ebn time \u2013 gj\u00ebkundi)<\/em>; nuk \u00ebsht\u00eb rast\u00ebsi q\u00eb i p\u00ebrket nj\u00eb populli pothuaj t\u00eb sakrifikuar nga historia:&nbsp;<em>(Sot mbrujta nj\u00eb buk\u00eb\/ Deri m\u00eb sot e pambrujtur:\/ Krip\u00eb s\u2019kish\u2019 nevoj\u00eb t\u00eb kishte\/ \u00c7do loti im krip\u00eb do t\u00eb ishte!)<\/em>; nuk \u00ebsht\u00eb rast\u00ebsi q\u00eb ajo i p\u00ebrket nj\u00eb race \u201cshtegtare\u201d, gjithnj\u00eb n\u00eb l\u00ebvizje, gjithnj\u00eb n\u00eb k\u00ebrkim, jo t\u00eb egos s\u00eb saj si\u00e7 \u00ebsht\u00eb moda e artit t\u00eb dit\u00ebs, por t\u00eb identitetit t\u00eb humbur apo t\u00eb fshir\u00eb&nbsp;<em>(Jam, ndoshta, e vetmja\/ Poete n\u00eb bot\u00eb q\u00eb\/ K\u00ebng\u00eb t\u00eb vdekura lind!)<\/em>. Ajo \u00ebsht\u00eb pjes\u00eb sa e lirizmit aq edhe tragjedis\u00eb&nbsp;<em>(U mblodh\u00ebt kok\u00eb m\u00eb kok\u00eb\/Dhe e b\u00ebt\u00eb me fjal\u00eb\/ T\u00eb m\u00eb fusni n\u00eb dh\u00e9\u2026\/ Pa m\u00ebshir\u00eb&#8230;:\/ V\u00ebllez\u00ebr nuk jeni me ne!)<\/em>; ajo \u00ebsht\u00eb sa pjes\u00eb e s\u00eb kaluar\u00ebs, po aq e s\u00eb sotmes dhe, nj\u00ebkoh\u00ebsisht, projeksion i s\u00eb ardhmes&nbsp;<em>(N\u00eb goj\u00ebn e panginjur t\u00eb koh\u00ebs q\u00eb s\u2019pyet,\/ Un\u00eb dit\u00ebt i hedh nj\u00eb e nga nj\u00eb!)<\/em>.&nbsp;<\/p>\n\n\n\n<p>M\u00eb vjen keq, dhe jam i zilepsur, q\u00eb kjo poete nuk \u00ebsht\u00eb shqiptare; sepse mund t\u00eb ishte, por m\u00eb ngush\u00ebllon fakti q\u00eb \u00ebsht\u00eb si ne, ballkanase:&nbsp;<em>(Nj\u00eb gjysh dhe nj\u00eb gjyshe flasin\/ Me nipin: greqisht!\/ Nj\u00eb gjysh dhe nj\u00eb gjyshe i k\u00ebndojn\u00eb\/ Nipit: bullgarisht!\/ Nj\u00eb gjysh dhe nj\u00eb gjyshe\/ E p\u00ebrk\u00ebdhelin nipin: shqip!\/ Nj\u00eb gjysh dhe nj\u00eb gjyshe\/ I k\u00ebndojn\u00eb nipit: rumanisht!\/ Nj\u00eb gjysh dhe nj\u00eb gjyshe t\u00eb \u00e7uditur v\u00ebshtrojn\u00eb:\/ Nipin q\u00eb qan n\u00eb aromanisht!).&nbsp;<\/em>Kjo \u00ebsht\u00eb poetja e madhe aromune, Kira Iorgoveanu-Mantsu, q\u00eb e sjell mjesht\u00ebrisht n\u00eb gjuh\u00ebn shqipe poeti Spiru Fuchi:&nbsp;<em>(Ne jemi rr\u00ebnja,\/ Por pema nuk \u00ebsht\u00eb e jona\u2026\/ Ne jemi themeli,\/ T\u00eb tjer\u00eb e g\u00ebzojn\u00eb sht\u00ebpin\u00eb&#8230;<\/em>\/.&nbsp;<\/p>\n\n\n\n<p>Natyrisht, shumica e \u201cpatriot\u00ebve\u201d t\u00eb saj, pra, arumun\u00ebt, apo vlleh\u00ebt si\u00e7 njihen nga shqiptar\u00ebt, e konsiderojn\u00eb Kira Iorgoveanu-Mantsu poete t\u00eb tyre. \u201cP\u00ebr ne, aromun\u00ebt, dhe p\u00ebr mua vet\u00eb, Kira Iorgoveanu-Mantsu \u00ebsht\u00eb flamur\u201d, vler\u00ebson kritiku aromun Jorgji Vrana. Kurse Mihal Prefti thot\u00eb se \u201cKira Iorgoveanu-Mantsu, ndali Koh\u00ebn p\u00ebr etnin\u00eb e vet, dhe hapi rrug\u00ebn drejt liris\u00eb\u201d.&nbsp;<\/p>\n\n\n\n<p>Por Kira \u00ebsht\u00eb shum\u00eb m\u00eb tep\u00ebr se kaq, madje, duke nisur edhe nga jeta e saj: E lindur, n\u00eb 22 shtator 1948, n\u00eb nj\u00eb fshat rumun, me gjysh\u00ebr t\u00eb ardhur nga Greqia (Kavalla) dhe nga Bullgaria, zhvendosur n\u00eb Rumani rreth viteve 1930, Kira do t\u00eb krijonte familjen e vet n\u00eb vitet \u201986 n\u00eb Freiburg, Gjermani, ku jeton edhe sot. Nd\u00ebrsa si frym\u00eb dhe teknik\u00eb, let\u00ebrsia e Kira-s \u00ebsht\u00eb krejt tjet\u00ebr nga poezia tradicionale komb\u00ebtariste: Kira Iorgoveanu-Mantsu \u00ebsht\u00eb nj\u00eb metafor\u00eb e shum\u00ebfisht\u00eb dhe disakat\u00ebshe, ku fati i arumunit \u00ebsht\u00eb nj\u00ebkoh\u00ebsisht edhe fati i tjetrit; i shqiptarit, grekut, maqedonasit e me radh\u00eb, deritek fati i njer\u00ebzimit:&nbsp;<em>(\u00cbsht\u00eb von\u00eb sot p\u00ebrmbi bot\u00eb\/ Dhe i ftohti t\u00eb shemb\u2026\/ \u00cbsht\u00eb von\u00eb t\u00eb tregojm\u00eb\/ Se \u00e7\u2019na dhemb\u2026).&nbsp;<\/em>Dhe pas k\u00ebtyre dy shkall\u00ebve rezulton se \u201calarmi\u201d ngjitet n\u00eb nivele sip\u00ebrore, n\u00eb shkall\u00eb globale: nga individi, tek bashk\u00ebsia, pastaj tek t\u00eb fati i t\u00eb gjith\u00ebve:&nbsp;<em>(Un\u00eb m\u00ebrgimtare prej mij\u00ebra vitesh,\/ Atdheun q\u00eb nuk e gjej gj\u00ebkundi\u2026<\/em>\u201d). Kira Iorgoveanu-Mantsu u k\u00ebndon humbjeve t\u00eb m\u00ebdha t\u00eb k\u00ebsaj bote (vendlindja, atdheu, identiteti, origjina-liteti etj.) q\u00eb jan\u00eb humbje p\u00ebr t\u00eb gjith\u00eb dhe jo vet\u00ebm p\u00ebr at\u00eb q\u00eb i humb i pari.&nbsp;<\/p>\n\n\n\n<p>Poezia e Kira-s \u00ebsht\u00eb aq inteligjente sa arrin t\u00eb kap\u00ebrcej\u00eb provinc\u00ebn dhe kufijt\u00eb, duke u b\u00ebr\u00eb pjes\u00eb e let\u00ebrsis\u00eb dhe e kujtes\u00ebs estetike dhe historike bot\u00ebrore. Urime sht\u00ebpis\u00eb botuese \u201cM&amp;B\u201d p\u00ebr k\u00ebt\u00eb botim me vler\u00eb dhe t\u00eb denj\u00eb p\u00ebr bibliotekat e lexuesit shqiptar.&nbsp;<\/p>\n\n\n\n<p>Naim Zoto<\/p>\n","protected":false},"excerpt":{"rendered":"<p>Si nj\u00eb i pasionuar pas poezis\u00eb dhe botimeve, sa her\u00eb q\u00eb lexoj libra, mundohem t\u00eb shenjoj apo t\u00eb heq m\u00ebnjan\u00eb poezit\u00eb m\u00eb t\u00eb bukura. Natyrisht, n\u00eb nj\u00eb lib\u00ebr, p\u00ebr shembull, me rreth 100 poezi (dhe k\u00ebtu e kam fjal\u00ebn p\u00ebr poet\u00ebt e v\u00ebrtet\u00eb), m\u00eb ka q\u00eblluar q\u00eb t\u00eb p\u00ebrzgjedh 5 deri 10 t\u00eb tilla.\u00a0<\/p>\n","protected":false},"author":4,"featured_media":0,"comment_status":"open","ping_status":"open","sticky":false,"template":"","format":"standard","meta":{"_monsterinsights_skip_tracking":false,"_monsterinsights_sitenote_active":false,"_monsterinsights_sitenote_note":"","_monsterinsights_sitenote_category":0,"footnotes":""},"categories":[3],"tags":[],"class_list":["post-3725","post","type-post","status-publish","format-standard","hentry","category-habari-news"],"yoast_head":"<!-- This site is optimized with the Yoast SEO plugin v25.4 - https:\/\/yoast.com\/wordpress\/plugins\/seo\/ -->\n<title>Kira Iorgoveanu-Mantsu : Poezia q\u00eb kap\u00ebrcen kufijt\u00eb (Naim Zoto) - TRA ARMANAMI<\/title>\n<meta name=\"robots\" content=\"index, follow, max-snippet:-1, max-image-preview:large, max-video-preview:-1\" \/>\n<link rel=\"canonical\" href=\"http:\/\/www.armanami.org\/blog\/kira-iorgoveanu-mantsu-poezia-qe-kapercen-kufijte-naim-zoto\/\" \/>\n<meta property=\"og:locale\" content=\"en_US\" \/>\n<meta property=\"og:type\" content=\"article\" \/>\n<meta property=\"og:title\" content=\"Kira Iorgoveanu-Mantsu : Poezia q\u00eb kap\u00ebrcen kufijt\u00eb (Naim Zoto) - TRA ARMANAMI\" \/>\n<meta property=\"og:description\" content=\"Si nj\u00eb i pasionuar pas poezis\u00eb dhe botimeve, sa her\u00eb q\u00eb lexoj libra, mundohem t\u00eb shenjoj apo t\u00eb heq m\u00ebnjan\u00eb poezit\u00eb m\u00eb t\u00eb bukura. Natyrisht, n\u00eb nj\u00eb lib\u00ebr, p\u00ebr shembull, me rreth 100 poezi (dhe k\u00ebtu e kam fjal\u00ebn p\u00ebr poet\u00ebt e v\u00ebrtet\u00eb), m\u00eb ka q\u00eblluar q\u00eb t\u00eb p\u00ebrzgjedh 5 deri 10 t\u00eb tilla.\u00a0\" \/>\n<meta property=\"og:url\" content=\"http:\/\/www.armanami.org\/blog\/kira-iorgoveanu-mantsu-poezia-qe-kapercen-kufijte-naim-zoto\/\" \/>\n<meta property=\"og:site_name\" content=\"TRA ARMANAMI\" \/>\n<meta property=\"article:published_time\" content=\"2022-07-05T09:30:41+00:00\" \/>\n<meta property=\"article:modified_time\" content=\"2022-07-05T09:30:42+00:00\" \/>\n<meta name=\"author\" content=\"Editeur\" \/>\n<meta name=\"twitter:card\" content=\"summary_large_image\" \/>\n<meta name=\"twitter:label1\" content=\"Written by\" \/>\n\t<meta name=\"twitter:data1\" content=\"Editeur\" \/>\n\t<meta name=\"twitter:label2\" content=\"Est. reading time\" \/>\n\t<meta name=\"twitter:data2\" content=\"4 minutes\" \/>\n<script type=\"application\/ld+json\" class=\"yoast-schema-graph\">{\"@context\":\"https:\/\/schema.org\",\"@graph\":[{\"@type\":\"WebPage\",\"@id\":\"http:\/\/www.armanami.org\/blog\/kira-iorgoveanu-mantsu-poezia-qe-kapercen-kufijte-naim-zoto\/\",\"url\":\"http:\/\/www.armanami.org\/blog\/kira-iorgoveanu-mantsu-poezia-qe-kapercen-kufijte-naim-zoto\/\",\"name\":\"Kira Iorgoveanu-Mantsu : Poezia q\u00eb kap\u00ebrcen kufijt\u00eb (Naim Zoto) - TRA ARMANAMI\",\"isPartOf\":{\"@id\":\"http:\/\/www.armanami.org\/blog\/#website\"},\"datePublished\":\"2022-07-05T09:30:41+00:00\",\"dateModified\":\"2022-07-05T09:30:42+00:00\",\"author\":{\"@id\":\"http:\/\/www.armanami.org\/blog\/#\/schema\/person\/ad77560a1599935b2285ac8a40e4cf91\"},\"breadcrumb\":{\"@id\":\"http:\/\/www.armanami.org\/blog\/kira-iorgoveanu-mantsu-poezia-qe-kapercen-kufijte-naim-zoto\/#breadcrumb\"},\"inLanguage\":\"en-US\",\"potentialAction\":[{\"@type\":\"ReadAction\",\"target\":[\"http:\/\/www.armanami.org\/blog\/kira-iorgoveanu-mantsu-poezia-qe-kapercen-kufijte-naim-zoto\/\"]}]},{\"@type\":\"BreadcrumbList\",\"@id\":\"http:\/\/www.armanami.org\/blog\/kira-iorgoveanu-mantsu-poezia-qe-kapercen-kufijte-naim-zoto\/#breadcrumb\",\"itemListElement\":[{\"@type\":\"ListItem\",\"position\":1,\"name\":\"Home\",\"item\":\"http:\/\/www.armanami.org\/blog\/\"},{\"@type\":\"ListItem\",\"position\":2,\"name\":\"Kira Iorgoveanu-Mantsu : Poezia q\u00eb kap\u00ebrcen kufijt\u00eb (Naim Zoto)\"}]},{\"@type\":\"WebSite\",\"@id\":\"http:\/\/www.armanami.org\/blog\/#website\",\"url\":\"http:\/\/www.armanami.org\/blog\/\",\"name\":\"TRA ARMANAMI\",\"description\":\"Habari di la armanj luati sh&#039;la armanj dati\",\"potentialAction\":[{\"@type\":\"SearchAction\",\"target\":{\"@type\":\"EntryPoint\",\"urlTemplate\":\"http:\/\/www.armanami.org\/blog\/?s={search_term_string}\"},\"query-input\":{\"@type\":\"PropertyValueSpecification\",\"valueRequired\":true,\"valueName\":\"search_term_string\"}}],\"inLanguage\":\"en-US\"},{\"@type\":\"Person\",\"@id\":\"http:\/\/www.armanami.org\/blog\/#\/schema\/person\/ad77560a1599935b2285ac8a40e4cf91\",\"name\":\"Editeur\",\"image\":{\"@type\":\"ImageObject\",\"inLanguage\":\"en-US\",\"@id\":\"http:\/\/www.armanami.org\/blog\/#\/schema\/person\/image\/\",\"url\":\"https:\/\/secure.gravatar.com\/avatar\/761ad11672a7683bd0716727a6d2194cdbca97ae70d1f58d1e090e55c4007ae7?s=96&d=mm&r=g\",\"contentUrl\":\"https:\/\/secure.gravatar.com\/avatar\/761ad11672a7683bd0716727a6d2194cdbca97ae70d1f58d1e090e55c4007ae7?s=96&d=mm&r=g\",\"caption\":\"Editeur\"},\"url\":\"http:\/\/www.armanami.org\/blog\/author\/editeur\/\"}]}<\/script>\n<!-- \/ Yoast SEO plugin. -->","yoast_head_json":{"title":"Kira Iorgoveanu-Mantsu : Poezia q\u00eb kap\u00ebrcen kufijt\u00eb (Naim Zoto) - TRA ARMANAMI","robots":{"index":"index","follow":"follow","max-snippet":"max-snippet:-1","max-image-preview":"max-image-preview:large","max-video-preview":"max-video-preview:-1"},"canonical":"http:\/\/www.armanami.org\/blog\/kira-iorgoveanu-mantsu-poezia-qe-kapercen-kufijte-naim-zoto\/","og_locale":"en_US","og_type":"article","og_title":"Kira Iorgoveanu-Mantsu : Poezia q\u00eb kap\u00ebrcen kufijt\u00eb (Naim Zoto) - TRA ARMANAMI","og_description":"Si nj\u00eb i pasionuar pas poezis\u00eb dhe botimeve, sa her\u00eb q\u00eb lexoj libra, mundohem t\u00eb shenjoj apo t\u00eb heq m\u00ebnjan\u00eb poezit\u00eb m\u00eb t\u00eb bukura. Natyrisht, n\u00eb nj\u00eb lib\u00ebr, p\u00ebr shembull, me rreth 100 poezi (dhe k\u00ebtu e kam fjal\u00ebn p\u00ebr poet\u00ebt e v\u00ebrtet\u00eb), m\u00eb ka q\u00eblluar q\u00eb t\u00eb p\u00ebrzgjedh 5 deri 10 t\u00eb tilla.\u00a0","og_url":"http:\/\/www.armanami.org\/blog\/kira-iorgoveanu-mantsu-poezia-qe-kapercen-kufijte-naim-zoto\/","og_site_name":"TRA ARMANAMI","article_published_time":"2022-07-05T09:30:41+00:00","article_modified_time":"2022-07-05T09:30:42+00:00","author":"Editeur","twitter_card":"summary_large_image","twitter_misc":{"Written by":"Editeur","Est. reading time":"4 minutes"},"schema":{"@context":"https:\/\/schema.org","@graph":[{"@type":"WebPage","@id":"http:\/\/www.armanami.org\/blog\/kira-iorgoveanu-mantsu-poezia-qe-kapercen-kufijte-naim-zoto\/","url":"http:\/\/www.armanami.org\/blog\/kira-iorgoveanu-mantsu-poezia-qe-kapercen-kufijte-naim-zoto\/","name":"Kira Iorgoveanu-Mantsu : Poezia q\u00eb kap\u00ebrcen kufijt\u00eb (Naim Zoto) - TRA ARMANAMI","isPartOf":{"@id":"http:\/\/www.armanami.org\/blog\/#website"},"datePublished":"2022-07-05T09:30:41+00:00","dateModified":"2022-07-05T09:30:42+00:00","author":{"@id":"http:\/\/www.armanami.org\/blog\/#\/schema\/person\/ad77560a1599935b2285ac8a40e4cf91"},"breadcrumb":{"@id":"http:\/\/www.armanami.org\/blog\/kira-iorgoveanu-mantsu-poezia-qe-kapercen-kufijte-naim-zoto\/#breadcrumb"},"inLanguage":"en-US","potentialAction":[{"@type":"ReadAction","target":["http:\/\/www.armanami.org\/blog\/kira-iorgoveanu-mantsu-poezia-qe-kapercen-kufijte-naim-zoto\/"]}]},{"@type":"BreadcrumbList","@id":"http:\/\/www.armanami.org\/blog\/kira-iorgoveanu-mantsu-poezia-qe-kapercen-kufijte-naim-zoto\/#breadcrumb","itemListElement":[{"@type":"ListItem","position":1,"name":"Home","item":"http:\/\/www.armanami.org\/blog\/"},{"@type":"ListItem","position":2,"name":"Kira Iorgoveanu-Mantsu : Poezia q\u00eb kap\u00ebrcen kufijt\u00eb (Naim Zoto)"}]},{"@type":"WebSite","@id":"http:\/\/www.armanami.org\/blog\/#website","url":"http:\/\/www.armanami.org\/blog\/","name":"TRA ARMANAMI","description":"Habari di la armanj luati sh&#039;la armanj dati","potentialAction":[{"@type":"SearchAction","target":{"@type":"EntryPoint","urlTemplate":"http:\/\/www.armanami.org\/blog\/?s={search_term_string}"},"query-input":{"@type":"PropertyValueSpecification","valueRequired":true,"valueName":"search_term_string"}}],"inLanguage":"en-US"},{"@type":"Person","@id":"http:\/\/www.armanami.org\/blog\/#\/schema\/person\/ad77560a1599935b2285ac8a40e4cf91","name":"Editeur","image":{"@type":"ImageObject","inLanguage":"en-US","@id":"http:\/\/www.armanami.org\/blog\/#\/schema\/person\/image\/","url":"https:\/\/secure.gravatar.com\/avatar\/761ad11672a7683bd0716727a6d2194cdbca97ae70d1f58d1e090e55c4007ae7?s=96&d=mm&r=g","contentUrl":"https:\/\/secure.gravatar.com\/avatar\/761ad11672a7683bd0716727a6d2194cdbca97ae70d1f58d1e090e55c4007ae7?s=96&d=mm&r=g","caption":"Editeur"},"url":"http:\/\/www.armanami.org\/blog\/author\/editeur\/"}]}},"_links":{"self":[{"href":"http:\/\/www.armanami.org\/blog\/wp-json\/wp\/v2\/posts\/3725","targetHints":{"allow":["GET"]}}],"collection":[{"href":"http:\/\/www.armanami.org\/blog\/wp-json\/wp\/v2\/posts"}],"about":[{"href":"http:\/\/www.armanami.org\/blog\/wp-json\/wp\/v2\/types\/post"}],"author":[{"embeddable":true,"href":"http:\/\/www.armanami.org\/blog\/wp-json\/wp\/v2\/users\/4"}],"replies":[{"embeddable":true,"href":"http:\/\/www.armanami.org\/blog\/wp-json\/wp\/v2\/comments?post=3725"}],"version-history":[{"count":1,"href":"http:\/\/www.armanami.org\/blog\/wp-json\/wp\/v2\/posts\/3725\/revisions"}],"predecessor-version":[{"id":3726,"href":"http:\/\/www.armanami.org\/blog\/wp-json\/wp\/v2\/posts\/3725\/revisions\/3726"}],"wp:attachment":[{"href":"http:\/\/www.armanami.org\/blog\/wp-json\/wp\/v2\/media?parent=3725"}],"wp:term":[{"taxonomy":"category","embeddable":true,"href":"http:\/\/www.armanami.org\/blog\/wp-json\/wp\/v2\/categories?post=3725"},{"taxonomy":"post_tag","embeddable":true,"href":"http:\/\/www.armanami.org\/blog\/wp-json\/wp\/v2\/tags?post=3725"}],"curies":[{"name":"wp","href":"https:\/\/api.w.org\/{rel}","templated":true}]}}