{"id":3644,"date":"2022-05-16T11:15:12","date_gmt":"2022-05-16T10:15:12","guid":{"rendered":"http:\/\/www.armanami.org\/blog\/?p=3644"},"modified":"2022-05-16T11:30:11","modified_gmt":"2022-05-16T10:30:11","slug":"aromanii-formau-un-grup-asa-de-aparte-si-omogen-incat","status":"publish","type":"post","link":"http:\/\/www.armanami.org\/blog\/aromanii-formau-un-grup-asa-de-aparte-si-omogen-incat\/","title":{"rendered":"Arom\u00e2nii formau un grup a\u0219a de aparte \u0219i omogen \u00eenc\u00e2t&#8230;"},"content":{"rendered":"\n<p>Comunitatea arm\u00e2n\u0103 din Rom\u00e2nia organizeaz\u0103 expozi\u0163ia de pictura Micro-macro-Trans CORDIAL care reune\u015fte arti\u015fti de origine arm\u00e2n\u0103 sau care au legatur\u0103 cu lumea arm\u00e2neasc\u0103 la hanul Gabroveni \u00eentre 6 si 23 mai. \u00cen acest cadru, va avea loc miercuri 18 mai la ora 18 o dezbatere cu Alexandru Gica despre cartea Unde e Arom\u00e2nia\u00a0? de N. Trifon. Paragraful care urmeaza extras din Memorile lui Ion Ioanid va fi citit si comentat cu aceasta ocazie<\/p>\n\n\n\n<!--more-->\n\n\n\n<p>Tin s\u0103 precizez de la bun \u00eenceput faptul c\u0103 paragraful<a href=\"applewebdata:\/\/827D2FF9-3F37-413E-929C-75B26236B2AC#_ftn1\"><sup>[1]<\/sup><\/a>&nbsp;care urmeaz\u0103 face parte din numeroasele omagii cu dou\u0103 t\u0103i\u015furi aduse arom\u00e2nilor \u00een Rom\u00e2nia. Pe de o parte, eroizarea lor excesiv\u0103, prezentarea lor ca un fel de super-rom\u00e2ni, se \u00eenscrie \u00eentr-un proces al c\u0103rui principal efect, nu neap\u0103rat c\u0103utat, este \u00een ultima instan\u0163\u0103 asimilarea lor definitiv\u0103&nbsp;; pe de alt\u0103 parte \u00eens\u0103, asemenea m\u0103rturii indic\u0103 felul \u00een care ei \u00een\u015fi\u015fi se percepeau \u015fi mai ales felul \u00een care erau percepu\u0163i ca fiind mai ales alceva dec\u00e2t rom\u00e2ni. At\u00e2t auto-identificarea c\u00e2t \u015fi identificarea lor de c\u0103tre ceilal\u0163i permit s\u0103 fie dep\u0103\u015fite nenum\u0103ratele specula\u0163ii contradictorii privind a\u015fazisa identitate<a href=\"applewebdata:\/\/827D2FF9-3F37-413E-929C-75B26236B2AC#_ftn2\"><sup>[2]<\/sup><\/a>&nbsp;a arom\u00e2nilor.<\/p>\n\n\n\n<p>[A propos de Alecu Caranica, pe care l-a secondat \u00een calitate de perforator la mina de plumb de la Cavnic]&nbsp;\u00ab&nbsp;F\u0103cea parte din grupul macedonenilor din Dobrogea. To\u0163i erau legionari din organiza\u0163ia cunoscut\u0103 sub numele de \u201cBabadag\u201d. \u00cen momentul \u00een care intrasem \u00een leg\u0103tur\u0103 cu ei, le pomenisem de originea mea macedonean\u0103, \u015fi de urmele str\u0103mo\u015filor mei care se tr\u0103geau din Bitolia (Monastir). M-a uimit rapiditatea cu care i-au localizat pe ace\u015fti str\u0103mo\u015fi ai mei \u015fi rubedenile lor de care nici nu \u015ftiam. Cu timpul, cunosc\u00e2ndu-I mai bine \u015fi fiind imediat adoptat ca unul de-ai lor, mi-am dat seama c\u00e2t de lega\u0163i sunt, c\u00e2t de mult \u0163in de tradi\u0163iile lor, \u015fi cum \u015fi-au p\u0103strat limba \u015fi cultivat obiceiurile,&nbsp;<strong>chiar dac\u0103 unii erau n\u0103scu\u0163I \u015fi crescu\u0163i \u00een Rom\u00e2nia<a href=\"applewebdata:\/\/827D2FF9-3F37-413E-929C-75B26236B2AC#_ftn3\"><sup><strong>[3]<\/strong><\/sup><\/a>.<\/strong><\/p>\n\n\n\n<p>De fiecare dat\u0103 c\u00e2nd eram prezentat unuia dintre ei, urma formula \u00ab&nbsp;explicativ\u0103&nbsp;\u00bb \u00een dialect arom\u00e2nesc&nbsp;: \u00ab&nbsp;E fecior de-al nostru dar \u015fi-a pierdut graiul&nbsp;\u00bb. Am spus explicativ\u0103 pentru c\u0103 se gr\u0103bea s\u0103-l asigure pe respectivul c\u0103 nu sunt grec. Pentru greci, s\u00e2rbi \u015fi Bulgari p\u0103strau \u00een continuare o antipatie de&nbsp;<strong>pe vremea c\u00e2nd erau minoritari \u00een Grecia, Bulgaria \u015fi Iugosla<\/strong>via. To\u0163I arom\u00e2nii formau&nbsp;<strong>un grup a\u015fa de aparte \u015fi omogen \u00eenc\u00e2t nu erau categorisi\u0163i de ceilal\u0163I de\u0163inu\u0163i ca legionari ci ca macedoneni<\/strong>. \u00cen general m\u0103run\u0163i de talie, iu\u0163I \u015fi \u00een mi\u015fc\u0103ri \u015fi la vorb\u0103. De \u00een\u0163eles nu-i \u00een\u0163elegea nimeni&nbsp;<strong>fiindc\u0103 \u00eentre ei vorbeau arom\u00e2ne\u015fte<\/strong>&nbsp;\u015fi chiar dac\u0103 unii mai prinseser\u0103 c\u00e2te ceva din dialectul lor, nu-i puteai urm\u0103ri din cauza repeziciunii cu care vorbeau. De o cinste \u015fi solidarite cu totul ie\u015fite din comun, dac\u0103 \u0163i-erau prieteni, puteai conta pe ei \u00een cele mai grele situa\u0163ii. Pot spune c\u0103 m\u0103 sim\u0163eam \u00eentre ei ca \u00een mijlocul unei familii ideale\u2026&nbsp;\u00bb<\/p>\n\n\n\n<p>[Mai multe pagini sunt consacrate&nbsp;odiseii lui Gogu Puiu raportat\u0103 dupa m\u0103rturiile celorlal\u0163i de\u0163inu\u0163i]<\/p>\n\n\n\n<p>La p. 149, autorul (1926-2003) evoc\u0103 din memorie aproape o jum\u0103tate dintre cele aproximativ 300 de persoane c\u00e2te erau arunci \u00een lag\u0103r d\u00e2nd anumite informa\u0163ii despre ele. Mai mul\u0163I arom\u00e2ni erau prezenta\u0163i, printre care, cu n\u00b0 14, \u00eel avem pe un anume Bileca Vanghele, descris \u00een felul urm\u0103tor :&nbsp;<\/p>\n\n\n\n<p>\u00ab&nbsp;Macedonean. \u00cemi amintesc c\u0103 graseia \u015fi c\u0103 era un sus\u0163in\u0103tor al renun\u0163\u0103rii la tradi\u0163iile arom\u00e2ne \u015fi al asimil\u0103rii totale \u00een masa rom\u00e2neasc\u0103. Din aceast\u0103 cauz\u0103 era \u0163inut la marginea comunit\u0103\u0163ii macedonene.\u00bb<\/p>\n\n\n\n<p>PS N\u0103scut pe domeniul boieresc al familiei din zona Mehedin\u0163i \u00een 1926,&nbsp;<strong>Ion Ioanid&nbsp;<\/strong>avea 23 de ani c\u00e2nd a fost arestat prima dat\u0103. Octvian Goga \u00eei fusese na\u015f iar tat\u0103l, Tilic\u0103, deputat \u015fi un timp secretar de stat. Eliberat definitiv \u00een 1964, el se va instala \u00een Germania federal\u0103 \u00een 1969 unde va fi angajat la Europa liber\u0103.&nbsp;<em>Memorile<\/em>&nbsp;sunt publicate dup\u0103 implozia regimului comunist, \u00eencep\u00e2nd din 1991. Asocierea cu Soljeni\u0163in este desigur ne\u00eentemeiat\u0103 pe plan literar ceea ce nu mic\u015foreaz\u0103 deloc interesul lor. Faptele sunt relatate cu o rar\u0103 preciziune, judec\u0103\u0163ile de valoare \u015fi sentin\u0163ele moralizante evitate, \u015fi foarte rare sunt considera\u0163iile cu caracter general. Din acest punct de vedere, considera\u0163iile privind arom\u00e2nii constituie mai repede o excep\u0163ie.<\/p>\n\n\n\n<p>Merit\u0103 poate relevat faptul c\u0103 I. Ioanid a putut p\u0103r\u0103si Rom\u00e2nia gra\u0163ie tocmai ascencen\u0163ilor s\u0103i veni\u0163i din Grecia. Al\u0163i arom\u00e2ni, precum Dumitru Bacu, autorul primei c\u0103r\u0163i despre reeducarea la pentenciarul de la Pite\u015fti publicat\u0103 la Madrid \u00een 1963, au putut invoca acest motiv pentru a pleca \u00een Occident dup\u0103 ce au ie\u015fit din pu\u015fc\u0103rie.&nbsp;\u00cen wikipedia \u00een englez\u0103 citim \u00een schimb&nbsp;:&nbsp;<\/p>\n\n\n\n<p>His father, Tilic\u0103 Ioanid, was descended from an old and well-known Greek landlord family.&nbsp;(<a href=\"https:\/\/en.wikipedia.org\/wiki\/Ion_Ioanid\">https:\/\/en.wikipedia.org\/wiki\/Ion_Ioanid<\/a>)&nbsp;<\/p>\n\n\n\n<p>Aceasta corespunde de altfel&nbsp;&nbsp;versiunii (mai \u00ab&nbsp;nobile&nbsp;\u00bb) curente \u00een Rom\u00e2nia privind familia Ioanid, cel pu\u0163in p\u00e2na la apari\u0163ia&nbsp;<em>Memorilor<\/em>.&nbsp;<\/p>\n\n\n\n<hr class=\"wp-block-separator\"\/>\n\n\n\n<p><a href=\"applewebdata:\/\/827D2FF9-3F37-413E-929C-75B26236B2AC#_ftnref1\"><sup>[1]<\/sup><\/a>&nbsp;Ion Ioanid&nbsp;:&nbsp;<em>\u00cenchisoara noastr\u0103 cea de toate zilele<\/em>, vol. 1, 1949, 1952-1953, Ed. Albatros, 1991, pp. 97-98 \u015fi p. 149.<\/p>\n\n\n\n<p><a href=\"applewebdata:\/\/827D2FF9-3F37-413E-929C-75B26236B2AC#_ftnref2\"><sup>[2]<\/sup><\/a>&nbsp;Ca titlu indicativ, iat\u0103 cum este imaginat\u0103, definit\u0103, aceast\u0103 no\u0163iune cu ocazia expozi\u0163iei consacrat\u0103 arti\u015ftilor arom\u00e2ni sau \u00een leg\u0103tur\u0103 cu lumea arom\u00e2n\u0103&nbsp;: \u00ab&nbsp;identitate&nbsp;\u2013 faptul de a fi identic cu sine \u00eensu\u0163i, coinciden\u0163a \u00een toate aspectele, asem\u0103nare perfect\u0103, rela\u021bie de egalitate \u00een care intervin anumite variabile, adev\u0103rat\u0103 pentru orice valori ale acestor elemente&nbsp;\u00bb.<\/p>\n\n\n\n<p><a href=\"applewebdata:\/\/827D2FF9-3F37-413E-929C-75B26236B2AC#_ftnref3\"><sup>[3]<\/sup><\/a>&nbsp;Subliniat de noi.<\/p>\n","protected":false},"excerpt":{"rendered":"<p>Comunitatea arm\u00e2n\u0103 din Rom\u00e2nia organizeaz\u0103 expozi\u0163ia de pictura Micro-macro-Trans CORDIAL care reune\u015fte arti\u015fti de origine arm\u00e2n\u0103 sau care au legatur\u0103 cu lumea arm\u00e2neasc\u0103 la hanul Gabroveni \u00eentre 6 si 23 mai. \u00cen acest cadru, va avea loc miercuri 18 mai la ora 18 o dezbatere cu Alexandru Gica despre cartea Unde e Arom\u00e2nia\u00a0? de N. [&hellip;]<\/p>\n","protected":false},"author":4,"featured_media":0,"comment_status":"open","ping_status":"open","sticky":false,"template":"","format":"standard","meta":{"_monsterinsights_skip_tracking":false,"_monsterinsights_sitenote_active":false,"_monsterinsights_sitenote_note":"","_monsterinsights_sitenote_category":0,"footnotes":""},"categories":[3],"tags":[],"class_list":["post-3644","post","type-post","status-publish","format-standard","hentry","category-habari-news"],"yoast_head":"<!-- This site is optimized with the Yoast SEO plugin v25.4 - https:\/\/yoast.com\/wordpress\/plugins\/seo\/ -->\n<title>Arom\u00e2nii formau un grup a\u0219a de aparte \u0219i omogen \u00eenc\u00e2t... - TRA ARMANAMI<\/title>\n<meta name=\"robots\" content=\"index, follow, max-snippet:-1, max-image-preview:large, max-video-preview:-1\" \/>\n<link rel=\"canonical\" href=\"https:\/\/www.armanami.org\/blog\/aromanii-formau-un-grup-asa-de-aparte-si-omogen-incat\/\" \/>\n<meta property=\"og:locale\" content=\"en_US\" \/>\n<meta property=\"og:type\" content=\"article\" \/>\n<meta property=\"og:title\" content=\"Arom\u00e2nii formau un grup a\u0219a de aparte \u0219i omogen \u00eenc\u00e2t... - TRA ARMANAMI\" \/>\n<meta property=\"og:description\" content=\"Comunitatea arm\u00e2n\u0103 din Rom\u00e2nia organizeaz\u0103 expozi\u0163ia de pictura Micro-macro-Trans CORDIAL care reune\u015fte arti\u015fti de origine arm\u00e2n\u0103 sau care au legatur\u0103 cu lumea arm\u00e2neasc\u0103 la hanul Gabroveni \u00eentre 6 si 23 mai. \u00cen acest cadru, va avea loc miercuri 18 mai la ora 18 o dezbatere cu Alexandru Gica despre cartea Unde e Arom\u00e2nia\u00a0? de N. [&hellip;]\" \/>\n<meta property=\"og:url\" content=\"https:\/\/www.armanami.org\/blog\/aromanii-formau-un-grup-asa-de-aparte-si-omogen-incat\/\" \/>\n<meta property=\"og:site_name\" content=\"TRA ARMANAMI\" \/>\n<meta property=\"article:published_time\" content=\"2022-05-16T10:15:12+00:00\" \/>\n<meta property=\"article:modified_time\" content=\"2022-05-16T10:30:11+00:00\" \/>\n<meta name=\"author\" content=\"Editeur\" \/>\n<meta name=\"twitter:card\" content=\"summary_large_image\" \/>\n<meta name=\"twitter:label1\" content=\"Written by\" \/>\n\t<meta name=\"twitter:data1\" content=\"Editeur\" \/>\n\t<meta name=\"twitter:label2\" content=\"Est. reading time\" \/>\n\t<meta name=\"twitter:data2\" content=\"5 minutes\" \/>\n<script type=\"application\/ld+json\" class=\"yoast-schema-graph\">{\"@context\":\"https:\/\/schema.org\",\"@graph\":[{\"@type\":\"WebPage\",\"@id\":\"https:\/\/www.armanami.org\/blog\/aromanii-formau-un-grup-asa-de-aparte-si-omogen-incat\/\",\"url\":\"https:\/\/www.armanami.org\/blog\/aromanii-formau-un-grup-asa-de-aparte-si-omogen-incat\/\",\"name\":\"Arom\u00e2nii formau un grup a\u0219a de aparte \u0219i omogen \u00eenc\u00e2t... - TRA ARMANAMI\",\"isPartOf\":{\"@id\":\"http:\/\/www.armanami.org\/blog\/#website\"},\"datePublished\":\"2022-05-16T10:15:12+00:00\",\"dateModified\":\"2022-05-16T10:30:11+00:00\",\"author\":{\"@id\":\"http:\/\/www.armanami.org\/blog\/#\/schema\/person\/ad77560a1599935b2285ac8a40e4cf91\"},\"breadcrumb\":{\"@id\":\"https:\/\/www.armanami.org\/blog\/aromanii-formau-un-grup-asa-de-aparte-si-omogen-incat\/#breadcrumb\"},\"inLanguage\":\"en-US\",\"potentialAction\":[{\"@type\":\"ReadAction\",\"target\":[\"https:\/\/www.armanami.org\/blog\/aromanii-formau-un-grup-asa-de-aparte-si-omogen-incat\/\"]}]},{\"@type\":\"BreadcrumbList\",\"@id\":\"https:\/\/www.armanami.org\/blog\/aromanii-formau-un-grup-asa-de-aparte-si-omogen-incat\/#breadcrumb\",\"itemListElement\":[{\"@type\":\"ListItem\",\"position\":1,\"name\":\"Home\",\"item\":\"http:\/\/www.armanami.org\/blog\/\"},{\"@type\":\"ListItem\",\"position\":2,\"name\":\"Arom\u00e2nii formau un grup a\u0219a de aparte \u0219i omogen \u00eenc\u00e2t&#8230;\"}]},{\"@type\":\"WebSite\",\"@id\":\"http:\/\/www.armanami.org\/blog\/#website\",\"url\":\"http:\/\/www.armanami.org\/blog\/\",\"name\":\"TRA ARMANAMI\",\"description\":\"Habari di la armanj luati sh&#039;la armanj dati\",\"potentialAction\":[{\"@type\":\"SearchAction\",\"target\":{\"@type\":\"EntryPoint\",\"urlTemplate\":\"http:\/\/www.armanami.org\/blog\/?s={search_term_string}\"},\"query-input\":{\"@type\":\"PropertyValueSpecification\",\"valueRequired\":true,\"valueName\":\"search_term_string\"}}],\"inLanguage\":\"en-US\"},{\"@type\":\"Person\",\"@id\":\"http:\/\/www.armanami.org\/blog\/#\/schema\/person\/ad77560a1599935b2285ac8a40e4cf91\",\"name\":\"Editeur\",\"image\":{\"@type\":\"ImageObject\",\"inLanguage\":\"en-US\",\"@id\":\"http:\/\/www.armanami.org\/blog\/#\/schema\/person\/image\/\",\"url\":\"https:\/\/secure.gravatar.com\/avatar\/761ad11672a7683bd0716727a6d2194cdbca97ae70d1f58d1e090e55c4007ae7?s=96&d=mm&r=g\",\"contentUrl\":\"https:\/\/secure.gravatar.com\/avatar\/761ad11672a7683bd0716727a6d2194cdbca97ae70d1f58d1e090e55c4007ae7?s=96&d=mm&r=g\",\"caption\":\"Editeur\"},\"url\":\"http:\/\/www.armanami.org\/blog\/author\/editeur\/\"}]}<\/script>\n<!-- \/ Yoast SEO plugin. -->","yoast_head_json":{"title":"Arom\u00e2nii formau un grup a\u0219a de aparte \u0219i omogen \u00eenc\u00e2t... - TRA ARMANAMI","robots":{"index":"index","follow":"follow","max-snippet":"max-snippet:-1","max-image-preview":"max-image-preview:large","max-video-preview":"max-video-preview:-1"},"canonical":"https:\/\/www.armanami.org\/blog\/aromanii-formau-un-grup-asa-de-aparte-si-omogen-incat\/","og_locale":"en_US","og_type":"article","og_title":"Arom\u00e2nii formau un grup a\u0219a de aparte \u0219i omogen \u00eenc\u00e2t... - TRA ARMANAMI","og_description":"Comunitatea arm\u00e2n\u0103 din Rom\u00e2nia organizeaz\u0103 expozi\u0163ia de pictura Micro-macro-Trans CORDIAL care reune\u015fte arti\u015fti de origine arm\u00e2n\u0103 sau care au legatur\u0103 cu lumea arm\u00e2neasc\u0103 la hanul Gabroveni \u00eentre 6 si 23 mai. \u00cen acest cadru, va avea loc miercuri 18 mai la ora 18 o dezbatere cu Alexandru Gica despre cartea Unde e Arom\u00e2nia\u00a0? de N. [&hellip;]","og_url":"https:\/\/www.armanami.org\/blog\/aromanii-formau-un-grup-asa-de-aparte-si-omogen-incat\/","og_site_name":"TRA ARMANAMI","article_published_time":"2022-05-16T10:15:12+00:00","article_modified_time":"2022-05-16T10:30:11+00:00","author":"Editeur","twitter_card":"summary_large_image","twitter_misc":{"Written by":"Editeur","Est. reading time":"5 minutes"},"schema":{"@context":"https:\/\/schema.org","@graph":[{"@type":"WebPage","@id":"https:\/\/www.armanami.org\/blog\/aromanii-formau-un-grup-asa-de-aparte-si-omogen-incat\/","url":"https:\/\/www.armanami.org\/blog\/aromanii-formau-un-grup-asa-de-aparte-si-omogen-incat\/","name":"Arom\u00e2nii formau un grup a\u0219a de aparte \u0219i omogen \u00eenc\u00e2t... - TRA ARMANAMI","isPartOf":{"@id":"http:\/\/www.armanami.org\/blog\/#website"},"datePublished":"2022-05-16T10:15:12+00:00","dateModified":"2022-05-16T10:30:11+00:00","author":{"@id":"http:\/\/www.armanami.org\/blog\/#\/schema\/person\/ad77560a1599935b2285ac8a40e4cf91"},"breadcrumb":{"@id":"https:\/\/www.armanami.org\/blog\/aromanii-formau-un-grup-asa-de-aparte-si-omogen-incat\/#breadcrumb"},"inLanguage":"en-US","potentialAction":[{"@type":"ReadAction","target":["https:\/\/www.armanami.org\/blog\/aromanii-formau-un-grup-asa-de-aparte-si-omogen-incat\/"]}]},{"@type":"BreadcrumbList","@id":"https:\/\/www.armanami.org\/blog\/aromanii-formau-un-grup-asa-de-aparte-si-omogen-incat\/#breadcrumb","itemListElement":[{"@type":"ListItem","position":1,"name":"Home","item":"http:\/\/www.armanami.org\/blog\/"},{"@type":"ListItem","position":2,"name":"Arom\u00e2nii formau un grup a\u0219a de aparte \u0219i omogen \u00eenc\u00e2t&#8230;"}]},{"@type":"WebSite","@id":"http:\/\/www.armanami.org\/blog\/#website","url":"http:\/\/www.armanami.org\/blog\/","name":"TRA ARMANAMI","description":"Habari di la armanj luati sh&#039;la armanj dati","potentialAction":[{"@type":"SearchAction","target":{"@type":"EntryPoint","urlTemplate":"http:\/\/www.armanami.org\/blog\/?s={search_term_string}"},"query-input":{"@type":"PropertyValueSpecification","valueRequired":true,"valueName":"search_term_string"}}],"inLanguage":"en-US"},{"@type":"Person","@id":"http:\/\/www.armanami.org\/blog\/#\/schema\/person\/ad77560a1599935b2285ac8a40e4cf91","name":"Editeur","image":{"@type":"ImageObject","inLanguage":"en-US","@id":"http:\/\/www.armanami.org\/blog\/#\/schema\/person\/image\/","url":"https:\/\/secure.gravatar.com\/avatar\/761ad11672a7683bd0716727a6d2194cdbca97ae70d1f58d1e090e55c4007ae7?s=96&d=mm&r=g","contentUrl":"https:\/\/secure.gravatar.com\/avatar\/761ad11672a7683bd0716727a6d2194cdbca97ae70d1f58d1e090e55c4007ae7?s=96&d=mm&r=g","caption":"Editeur"},"url":"http:\/\/www.armanami.org\/blog\/author\/editeur\/"}]}},"_links":{"self":[{"href":"http:\/\/www.armanami.org\/blog\/wp-json\/wp\/v2\/posts\/3644","targetHints":{"allow":["GET"]}}],"collection":[{"href":"http:\/\/www.armanami.org\/blog\/wp-json\/wp\/v2\/posts"}],"about":[{"href":"http:\/\/www.armanami.org\/blog\/wp-json\/wp\/v2\/types\/post"}],"author":[{"embeddable":true,"href":"http:\/\/www.armanami.org\/blog\/wp-json\/wp\/v2\/users\/4"}],"replies":[{"embeddable":true,"href":"http:\/\/www.armanami.org\/blog\/wp-json\/wp\/v2\/comments?post=3644"}],"version-history":[{"count":4,"href":"http:\/\/www.armanami.org\/blog\/wp-json\/wp\/v2\/posts\/3644\/revisions"}],"predecessor-version":[{"id":3649,"href":"http:\/\/www.armanami.org\/blog\/wp-json\/wp\/v2\/posts\/3644\/revisions\/3649"}],"wp:attachment":[{"href":"http:\/\/www.armanami.org\/blog\/wp-json\/wp\/v2\/media?parent=3644"}],"wp:term":[{"taxonomy":"category","embeddable":true,"href":"http:\/\/www.armanami.org\/blog\/wp-json\/wp\/v2\/categories?post=3644"},{"taxonomy":"post_tag","embeddable":true,"href":"http:\/\/www.armanami.org\/blog\/wp-json\/wp\/v2\/tags?post=3644"}],"curies":[{"name":"wp","href":"https:\/\/api.w.org\/{rel}","templated":true}]}}