{"id":3579,"date":"2022-01-24T09:30:03","date_gmt":"2022-01-24T08:30:03","guid":{"rendered":"http:\/\/www.armanami.org\/blog\/?p=3579"},"modified":"2022-01-27T06:10:52","modified_gmt":"2022-01-27T05:10:52","slug":"etnicitatea-aromana-este-ea-oare-solubila-in-nationalitatea-romana","status":"publish","type":"post","link":"http:\/\/www.armanami.org\/blog\/etnicitatea-aromana-este-ea-oare-solubila-in-nationalitatea-romana\/","title":{"rendered":"Etnicitatea arom\u00e2n\u0103 este ea oare solubil\u0103 \u00een na\u0163ionalitatea rom\u00e2n\u0103 ?"},"content":{"rendered":"\n<p><\/p>\n\n\n\n<p>La aceast\u0103 \u00eentrebare, Vladimir Cre\u0163ulescu r\u0103spunde cu un da categoric \u00een teza sa de doctorat sus\u0163inut\u0103 la Bucure\u015fti \u015fi la Bordeaux publicat\u0103 luna trecut\u0103 \u00een limba francez\u0103 la editura l\u2019Harmattan cu titlul&nbsp;<em>Etnicitate arom\u00e2n\u0103, na\u0163ionalitate rom\u00e2n\u0103&nbsp;: construc\u0163ia discursiv\u0103 a unei identit\u0103\u0163i na\u0163ionale (1770-1878)<\/em>. Demonstra\u0163ia sa este departe de a fi conving\u0103toare.<\/p>\n\n\n\n<p><\/p>\n\n\n\n<!--more-->\n\n\n\n<p>Autorul se prezint\u0103 de la \u00eenceput ca un partizan al teoriilor moderniste \u015fi constructiviste ale na\u0163iunii si se demarcheaz\u0103 de tradi\u0163ia rom\u00e2neasc\u0103 &nbsp;care \u00ab&nbsp;caut\u0103 s\u0103 demonstreze rom\u00e2nitatea esen\u0163ial\u0103 a culturii \u015fi civiliza\u0163iei arom\u00e2ne&nbsp;\u00bb (p. 26). Reprezentan\u0163ii recen\u0163i ai acestei tradi\u0163ii cita\u0163i de V. Cre\u0163ulescu sunt&nbsp;: Matilda Caragiu Mario\u0163eanu et Nicolae Saramandu, Nicolae Serban Tana\u015foca, Gherghe Zbuchea, Manuela Nevaci, Emil T\u00eercomnicu, Iulia Wiso\u015fenschi, Nistor Bardu, Stoica Lascu et C\u0103t\u0103lin Alexa (p. 26). El precizeaz\u0103 \u00eens\u0103 c\u0103 arom\u00e2na e un dialect al limbii proto-rom\u00e2ne (p. 17), a\u015fa cum sus\u0163ine \u015fi \u00ab&nbsp;tradi\u0163ia&nbsp;\u00bb, \u00een timp ce pe plan interna\u0163ional unii lingvi\u015fiti consider\u0103, mai ales \u00eentr-o perspectiv\u0103 sociolingvistic\u0103, arom\u00e2na ca o limb\u0103 aparte. Un dubiu se instaleaz\u0103 de la \u00eenceput&nbsp;: desigur, Cre\u0163ulescu se demarcheaz\u0103 de esen\u0163ialism dar asta nu \u00eempiedic\u0103 ca \u00ab&nbsp;constru\u0163ia discursiv\u0103&nbsp;\u00bb pus\u0103 de el&nbsp;&nbsp;\u00een valoare s\u0103 apar\u0103 ca un fel de&nbsp;<em>aggiornamento<\/em>&nbsp;a temelor cultivate de tradi\u0163ia na\u0163ional\u0103 rom\u00e2neasc\u0103.<\/p>\n\n\n\n<p>Paginile cele mai interesante (pp. 27-53) sunt cele consacrate contribu\u0163iilor din ultimele decenii \u00een materie de filozofie, antropologie \u015fi politologie \u00een perspectiva \u00eentocmirii unui cadru interpretativ destinat cercet\u0103rilor autorului. Din p\u0103cate, categoriile propuse nu ne ajut\u0103 mult la \u00een\u0163elegerea realit\u0103\u0163ilor la care ele sunt aplicate. Ele nu fac de multe ori dec\u00e2t s\u0103 confirme sau s\u0103 formuleze \u00een termeni mai savan\u0163i idei care reies din corpusul prezentat. Mai grav, a perora pe tema etnicit\u0103\u0163ii arom\u00e2ne \u00een concep\u0163ia \u00ab&nbsp;elitelor intelectuale&nbsp;\u00bb de la Moscopole la sf\u00e2r\u015fitul secolului XVIII sau a evoca spre exemplu \u00ab&nbsp;existen\u0163a unei etnicit\u0103\u0163i arom\u00e2ne bine definite \u00eenc\u0103 din secolul X, cel t\u00e2rziu&nbsp;\u00bb (p. 51) \u00eenseamn\u0103 a te expune unor obiec\u0163ii bine \u00eentemeiate.&nbsp;<\/p>\n\n\n\n<p>Autorul \u00ee\u015fi propune reconstituirea \u00een spa\u0163iu \u015fi \u00een timp (la Moscopole, \u00een Epir, iar pe urm\u0103 la Viena, Pesta sau Poznan, \u00eentre 1770 \u015fi 1830, \u015fi, \u00een fine, \u00een Tara rom\u00e2neasc\u0103 \u015fi Moldova, odat\u0103 cu intrarea pe scen\u0103 a genera\u0163iei pa\u015fopti\u015ftilor) a \u00ab&nbsp;discursului identitar arom\u00e2no-rom\u00e2n&nbsp;\u00bb.&nbsp;<\/p>\n\n\n\n<p>Cu pa\u015fopti\u015ftii rom\u00e2ni situa\u0163ia este relativ simpl\u0103 av\u00e2nd \u00een vedere c\u0103 scrierile lor privind arom\u00e2nii&nbsp;&nbsp;sunt suficient de explicite ca s\u0103 nu lase niciun dubiu asupra programului politic care va fi implementat ulterior de statul rom\u00e2n.&nbsp;<\/p>\n\n\n\n<p>Alcum stau lucrurile cu scrierile \u015fi pozi\u0163ile adoptate de arom\u00e2nii balcanici \u00een contexul Imperiului otoman \u00eent\u00e2i iar mai apoi \u00een Europa central\u0103 unde unii dintre ei s-au stabilit. Trei factori \u00eentervin \u00een acest sens.<\/p>\n\n\n\n<p>&nbsp;(1) Scrierile \u015fi documentele atestate istoric de care dispunem, prezentate de istoricul Max Demeter Peyfuss \u00een admirabila sa sintez\u0103 despre&nbsp;<em>Chestiunea arom\u00e2neasc\u0103<\/em>&nbsp;(Bucure\u015fti,&nbsp;&nbsp;1994, pp. 23-33) tradus\u0103 \u00een rom\u00e2n\u0103 de N.S. Tana\u015foca sunt desigur suficiente pentru ca s\u0103 ne facem o idee despre importan\u0163a unui centru comercial \u015fi cultural construit de arom\u00e2ni precum Moscopole,&nbsp;&nbsp;despre academia \u015fi imprimeria din aceast\u0103 metropol\u0103 balcanic\u0103, despre c\u0103rturarii care s-au ilustrat \u00een secolul XVIII si discipolii lor care s-au r\u0103sp\u00e2ndit dupa aceea \u00een Europa central\u0103. Scrierile \u015fi datele privind autorii lor de care dispunem, spune acela\u015fi Peyfuss sunt \u00een acela\u015fi timp suficient de rare \u015fi de \u00eempr\u0103\u015ftiate pentru ca importan\u0163a lor s\u0103 poat\u0103 fi exagerat\u0103 \u015fi pentru ca ele s\u0103 favorizeze interpret\u0103ri&nbsp;&nbsp;fondate pe ipoteze mai mult sau mai pu\u0163in coerente.&nbsp;<\/p>\n\n\n\n<p>(2) Autorii rom\u00e2ni de origine arom\u00e2n\u0103 sunt cei care au studiat \u015fi comentat cel mai mult aceaste scrieri. Este vorba de Pericle Papahagi, Theodor Capidan, Anastase H\u00e2ciu, Victor Papacoste et Valentin Papahagi, ca s\u0103 ne referim numai la cei cita\u0163i de V. Cre\u0163ulescu. Perioada \u00een care ei au conceput articolele \u015fi c\u0103r\u0163ile lor pe aceast\u0103 tem\u0103 se \u00eentinde de la 1909 cand apare cartea lui P. Papahagi&nbsp;<em>Scriitori arom\u00e2ni \u00een secolul XVIII&nbsp;: Cavalioti, Ucuta, Daniil<\/em>&nbsp;\u015fi \u00eenceputul anilor 1980, c\u00e2nd&nbsp;&nbsp;Valentin Papahagi termin\u0103 istoria sa despre rela\u0163ile \u00eentre arom\u00e2ni \u015fi dacorom\u00e2ni care va apare mai t\u00e2rziu. Cartea acestuia din urm\u0103 este scris\u0103 \u00een ajunul imploziei regimului comunist \u00een Rom\u00e2nia iar cele mai multe studii \u015fi c\u0103r\u0163i pe aceast\u0103 tem\u0103 sunt posterioare p\u0103cii de la Bucure\u015fti (august 1913) care \u00eenchide un ciclu din istoria arom\u00e2nilor din Balcani r\u0103ma\u015fi f\u0103r\u0103 un statut na\u0163ional definit \u00een statele care \u015fi-au \u00eemp\u0103r\u0163it ultimele teritorii administrate de otomani. Principala preocupare a acestor autori a c\u0103ror ata\u015fament pentru statul rom\u00e2n nu se va dezmin\u0163i niciodat\u0103, era de a l\u0103sa o urm\u0103, de a constitui un patrimoniu, de a salva un trecut considerat&nbsp;&nbsp;glorios \u00een condi\u0163ile \u00een care viitorul arom\u00e2nilor le ap\u0103rea iremediabil compromis.<\/p>\n\n\n\n<p>(3) Cum procedeaz\u0103 V. Cre\u0163ulescu \u00een reconstituirea discursului identitar&nbsp;prezentat ca arom\u00e2no-rom\u00e2n, \u00een alte cuvinte arom\u00e2n mai \u00eent\u00e2i, adic\u0103 elaborat de arom\u00e2nii balcanici, mai ales de cei stabili\u0163i \u00een Europa central\u0103, \u015fi rom\u00e2n odat\u0103 cu interven\u0163ia decisiv\u0103 a frunta\u015filor rom\u00e2ni de la 48 \u00een trecerea definitiv\u0103 de la identitate etnic\u0103 arom\u00e2n\u0103 la na\u0163ionalitatea rom\u00e2n\u0103&nbsp;? Aspectul istoric propriuzis este de la bun \u00eenceput relativizat de V. Cre\u0163ulescu care \u00eel citeaz\u0103 pe Lucian Boia c\u00e2nd acesta scrie c\u0103&nbsp;&nbsp;\u00ab&nbsp;Ceea ce numim noi istorie este de fapt discursul nostru&nbsp;&nbsp;despre istorie&nbsp;\u00bb (p. 35). Pe de alt\u0103 parte,&nbsp;&nbsp;\u00eentre \u00ab&nbsp;text&nbsp;\u00bb \u015fi \u00ab&nbsp;discurs&nbsp;\u00bb, V. Cre\u0163ulescu face diferen\u0163a urm\u0103toare : discursul \u00ab&nbsp;poate s\u0103 tr\u0103iasc\u0103 \u00eentr-o multitudine de texte \u00een tmp ce textul individual nu este dec\u00e2t o realizare specific\u0103 \u015fi singular\u0103 a unui anumit discurs (p. 31). Pornind de la aceste considera\u0163ii, V. Cre\u0163ulescu reia a\u015fa cum se prezint\u0103 ele, inclusiv cu anumite exager\u0103ri \u015fi incoeren\u0163e, comentarile autorilor rom\u00e2ni de origin\u0103 arom\u00e2n\u0103 pomeni\u0163i mai sus pe care le interpreteaz\u0103 la r\u00e2ndul s\u0103u de fiecare dat\u0103 c\u00e2nd aceste interpret\u0103ri par s\u0103 valideze categoriile de etnicitate \u015fi na\u0163ionalitate stabilite ini\u0163ial. Ceea ce era ipotetic \u00een comentarile, \u015fi ele adesea speculative, ale unui autor precum Victor Papacostea c\u0103ruia \u00eei dator\u0103m explica\u0163iile cele mai subtile privind situa\u0163ia predecesorilor lui la Mocopole sau la Viena devine eviden\u0163\u0103 la V. Cre\u0163ulescu. \u00cen absen\u0163a oric\u0103rei \u00eencerc\u0103ri de contextualizare \u015fi a unui examen critic al surselor, at\u00e2t din perioada 1770-1830 c\u00e2t \u015fi din perioada 1909-1980, ca s\u0103 nu mai vorbim de acelea privind genera\u0163ie de la 1848, totul devine posibil iar discursul identitar arom\u00e2no-rom\u00e2n cap\u0103t\u0103 o coeren\u0163\u0103 tulbur\u0103toare. Cu un asem\u0103nea discurs construit artificial \u00eens\u0103 cu preten\u0163ii \u015ftiin\u0163ifice nu suntem departe de discursul esen\u0163ialist tradi\u0163ional rom\u00e2nesc despre \u00ab&nbsp;rom\u00e2nii din sud&nbsp;\u00bb \u00eent\u00e2i &nbsp;salva\u0163i&nbsp;&nbsp;iar pe urm\u0103&nbsp;&nbsp;abandona\u0163i de fra\u0163ii lor dacorom\u00e2ni\u2026&nbsp;<\/p>\n\n\n\n<p>(4) Descoperirea at\u00e2t de c\u0103tre arom\u00e2nii originari din Balcani instala\u0163i \u00een Europa central\u0103 c\u00e2t \u015fi de rom\u00e2nii veni\u0163i din Transilvania la Viena si mai ales la Pesta a oportunit\u0103\u0163ilor deschise de originilor lor \u00ab&nbsp;romane&nbsp;\u00bb datorit\u0103 originii latine a limbii vorbite de ei este \u00een centrul demonsta\u0163iei lui V. Cre\u0163ulescu. \u00cen aceast\u0103 \u00eent\u00e2lnire, at\u00e2t de productiv\u0103 pe plan intelectual \u015fi cu multiple consecin\u0163e, el vede mai ales triumful ideii \u00ab&nbsp;unit\u0103\u0163ii lingvistice \u015fi etno-na\u0163ionale a arom\u00e2nilor cu rom\u00e2nii&nbsp;\u00bb&nbsp;&nbsp;(p. 110). Pe alocuri, interpretarea abuziv\u0103 duce la gre\u015feli. \u00cen mai multe r\u00e2nduri el citeaz\u0103&nbsp;<em>Gramatica rom\u00e2n\u0103<\/em>&nbsp;a lui Boiangi publicat\u0103 \u00een 1813 la Viena (p.&nbsp;133&nbsp;<em>et passim<\/em>) referindu-se la un articol al Matildei Caragiu Mario\u0163eanu din 1988. Ori, \u00een acest articol, lingvista insist\u0103 asupra faptului c\u0103 aceast\u0103 carte nu poate fi numit\u0103 dec\u00e2t&nbsp;<em>Gramatica arom\u00e2n\u0103<\/em>&nbsp;!<a href=\"applewebdata:\/\/548A97BD-17D7-48B0-B209-8C283847D526#_ftn1\"><sup>[1]<\/sup><\/a><\/p>\n\n\n\n<p>\u00cen mod curios, un alt aspect, deloc neglijabil, este trecut cu vederea de autor. Plebiscitat \u00een Rom\u00e2nia, \u00ab&nbsp;discursul identitar arom\u00e2no-rom\u00e2n&nbsp;\u00bb nu a \u00ab&nbsp;prins&nbsp;\u00bb dec\u00e2t la o mic\u0103 parte dintre arom\u00e2ni, cei care s-au instalat cu timpul \u00een Rom\u00e2nia. Mai bine zis nu chiar la to\u0163i, av\u00e2nd \u00een vedere c\u0103 unii dintre ei au cerut recent recunoa\u015fterea lor ca minoritate na\u0163ional\u0103, statut de care se bucur\u0103 arom\u00e2nii din Macedonia de Nord \u015fi Albania. Alfel spus, identitatea etnic\u0103 arom\u00e2n\u0103 nu este neap\u0103rat solubil\u0103 \u00een na\u0163ionalitatea rom\u00e2n\u0103\u2026<\/p>\n\n\n\n<p>PS <em>Ethnicit\u00e9 aroumaine, nationalit\u00e9 roumaine: la construction discursive d\u2019une identit\u00e9 nationale (1770-1878)<\/em>, pref. Florin \u0162urcanu, L\u2019Harmattan, 2021, (Questions contemporaines), 249 p.\u00a0<em>Les origines du discours identitaire aroumain-roumain (1770-1878)\u00a0: la construction d\u2019une identit\u00e9<\/em>\u00a0este titlul tezei de doctorat a lui V. Cre\u0163ulescu\u00a0prezentat\u0103 sub conducerea lui Viorel Panaite si Pilippe Claret. \u00ab Rest (r\u00e9liquat) sub-dun\u0103rean al romanit\u0103\u0163ii orientale (&#8230;)\u00a0popula\u0163ia arom\u00e2n\u0103 se g\u0103se\u015fte azi \u00een preajma sf\u00e2r\u015fitului unei lungi istorii\u00a0\u00bb\u00a0 consider\u0103 autorul prefa\u0163ei (p. 13).<\/p>\n\n\n\n<p>Nicolas Trifon, Paris, ianuarie 2022<\/p>\n\n\n\n<hr class=\"wp-block-separator\"\/>\n\n\n\n<p><a href=\"applewebdata:\/\/548A97BD-17D7-48B0-B209-8C283847D526#_ftnref1\"><sup>[1]<\/sup><\/a>&nbsp;\u00ab&nbsp;A propos de la latinit\u00e9 de l\u2019aroumain&nbsp;\u00bb&nbsp;[analyse critique du travail d\u2019Achille Lazarou&nbsp;<em>L\u2019aroumain et ses rapports avec le grec<\/em>, Ath\u00e8nes, 1987]&nbsp;<em>in<\/em>&nbsp;Caragiu Mario\u021beanu&nbsp;M.<em>, Arom\u00e2nii \u015fi arom\u00e2na \u00een con\u015ftiin\u021ba contemporan\u0103,<\/em>&nbsp;Bucarest, Ed. Academiei rom\u00e2ne, 2006,&nbsp;p. 100-112. (Articol a\u0103arut ini\u0163al \u00een&nbsp;<em>Revue roumaine de linguistique<\/em>, XXXIII, 4, 1988).<\/p>\n","protected":false},"excerpt":{"rendered":"<p>La aceast\u0103 \u00eentrebare, Vladimir Cre\u0163ulescu r\u0103spunde cu un da categoric \u00een teza sa de doctorat sus\u0163inut\u0103 la Bucure\u015fti \u015fi la Bordeaux publicat\u0103 luna trecut\u0103 \u00een limba francez\u0103 la editura l\u2019Harmattan cu titlul&nbsp;Etnicitate arom\u00e2n\u0103, na\u0163ionalitate rom\u00e2n\u0103&nbsp;: construc\u0163ia discursiv\u0103 a unei identit\u0103\u0163i na\u0163ionale (1770-1878). Demonstra\u0163ia sa este departe de a fi conving\u0103toare.<\/p>\n","protected":false},"author":4,"featured_media":0,"comment_status":"open","ping_status":"open","sticky":false,"template":"","format":"standard","meta":{"_monsterinsights_skip_tracking":false,"_monsterinsights_sitenote_active":false,"_monsterinsights_sitenote_note":"","_monsterinsights_sitenote_category":0,"footnotes":""},"categories":[3],"tags":[],"class_list":["post-3579","post","type-post","status-publish","format-standard","hentry","category-habari-news"],"yoast_head":"<!-- This site is optimized with the Yoast SEO plugin v25.4 - https:\/\/yoast.com\/wordpress\/plugins\/seo\/ -->\n<title>Etnicitatea arom\u00e2n\u0103 este ea oare solubil\u0103 \u00een na\u0163ionalitatea rom\u00e2n\u0103 ? - TRA ARMANAMI<\/title>\n<meta name=\"robots\" content=\"index, follow, max-snippet:-1, max-image-preview:large, max-video-preview:-1\" \/>\n<link rel=\"canonical\" href=\"http:\/\/www.armanami.org\/blog\/etnicitatea-aromana-este-ea-oare-solubila-in-nationalitatea-romana\/\" \/>\n<meta property=\"og:locale\" content=\"en_US\" \/>\n<meta property=\"og:type\" content=\"article\" \/>\n<meta property=\"og:title\" content=\"Etnicitatea arom\u00e2n\u0103 este ea oare solubil\u0103 \u00een na\u0163ionalitatea rom\u00e2n\u0103 ? - TRA ARMANAMI\" \/>\n<meta property=\"og:description\" content=\"La aceast\u0103 \u00eentrebare, Vladimir Cre\u0163ulescu r\u0103spunde cu un da categoric \u00een teza sa de doctorat sus\u0163inut\u0103 la Bucure\u015fti \u015fi la Bordeaux publicat\u0103 luna trecut\u0103 \u00een limba francez\u0103 la editura l\u2019Harmattan cu titlul&nbsp;Etnicitate arom\u00e2n\u0103, na\u0163ionalitate rom\u00e2n\u0103&nbsp;: construc\u0163ia discursiv\u0103 a unei identit\u0103\u0163i na\u0163ionale (1770-1878). Demonstra\u0163ia sa este departe de a fi conving\u0103toare.\" \/>\n<meta property=\"og:url\" content=\"http:\/\/www.armanami.org\/blog\/etnicitatea-aromana-este-ea-oare-solubila-in-nationalitatea-romana\/\" \/>\n<meta property=\"og:site_name\" content=\"TRA ARMANAMI\" \/>\n<meta property=\"article:published_time\" content=\"2022-01-24T08:30:03+00:00\" \/>\n<meta property=\"article:modified_time\" content=\"2022-01-27T05:10:52+00:00\" \/>\n<meta name=\"author\" content=\"Editeur\" \/>\n<meta name=\"twitter:card\" content=\"summary_large_image\" \/>\n<meta name=\"twitter:label1\" content=\"Written by\" \/>\n\t<meta name=\"twitter:data1\" content=\"Editeur\" \/>\n\t<meta name=\"twitter:label2\" content=\"Est. reading time\" \/>\n\t<meta name=\"twitter:data2\" content=\"9 minutes\" \/>\n<script type=\"application\/ld+json\" class=\"yoast-schema-graph\">{\"@context\":\"https:\/\/schema.org\",\"@graph\":[{\"@type\":\"WebPage\",\"@id\":\"http:\/\/www.armanami.org\/blog\/etnicitatea-aromana-este-ea-oare-solubila-in-nationalitatea-romana\/\",\"url\":\"http:\/\/www.armanami.org\/blog\/etnicitatea-aromana-este-ea-oare-solubila-in-nationalitatea-romana\/\",\"name\":\"Etnicitatea arom\u00e2n\u0103 este ea oare solubil\u0103 \u00een na\u0163ionalitatea rom\u00e2n\u0103 ? - TRA ARMANAMI\",\"isPartOf\":{\"@id\":\"http:\/\/www.armanami.org\/blog\/#website\"},\"datePublished\":\"2022-01-24T08:30:03+00:00\",\"dateModified\":\"2022-01-27T05:10:52+00:00\",\"author\":{\"@id\":\"http:\/\/www.armanami.org\/blog\/#\/schema\/person\/ad77560a1599935b2285ac8a40e4cf91\"},\"breadcrumb\":{\"@id\":\"http:\/\/www.armanami.org\/blog\/etnicitatea-aromana-este-ea-oare-solubila-in-nationalitatea-romana\/#breadcrumb\"},\"inLanguage\":\"en-US\",\"potentialAction\":[{\"@type\":\"ReadAction\",\"target\":[\"http:\/\/www.armanami.org\/blog\/etnicitatea-aromana-este-ea-oare-solubila-in-nationalitatea-romana\/\"]}]},{\"@type\":\"BreadcrumbList\",\"@id\":\"http:\/\/www.armanami.org\/blog\/etnicitatea-aromana-este-ea-oare-solubila-in-nationalitatea-romana\/#breadcrumb\",\"itemListElement\":[{\"@type\":\"ListItem\",\"position\":1,\"name\":\"Home\",\"item\":\"http:\/\/www.armanami.org\/blog\/\"},{\"@type\":\"ListItem\",\"position\":2,\"name\":\"Etnicitatea arom\u00e2n\u0103 este ea oare solubil\u0103 \u00een na\u0163ionalitatea rom\u00e2n\u0103 ?\"}]},{\"@type\":\"WebSite\",\"@id\":\"http:\/\/www.armanami.org\/blog\/#website\",\"url\":\"http:\/\/www.armanami.org\/blog\/\",\"name\":\"TRA ARMANAMI\",\"description\":\"Habari di la armanj luati sh&#039;la armanj dati\",\"potentialAction\":[{\"@type\":\"SearchAction\",\"target\":{\"@type\":\"EntryPoint\",\"urlTemplate\":\"http:\/\/www.armanami.org\/blog\/?s={search_term_string}\"},\"query-input\":{\"@type\":\"PropertyValueSpecification\",\"valueRequired\":true,\"valueName\":\"search_term_string\"}}],\"inLanguage\":\"en-US\"},{\"@type\":\"Person\",\"@id\":\"http:\/\/www.armanami.org\/blog\/#\/schema\/person\/ad77560a1599935b2285ac8a40e4cf91\",\"name\":\"Editeur\",\"image\":{\"@type\":\"ImageObject\",\"inLanguage\":\"en-US\",\"@id\":\"http:\/\/www.armanami.org\/blog\/#\/schema\/person\/image\/\",\"url\":\"https:\/\/secure.gravatar.com\/avatar\/761ad11672a7683bd0716727a6d2194cdbca97ae70d1f58d1e090e55c4007ae7?s=96&d=mm&r=g\",\"contentUrl\":\"https:\/\/secure.gravatar.com\/avatar\/761ad11672a7683bd0716727a6d2194cdbca97ae70d1f58d1e090e55c4007ae7?s=96&d=mm&r=g\",\"caption\":\"Editeur\"},\"url\":\"http:\/\/www.armanami.org\/blog\/author\/editeur\/\"}]}<\/script>\n<!-- \/ Yoast SEO plugin. -->","yoast_head_json":{"title":"Etnicitatea arom\u00e2n\u0103 este ea oare solubil\u0103 \u00een na\u0163ionalitatea rom\u00e2n\u0103 ? - TRA ARMANAMI","robots":{"index":"index","follow":"follow","max-snippet":"max-snippet:-1","max-image-preview":"max-image-preview:large","max-video-preview":"max-video-preview:-1"},"canonical":"http:\/\/www.armanami.org\/blog\/etnicitatea-aromana-este-ea-oare-solubila-in-nationalitatea-romana\/","og_locale":"en_US","og_type":"article","og_title":"Etnicitatea arom\u00e2n\u0103 este ea oare solubil\u0103 \u00een na\u0163ionalitatea rom\u00e2n\u0103 ? - TRA ARMANAMI","og_description":"La aceast\u0103 \u00eentrebare, Vladimir Cre\u0163ulescu r\u0103spunde cu un da categoric \u00een teza sa de doctorat sus\u0163inut\u0103 la Bucure\u015fti \u015fi la Bordeaux publicat\u0103 luna trecut\u0103 \u00een limba francez\u0103 la editura l\u2019Harmattan cu titlul&nbsp;Etnicitate arom\u00e2n\u0103, na\u0163ionalitate rom\u00e2n\u0103&nbsp;: construc\u0163ia discursiv\u0103 a unei identit\u0103\u0163i na\u0163ionale (1770-1878). Demonstra\u0163ia sa este departe de a fi conving\u0103toare.","og_url":"http:\/\/www.armanami.org\/blog\/etnicitatea-aromana-este-ea-oare-solubila-in-nationalitatea-romana\/","og_site_name":"TRA ARMANAMI","article_published_time":"2022-01-24T08:30:03+00:00","article_modified_time":"2022-01-27T05:10:52+00:00","author":"Editeur","twitter_card":"summary_large_image","twitter_misc":{"Written by":"Editeur","Est. reading time":"9 minutes"},"schema":{"@context":"https:\/\/schema.org","@graph":[{"@type":"WebPage","@id":"http:\/\/www.armanami.org\/blog\/etnicitatea-aromana-este-ea-oare-solubila-in-nationalitatea-romana\/","url":"http:\/\/www.armanami.org\/blog\/etnicitatea-aromana-este-ea-oare-solubila-in-nationalitatea-romana\/","name":"Etnicitatea arom\u00e2n\u0103 este ea oare solubil\u0103 \u00een na\u0163ionalitatea rom\u00e2n\u0103 ? - TRA ARMANAMI","isPartOf":{"@id":"http:\/\/www.armanami.org\/blog\/#website"},"datePublished":"2022-01-24T08:30:03+00:00","dateModified":"2022-01-27T05:10:52+00:00","author":{"@id":"http:\/\/www.armanami.org\/blog\/#\/schema\/person\/ad77560a1599935b2285ac8a40e4cf91"},"breadcrumb":{"@id":"http:\/\/www.armanami.org\/blog\/etnicitatea-aromana-este-ea-oare-solubila-in-nationalitatea-romana\/#breadcrumb"},"inLanguage":"en-US","potentialAction":[{"@type":"ReadAction","target":["http:\/\/www.armanami.org\/blog\/etnicitatea-aromana-este-ea-oare-solubila-in-nationalitatea-romana\/"]}]},{"@type":"BreadcrumbList","@id":"http:\/\/www.armanami.org\/blog\/etnicitatea-aromana-este-ea-oare-solubila-in-nationalitatea-romana\/#breadcrumb","itemListElement":[{"@type":"ListItem","position":1,"name":"Home","item":"http:\/\/www.armanami.org\/blog\/"},{"@type":"ListItem","position":2,"name":"Etnicitatea arom\u00e2n\u0103 este ea oare solubil\u0103 \u00een na\u0163ionalitatea rom\u00e2n\u0103 ?"}]},{"@type":"WebSite","@id":"http:\/\/www.armanami.org\/blog\/#website","url":"http:\/\/www.armanami.org\/blog\/","name":"TRA ARMANAMI","description":"Habari di la armanj luati sh&#039;la armanj dati","potentialAction":[{"@type":"SearchAction","target":{"@type":"EntryPoint","urlTemplate":"http:\/\/www.armanami.org\/blog\/?s={search_term_string}"},"query-input":{"@type":"PropertyValueSpecification","valueRequired":true,"valueName":"search_term_string"}}],"inLanguage":"en-US"},{"@type":"Person","@id":"http:\/\/www.armanami.org\/blog\/#\/schema\/person\/ad77560a1599935b2285ac8a40e4cf91","name":"Editeur","image":{"@type":"ImageObject","inLanguage":"en-US","@id":"http:\/\/www.armanami.org\/blog\/#\/schema\/person\/image\/","url":"https:\/\/secure.gravatar.com\/avatar\/761ad11672a7683bd0716727a6d2194cdbca97ae70d1f58d1e090e55c4007ae7?s=96&d=mm&r=g","contentUrl":"https:\/\/secure.gravatar.com\/avatar\/761ad11672a7683bd0716727a6d2194cdbca97ae70d1f58d1e090e55c4007ae7?s=96&d=mm&r=g","caption":"Editeur"},"url":"http:\/\/www.armanami.org\/blog\/author\/editeur\/"}]}},"_links":{"self":[{"href":"http:\/\/www.armanami.org\/blog\/wp-json\/wp\/v2\/posts\/3579","targetHints":{"allow":["GET"]}}],"collection":[{"href":"http:\/\/www.armanami.org\/blog\/wp-json\/wp\/v2\/posts"}],"about":[{"href":"http:\/\/www.armanami.org\/blog\/wp-json\/wp\/v2\/types\/post"}],"author":[{"embeddable":true,"href":"http:\/\/www.armanami.org\/blog\/wp-json\/wp\/v2\/users\/4"}],"replies":[{"embeddable":true,"href":"http:\/\/www.armanami.org\/blog\/wp-json\/wp\/v2\/comments?post=3579"}],"version-history":[{"count":8,"href":"http:\/\/www.armanami.org\/blog\/wp-json\/wp\/v2\/posts\/3579\/revisions"}],"predecessor-version":[{"id":3617,"href":"http:\/\/www.armanami.org\/blog\/wp-json\/wp\/v2\/posts\/3579\/revisions\/3617"}],"wp:attachment":[{"href":"http:\/\/www.armanami.org\/blog\/wp-json\/wp\/v2\/media?parent=3579"}],"wp:term":[{"taxonomy":"category","embeddable":true,"href":"http:\/\/www.armanami.org\/blog\/wp-json\/wp\/v2\/categories?post=3579"},{"taxonomy":"post_tag","embeddable":true,"href":"http:\/\/www.armanami.org\/blog\/wp-json\/wp\/v2\/tags?post=3579"}],"curies":[{"name":"wp","href":"https:\/\/api.w.org\/{rel}","templated":true}]}}