{"id":3570,"date":"2021-12-20T11:26:41","date_gmt":"2021-12-20T10:26:41","guid":{"rendered":"http:\/\/www.armanami.org\/blog\/?p=3570"},"modified":"2022-01-28T19:12:33","modified_gmt":"2022-01-28T18:12:33","slug":"athenes-la-ministre-de-la-culture-nomme-un-theologien-a-la-place-de-lethnologue-vassilis-nitsiakos","status":"publish","type":"post","link":"http:\/\/www.armanami.org\/blog\/athenes-la-ministre-de-la-culture-nomme-un-theologien-a-la-place-de-lethnologue-vassilis-nitsiakos\/","title":{"rendered":"Ath\u00e8nes : la ministre de la Culture nomme un th\u00e9ologien \u00e0 la place de l\u2019ethnologue Vassilis Nitsiakos"},"content":{"rendered":"\n<div class=\"wp-block-group\"><div class=\"wp-block-group__inner-container is-layout-flow wp-block-group-is-layout-flow\">\n<figure class=\"wp-block-image size-large\"><img loading=\"lazy\" decoding=\"async\" width=\"840\" height=\"526\" src=\"http:\/\/www.armanami.org\/blog\/wp-content\/uploads\/2021\/12\/nits.png\" alt=\"\" class=\"wp-image-3571\" srcset=\"http:\/\/www.armanami.org\/blog\/wp-content\/uploads\/2021\/12\/nits.png 840w, http:\/\/www.armanami.org\/blog\/wp-content\/uploads\/2021\/12\/nits-300x188.png 300w, http:\/\/www.armanami.org\/blog\/wp-content\/uploads\/2021\/12\/nits-768x481.png 768w\" sizes=\"auto, (max-width: 840px) 100vw, 840px\" \/><figcaption>Vassilis Nitsiakos<\/figcaption><\/figure>\n<\/div><\/div>\n\n\n\n<p>Le th\u00e9ologien Michael Tritos a \u00e9t\u00e9 nomm\u00e9 par la ministre de la culture Lina Mendoni pr\u00e9sident du conseil d&#8217;administration du Mus\u00e9e folklorique et ethnologique de Mac\u00e9doine &#8211; Thrace (LEMM-TH) en remplacement du professeur d\u00e9missionnaire de folklore social de l&#8217;universit\u00e9 de Ioannina Vassilis Nitsiakos<a href=\"applewebdata:\/\/82954F61-8F0A-4800-9747-75940D1BDB61#_ftn1\"><sup>[1]<\/sup><\/a>.<\/p>\n\n\n\n<p>20.12.2021, par Alkis Kokkinos<\/p>\n\n\n\n<!--more-->\n\n\n\n<p>Vassilis Nitsiakos, ainsi que 9 autres membres titulaires et suppl\u00e9ants du Conseil d&#8217;administration de la LEMM-TH (le vice-pr\u00e9sident Ioannis Manos, professeur associ\u00e9 \u00e0 l&#8217;Universit\u00e9 de Mac\u00e9doine, la tr\u00e9sori\u00e8re Eleni Kallimopoulou, professeur assistant \u00e0 l&#8217;Universit\u00e9 de Mac\u00e9doine, les membres titulaires Eftichia Voutyra, professeur retrait\u00e9 \u00e0 l&#8217;Universit\u00e9 de Mac\u00e9doine et Dimitris Arkoudis, avocat et les membres suppl\u00e9ants Eleftheria Deltatsou, professeur associ\u00e9 \u00e0 l&#8217;Universit\u00e9 de Thessalie, Vasiliki Kravva, professeur assistant \u00e0 l&#8217;Universit\u00e9 D\u00e9mocrite de Thrace, Spyros Garouniati, \u00e9conomiste BSc-MSc-MPhil, Roxanne Kostatziki, avocate et Andreas Papoukidis, professeur d&#8217;\u00e9ducation physique avec sp\u00e9cialisation en danse traditionnelle grecque) avaient pr\u00e9sent\u00e9 leur d\u00e9mission collective au d\u00e9but du mois d&#8217;octobre dernier.Dans leur lettre de d\u00e9mission adress\u00e9e \u00e0 la ministre de la Culture Lina Mendoni, les dix ont fait remarquer que pour eux &#8220;le but ultime d&#8217;un mus\u00e9e, en g\u00e9n\u00e9ral, et du LEMMTH, en particulier, ne se limite pas \u00e0 la simple collecte, conservation, classification et exposition d&#8217;objets ayant une signification artistique, historique, nationale ou ethnique&#8221;, car &#8220;un mus\u00e9e est un cadre de socialisation et un lieu de conversation avec les multiples dimensions du pass\u00e9, activant les visiteurs dans la production participative de connaissances&#8221;.<\/p>\n\n\n\n<p>Ils se sont plaints que &#8220;les d\u00e9cisions et le travail du Conseil ont \u00e9t\u00e9 syst\u00e9matiquement sap\u00e9s par des groupes pr\u00e9existants au sein de la LEMMTH, ayant des liens avec le parti et l&#8217;id\u00e9ologie, qui revendiquent pour eux-m\u00eames le r\u00f4le de gardiens patriotiques&#8221;. Invoquant pr\u00e9tentieusement le &#8220;caract\u00e8re national&#8221; du mus\u00e9e, ils assument le r\u00f4le de validateur des attitudes des individus et des institutions et cat\u00e9gorisent les personnes et les actions en &#8220;patriotiques&#8221; et &#8220;non-patriotiques&#8221;, traitant le LEMMTH comme un &#8220;domaine r\u00e9serv\u00e9 \u00e0 la satisfaction d&#8217;int\u00e9r\u00eats personnels et collectifs&#8221;.<\/p>\n\n\n\n<p>Les d\u00e9missionnaires ont \u00e9galement soulign\u00e9 que leur d\u00e9mission a \u00e9t\u00e9 faite pour pr\u00e9server l&#8217;int\u00e9grit\u00e9 scientifique, acad\u00e9mique et morale qui r\u00e9git leur travail administratif et de recherche, ainsi que le prestige du LEMMTH en tant qu&#8217;institution publique, en concluant leur lettre par la phrase suivante : &#8220;Nous esp\u00e9rons que notre d\u00e9cision conduira \u00e0 une r\u00e9vision radicale et \u00e0 une r\u00e9vision des pratiques qui exposent le minist\u00e8re de la Culture.&#8221;<\/p>\n\n\n\n<p>Deux mois plus tard, la ministre de la culture, Lina Mendoni, non seulement ne proc\u00e8de pas &#8220;\u00e0 un examen et \u00e0 une r\u00e9vision radicale des pratiques qui exposent le minist\u00e8re de la culture&#8221;, mais nomme le th\u00e9ologien Michael Tritos \u00e0 la pr\u00e9sidence du conseil d&#8217;administration de la LEMM-TH, professeur \u00e9m\u00e9rite du d\u00e9partement de th\u00e9ologie pastorale et sociale de l&#8217;universit\u00e9 Aristote, confirmant en substance les plaintes des anciens membres d\u00e9missionnaires du conseil d&#8217;administration concernant le caract\u00e8re et l&#8217;orientation que les dirigeants politiques actuels souhaitent donner \u00e0 un mus\u00e9e comme le LEMM-TH<\/p>\n\n\n\n<p>Publication d&#8217;origine en grec : https:\/\/kosmodromio.gr\/2021\/12\/20\/\u03b8\u03b5\u03bf\u03bb\u03cc\u03b3\u03bf-\u03b1\u03bd\u03c4\u03af-\u03b5\u03b8\u03bd\u03bf\u03bb\u03cc\u03b3\u03bf\u03c5-\u03b4\u03b9\u03cc\u03c1\u03b9\u03c3\u03b5-\u03b7-\u03bb\u03af\u03bd\u03b1\/?fbclid=IwAR2Bo3bCXr98FOvd7V1_76JLj-XKmp2UNpB_IF6U_Dx6G2HDpDft2_fFJB0<\/p>\n\n\n\n<hr class=\"wp-block-separator\"\/>\n\n\n\n<p><a href=\"applewebdata:\/\/82954F61-8F0A-4800-9747-75940D1BDB61#_ftnref1\"><sup>[1]<\/sup><\/a>&nbsp;Auteur notamment de&nbsp;<em>On the Border&nbsp;: Transborder Mobility, Ethnic Groups and Boundaries along the Albanian-Greek Frontier, V.&nbsp;<\/em>Nitsiakos a publi\u00e9 \u201cO lele\u201d, un beau livre trilingue (aroumain-grec-anglais) accompagn\u00e9 d\u2019un CD :&nbsp;<a href=\"http:\/\/www.armanami.org\/blog\/vasilis-nitsiakos-o-lele-carti-cu-cd-kira-mantsu\/#more-1922\">http:\/\/www.armanami.org\/blog\/vasilis-nitsiakos-o-lele-carti-cu-cd-kira-mantsu\/<\/a><\/p>\n\n\n\n<p>Cf. aussi la note de Mariana Bara sur cet auteur&nbsp;:&nbsp;<a href=\"https:\/\/journals.openedition.org\/balkanologie\/2316?lang=en\">https:\/\/journals.openedition.org\/balkanologie\/2316?lang=en<\/a><\/p>\n","protected":false},"excerpt":{"rendered":"<p>Le th\u00e9ologien Michael Tritos a \u00e9t\u00e9 nomm\u00e9 par la ministre de la culture Lina Mendoni pr\u00e9sident du conseil d&#8217;administration du Mus\u00e9e folklorique et ethnologique de Mac\u00e9doine &#8211; Thrace (LEMM-TH) en remplacement du professeur d\u00e9missionnaire de folklore social de l&#8217;universit\u00e9 de Ioannina Vassilis Nitsiakos[1]. 20.12.2021, par Alkis Kokkinos<\/p>\n","protected":false},"author":4,"featured_media":0,"comment_status":"open","ping_status":"open","sticky":false,"template":"","format":"standard","meta":{"_monsterinsights_skip_tracking":false,"_monsterinsights_sitenote_active":false,"_monsterinsights_sitenote_note":"","_monsterinsights_sitenote_category":0,"footnotes":""},"categories":[3],"tags":[],"class_list":["post-3570","post","type-post","status-publish","format-standard","hentry","category-habari-news"],"yoast_head":"<!-- This site is optimized with the Yoast SEO plugin v25.4 - https:\/\/yoast.com\/wordpress\/plugins\/seo\/ -->\n<title>Ath\u00e8nes : la ministre de la Culture nomme un th\u00e9ologien \u00e0 la place de l\u2019ethnologue Vassilis Nitsiakos - TRA ARMANAMI<\/title>\n<meta name=\"robots\" content=\"index, follow, max-snippet:-1, max-image-preview:large, max-video-preview:-1\" \/>\n<link rel=\"canonical\" href=\"http:\/\/www.armanami.org\/blog\/athenes-la-ministre-de-la-culture-nomme-un-theologien-a-la-place-de-lethnologue-vassilis-nitsiakos\/\" \/>\n<meta property=\"og:locale\" content=\"en_US\" \/>\n<meta property=\"og:type\" content=\"article\" \/>\n<meta property=\"og:title\" content=\"Ath\u00e8nes : la ministre de la Culture nomme un th\u00e9ologien \u00e0 la place de l\u2019ethnologue Vassilis Nitsiakos - TRA ARMANAMI\" \/>\n<meta property=\"og:description\" content=\"Le th\u00e9ologien Michael Tritos a \u00e9t\u00e9 nomm\u00e9 par la ministre de la culture Lina Mendoni pr\u00e9sident du conseil d&#8217;administration du Mus\u00e9e folklorique et ethnologique de Mac\u00e9doine &#8211; Thrace (LEMM-TH) en remplacement du professeur d\u00e9missionnaire de folklore social de l&#8217;universit\u00e9 de Ioannina Vassilis Nitsiakos[1]. 20.12.2021, par Alkis Kokkinos\" \/>\n<meta property=\"og:url\" content=\"http:\/\/www.armanami.org\/blog\/athenes-la-ministre-de-la-culture-nomme-un-theologien-a-la-place-de-lethnologue-vassilis-nitsiakos\/\" \/>\n<meta property=\"og:site_name\" content=\"TRA ARMANAMI\" \/>\n<meta property=\"article:published_time\" content=\"2021-12-20T10:26:41+00:00\" \/>\n<meta property=\"article:modified_time\" content=\"2022-01-28T18:12:33+00:00\" \/>\n<meta property=\"og:image\" content=\"http:\/\/www.armanami.org\/blog\/wp-content\/uploads\/2021\/12\/nits.png\" \/>\n<meta name=\"author\" content=\"Editeur\" \/>\n<meta name=\"twitter:card\" content=\"summary_large_image\" \/>\n<meta name=\"twitter:label1\" content=\"Written by\" \/>\n\t<meta name=\"twitter:data1\" content=\"Editeur\" \/>\n\t<meta name=\"twitter:label2\" content=\"Est. reading time\" \/>\n\t<meta name=\"twitter:data2\" content=\"3 minutes\" \/>\n<script type=\"application\/ld+json\" class=\"yoast-schema-graph\">{\"@context\":\"https:\/\/schema.org\",\"@graph\":[{\"@type\":\"WebPage\",\"@id\":\"http:\/\/www.armanami.org\/blog\/athenes-la-ministre-de-la-culture-nomme-un-theologien-a-la-place-de-lethnologue-vassilis-nitsiakos\/\",\"url\":\"http:\/\/www.armanami.org\/blog\/athenes-la-ministre-de-la-culture-nomme-un-theologien-a-la-place-de-lethnologue-vassilis-nitsiakos\/\",\"name\":\"Ath\u00e8nes : la ministre de la Culture nomme un th\u00e9ologien \u00e0 la place de l\u2019ethnologue Vassilis Nitsiakos - TRA ARMANAMI\",\"isPartOf\":{\"@id\":\"http:\/\/www.armanami.org\/blog\/#website\"},\"primaryImageOfPage\":{\"@id\":\"http:\/\/www.armanami.org\/blog\/athenes-la-ministre-de-la-culture-nomme-un-theologien-a-la-place-de-lethnologue-vassilis-nitsiakos\/#primaryimage\"},\"image\":{\"@id\":\"http:\/\/www.armanami.org\/blog\/athenes-la-ministre-de-la-culture-nomme-un-theologien-a-la-place-de-lethnologue-vassilis-nitsiakos\/#primaryimage\"},\"thumbnailUrl\":\"http:\/\/www.armanami.org\/blog\/wp-content\/uploads\/2021\/12\/nits.png\",\"datePublished\":\"2021-12-20T10:26:41+00:00\",\"dateModified\":\"2022-01-28T18:12:33+00:00\",\"author\":{\"@id\":\"http:\/\/www.armanami.org\/blog\/#\/schema\/person\/ad77560a1599935b2285ac8a40e4cf91\"},\"breadcrumb\":{\"@id\":\"http:\/\/www.armanami.org\/blog\/athenes-la-ministre-de-la-culture-nomme-un-theologien-a-la-place-de-lethnologue-vassilis-nitsiakos\/#breadcrumb\"},\"inLanguage\":\"en-US\",\"potentialAction\":[{\"@type\":\"ReadAction\",\"target\":[\"http:\/\/www.armanami.org\/blog\/athenes-la-ministre-de-la-culture-nomme-un-theologien-a-la-place-de-lethnologue-vassilis-nitsiakos\/\"]}]},{\"@type\":\"ImageObject\",\"inLanguage\":\"en-US\",\"@id\":\"http:\/\/www.armanami.org\/blog\/athenes-la-ministre-de-la-culture-nomme-un-theologien-a-la-place-de-lethnologue-vassilis-nitsiakos\/#primaryimage\",\"url\":\"http:\/\/www.armanami.org\/blog\/wp-content\/uploads\/2021\/12\/nits.png\",\"contentUrl\":\"http:\/\/www.armanami.org\/blog\/wp-content\/uploads\/2021\/12\/nits.png\",\"width\":840,\"height\":526},{\"@type\":\"BreadcrumbList\",\"@id\":\"http:\/\/www.armanami.org\/blog\/athenes-la-ministre-de-la-culture-nomme-un-theologien-a-la-place-de-lethnologue-vassilis-nitsiakos\/#breadcrumb\",\"itemListElement\":[{\"@type\":\"ListItem\",\"position\":1,\"name\":\"Home\",\"item\":\"http:\/\/www.armanami.org\/blog\/\"},{\"@type\":\"ListItem\",\"position\":2,\"name\":\"Ath\u00e8nes : la ministre de la Culture nomme un th\u00e9ologien \u00e0 la place de l\u2019ethnologue Vassilis Nitsiakos\"}]},{\"@type\":\"WebSite\",\"@id\":\"http:\/\/www.armanami.org\/blog\/#website\",\"url\":\"http:\/\/www.armanami.org\/blog\/\",\"name\":\"TRA ARMANAMI\",\"description\":\"Habari di la armanj luati sh&#039;la armanj dati\",\"potentialAction\":[{\"@type\":\"SearchAction\",\"target\":{\"@type\":\"EntryPoint\",\"urlTemplate\":\"http:\/\/www.armanami.org\/blog\/?s={search_term_string}\"},\"query-input\":{\"@type\":\"PropertyValueSpecification\",\"valueRequired\":true,\"valueName\":\"search_term_string\"}}],\"inLanguage\":\"en-US\"},{\"@type\":\"Person\",\"@id\":\"http:\/\/www.armanami.org\/blog\/#\/schema\/person\/ad77560a1599935b2285ac8a40e4cf91\",\"name\":\"Editeur\",\"image\":{\"@type\":\"ImageObject\",\"inLanguage\":\"en-US\",\"@id\":\"http:\/\/www.armanami.org\/blog\/#\/schema\/person\/image\/\",\"url\":\"https:\/\/secure.gravatar.com\/avatar\/761ad11672a7683bd0716727a6d2194cdbca97ae70d1f58d1e090e55c4007ae7?s=96&d=mm&r=g\",\"contentUrl\":\"https:\/\/secure.gravatar.com\/avatar\/761ad11672a7683bd0716727a6d2194cdbca97ae70d1f58d1e090e55c4007ae7?s=96&d=mm&r=g\",\"caption\":\"Editeur\"},\"url\":\"http:\/\/www.armanami.org\/blog\/author\/editeur\/\"}]}<\/script>\n<!-- \/ Yoast SEO plugin. -->","yoast_head_json":{"title":"Ath\u00e8nes : la ministre de la Culture nomme un th\u00e9ologien \u00e0 la place de l\u2019ethnologue Vassilis Nitsiakos - TRA ARMANAMI","robots":{"index":"index","follow":"follow","max-snippet":"max-snippet:-1","max-image-preview":"max-image-preview:large","max-video-preview":"max-video-preview:-1"},"canonical":"http:\/\/www.armanami.org\/blog\/athenes-la-ministre-de-la-culture-nomme-un-theologien-a-la-place-de-lethnologue-vassilis-nitsiakos\/","og_locale":"en_US","og_type":"article","og_title":"Ath\u00e8nes : la ministre de la Culture nomme un th\u00e9ologien \u00e0 la place de l\u2019ethnologue Vassilis Nitsiakos - TRA ARMANAMI","og_description":"Le th\u00e9ologien Michael Tritos a \u00e9t\u00e9 nomm\u00e9 par la ministre de la culture Lina Mendoni pr\u00e9sident du conseil d&#8217;administration du Mus\u00e9e folklorique et ethnologique de Mac\u00e9doine &#8211; Thrace (LEMM-TH) en remplacement du professeur d\u00e9missionnaire de folklore social de l&#8217;universit\u00e9 de Ioannina Vassilis Nitsiakos[1]. 20.12.2021, par Alkis Kokkinos","og_url":"http:\/\/www.armanami.org\/blog\/athenes-la-ministre-de-la-culture-nomme-un-theologien-a-la-place-de-lethnologue-vassilis-nitsiakos\/","og_site_name":"TRA ARMANAMI","article_published_time":"2021-12-20T10:26:41+00:00","article_modified_time":"2022-01-28T18:12:33+00:00","og_image":[{"url":"http:\/\/www.armanami.org\/blog\/wp-content\/uploads\/2021\/12\/nits.png","type":"","width":"","height":""}],"author":"Editeur","twitter_card":"summary_large_image","twitter_misc":{"Written by":"Editeur","Est. reading time":"3 minutes"},"schema":{"@context":"https:\/\/schema.org","@graph":[{"@type":"WebPage","@id":"http:\/\/www.armanami.org\/blog\/athenes-la-ministre-de-la-culture-nomme-un-theologien-a-la-place-de-lethnologue-vassilis-nitsiakos\/","url":"http:\/\/www.armanami.org\/blog\/athenes-la-ministre-de-la-culture-nomme-un-theologien-a-la-place-de-lethnologue-vassilis-nitsiakos\/","name":"Ath\u00e8nes : la ministre de la Culture nomme un th\u00e9ologien \u00e0 la place de l\u2019ethnologue Vassilis Nitsiakos - TRA ARMANAMI","isPartOf":{"@id":"http:\/\/www.armanami.org\/blog\/#website"},"primaryImageOfPage":{"@id":"http:\/\/www.armanami.org\/blog\/athenes-la-ministre-de-la-culture-nomme-un-theologien-a-la-place-de-lethnologue-vassilis-nitsiakos\/#primaryimage"},"image":{"@id":"http:\/\/www.armanami.org\/blog\/athenes-la-ministre-de-la-culture-nomme-un-theologien-a-la-place-de-lethnologue-vassilis-nitsiakos\/#primaryimage"},"thumbnailUrl":"http:\/\/www.armanami.org\/blog\/wp-content\/uploads\/2021\/12\/nits.png","datePublished":"2021-12-20T10:26:41+00:00","dateModified":"2022-01-28T18:12:33+00:00","author":{"@id":"http:\/\/www.armanami.org\/blog\/#\/schema\/person\/ad77560a1599935b2285ac8a40e4cf91"},"breadcrumb":{"@id":"http:\/\/www.armanami.org\/blog\/athenes-la-ministre-de-la-culture-nomme-un-theologien-a-la-place-de-lethnologue-vassilis-nitsiakos\/#breadcrumb"},"inLanguage":"en-US","potentialAction":[{"@type":"ReadAction","target":["http:\/\/www.armanami.org\/blog\/athenes-la-ministre-de-la-culture-nomme-un-theologien-a-la-place-de-lethnologue-vassilis-nitsiakos\/"]}]},{"@type":"ImageObject","inLanguage":"en-US","@id":"http:\/\/www.armanami.org\/blog\/athenes-la-ministre-de-la-culture-nomme-un-theologien-a-la-place-de-lethnologue-vassilis-nitsiakos\/#primaryimage","url":"http:\/\/www.armanami.org\/blog\/wp-content\/uploads\/2021\/12\/nits.png","contentUrl":"http:\/\/www.armanami.org\/blog\/wp-content\/uploads\/2021\/12\/nits.png","width":840,"height":526},{"@type":"BreadcrumbList","@id":"http:\/\/www.armanami.org\/blog\/athenes-la-ministre-de-la-culture-nomme-un-theologien-a-la-place-de-lethnologue-vassilis-nitsiakos\/#breadcrumb","itemListElement":[{"@type":"ListItem","position":1,"name":"Home","item":"http:\/\/www.armanami.org\/blog\/"},{"@type":"ListItem","position":2,"name":"Ath\u00e8nes : la ministre de la Culture nomme un th\u00e9ologien \u00e0 la place de l\u2019ethnologue Vassilis Nitsiakos"}]},{"@type":"WebSite","@id":"http:\/\/www.armanami.org\/blog\/#website","url":"http:\/\/www.armanami.org\/blog\/","name":"TRA ARMANAMI","description":"Habari di la armanj luati sh&#039;la armanj dati","potentialAction":[{"@type":"SearchAction","target":{"@type":"EntryPoint","urlTemplate":"http:\/\/www.armanami.org\/blog\/?s={search_term_string}"},"query-input":{"@type":"PropertyValueSpecification","valueRequired":true,"valueName":"search_term_string"}}],"inLanguage":"en-US"},{"@type":"Person","@id":"http:\/\/www.armanami.org\/blog\/#\/schema\/person\/ad77560a1599935b2285ac8a40e4cf91","name":"Editeur","image":{"@type":"ImageObject","inLanguage":"en-US","@id":"http:\/\/www.armanami.org\/blog\/#\/schema\/person\/image\/","url":"https:\/\/secure.gravatar.com\/avatar\/761ad11672a7683bd0716727a6d2194cdbca97ae70d1f58d1e090e55c4007ae7?s=96&d=mm&r=g","contentUrl":"https:\/\/secure.gravatar.com\/avatar\/761ad11672a7683bd0716727a6d2194cdbca97ae70d1f58d1e090e55c4007ae7?s=96&d=mm&r=g","caption":"Editeur"},"url":"http:\/\/www.armanami.org\/blog\/author\/editeur\/"}]}},"_links":{"self":[{"href":"http:\/\/www.armanami.org\/blog\/wp-json\/wp\/v2\/posts\/3570","targetHints":{"allow":["GET"]}}],"collection":[{"href":"http:\/\/www.armanami.org\/blog\/wp-json\/wp\/v2\/posts"}],"about":[{"href":"http:\/\/www.armanami.org\/blog\/wp-json\/wp\/v2\/types\/post"}],"author":[{"embeddable":true,"href":"http:\/\/www.armanami.org\/blog\/wp-json\/wp\/v2\/users\/4"}],"replies":[{"embeddable":true,"href":"http:\/\/www.armanami.org\/blog\/wp-json\/wp\/v2\/comments?post=3570"}],"version-history":[{"count":5,"href":"http:\/\/www.armanami.org\/blog\/wp-json\/wp\/v2\/posts\/3570\/revisions"}],"predecessor-version":[{"id":3600,"href":"http:\/\/www.armanami.org\/blog\/wp-json\/wp\/v2\/posts\/3570\/revisions\/3600"}],"wp:attachment":[{"href":"http:\/\/www.armanami.org\/blog\/wp-json\/wp\/v2\/media?parent=3570"}],"wp:term":[{"taxonomy":"category","embeddable":true,"href":"http:\/\/www.armanami.org\/blog\/wp-json\/wp\/v2\/categories?post=3570"},{"taxonomy":"post_tag","embeddable":true,"href":"http:\/\/www.armanami.org\/blog\/wp-json\/wp\/v2\/tags?post=3570"}],"curies":[{"name":"wp","href":"https:\/\/api.w.org\/{rel}","templated":true}]}}