{"id":3314,"date":"2021-09-28T06:27:32","date_gmt":"2021-09-28T05:27:32","guid":{"rendered":"http:\/\/www.armanami.org\/blog\/?p=3314"},"modified":"2021-09-28T08:41:54","modified_gmt":"2021-09-28T07:41:54","slug":"factiunile-pro-romana-si-pro-greaca-din-lumea-aromana-in-albania-alexandru-gica","status":"publish","type":"post","link":"http:\/\/www.armanami.org\/blog\/factiunile-pro-romana-si-pro-greaca-din-lumea-aromana-in-albania-alexandru-gica\/","title":{"rendered":"Fac\u0163iunile pro-rom\u00e2n\u0103 \u015fi pro-greac\u0103 din lumea arom\u00e2n\u0103 \u00een Albania (Alexandru Gica)"},"content":{"rendered":"\n<figure class=\"wp-block-image size-large\"><img loading=\"lazy\" decoding=\"async\" width=\"789\" height=\"453\" src=\"http:\/\/www.armanami.org\/blog\/wp-content\/uploads\/2021\/09\/Alb.png\" alt=\"\" class=\"wp-image-3315\" srcset=\"http:\/\/www.armanami.org\/blog\/wp-content\/uploads\/2021\/09\/Alb.png 789w, http:\/\/www.armanami.org\/blog\/wp-content\/uploads\/2021\/09\/Alb-300x172.png 300w, http:\/\/www.armanami.org\/blog\/wp-content\/uploads\/2021\/09\/Alb-768x441.png 768w\" sizes=\"auto, (max-width: 789px) 100vw, 789px\" \/><figcaption><strong>Rr\u00e2m\u00e2nji\/Arm\u00e2nji din Albania : Greci vlahofoni? Rom\u00e2ni de pretutindeni?<\/strong><\/figcaption><\/figure>\n\n\n\n<p>C\u00e2teva\u00a0\u00a0observatii postate ieri pe contul sau Facebook de Alexandru Gica despre \u201cactiunile \u00een oglinda\u201d ale World Vlach Amfiktionia asa cum rezulta din comunicatul semnat de M. Magirias pe 31.08.21 si ale Departamentului pentru Rom\u00e2nii de Pretutindeni \u00een urma vizitei \u00een Albania a secretarei de stat al acestui Departament. Arom\u00e2nii care vor s\u0103-\u015fi p\u0103streze identitatea sunt principalele victime ale consensului \u00eentre cele doua tabere.<\/p>\n\n\n\n<!--more-->\n\n\n\n<p>La sf\u00e2r\u015fitul lunii iulie 2021, Secretarul de Stat Oana Ursache (de la Departamentul pentru Rom\u00e2nii de Pretutindeni) a f\u0103cut o vizit\u0103 \u00een Albania. Comunicatul World Vlach Amfiktionia (WVA) publicat pe Vlahoi.Net este o reac\u0163ie la aceast\u0103 vizit\u0103. Google translate ofer\u0103 o traducere defectuoas\u0103, \u00eens\u0103 se \u00een\u0163elege destul de clar mesajul.<\/p>\n\n\n\n<p>Arom\u00e2nii din Albania au fost recunoscu\u0163i ca minoritate \u00een 2017. Cei de la WVA contest\u0103 acest fapt. Pentru ei, nu exist\u0103 minoritate arom\u00e2n\u0103 \u00een Albania, ci doar minoritate greac\u0103. Iar Rom\u00e2nia ar fi \u00eendrept\u0103\u0163it\u0103 s\u0103 ac\u0163ioneze doar dac\u0103 ar fi recunoscut\u0103 o minoritate rom\u00e2neasc\u0103 \u00een Albania.<\/p>\n\n\n\n<p>C\u00e2teva observa\u0163ii<\/p>\n\n\n\n<p>1) \u00cen politica rom\u00e2neasc\u0103 de ast\u0103zi, partidele nu se pot pune de acord aproape niciodat\u0103 asupra unui subiect. Surprinz\u0103tor, exist\u0103 totu\u015fi un punct de consens: arom\u00e2nii sunt rom\u00e2ni. \u00cen leg\u0103tur\u0103 cu subiectul acestei post\u0103ri, redau doar dou\u0103 citate.<\/p>\n\n\n\n<p>a) Oana Ursache: \u201ePrin p\u0103strarea dialectului arom\u00e2nii [din Albania] au p\u0103strat vie con\u015ftiin\u0163a rom\u00e2nit\u0103\u0163ii.\u201d (dup\u0103 vizita \u00een Albania)<\/p>\n\n\n\n<p>b) Claudiu-Richard T\u00e2rziu: \u201eFunc\u0163ionarea unei astfel de institu\u0163ii (\u015fcoala \u201e10 mai 1905\u201d din Seleni\u0163a, Albania) de educa\u0163ie are o semnifica\u0163ie aparte pentru comunitatea arom\u00e2n\u0103 care tr\u0103ie\u015fte la sudul Dun\u0103rii, dar care este parte integrant\u0103 a neamului nostru [rom\u00e2nesc].\u201d (23 septembrie 2021). T\u00e2rziu este pre\u015fedintele Comisiei pentru Rom\u00e2nii de Pretutindeni din Senatul Rom\u00e2niei.<\/p>\n\n\n\n<p>2) Asocia\u0163iile arom\u00e2ne din Albania care au o orientare pro-rom\u00e2neasc\u0103 gestioneaz\u0103 atribuirea burselor de studiu \u00een Rom\u00e2nia ale tinerilor arom\u00e2ni. Asocia\u0163iile arom\u00e2ne pro-grece\u015fti din Albania gestioneaz\u0103 atribuirea vizelor \u015fi a permiselor de munc\u0103 pentru Grecia. Toate aceste asocia\u0163ii (din prima \u015fi a doua categorie) elibereaz\u0103 certificate care atest\u0103 originea arom\u00e2n\u0103 a solicitan\u0163ilor. Apar acuza\u0163ii reciproce de atragere a arom\u00e2nilor prin \u201ebani \u015fi proiecte\u201d. De fapt, ambele tabere procedeaz\u0103 identic.<\/p>\n\n\n\n<p>3) Albania este singurul stat \u00een care se poate observa o lupt\u0103\/tensiune \u00eentre fac\u0163iunile pro-rom\u00e2n\u0103 \u015fi pro-greac\u0103 din lumea arom\u00e2n\u0103, rivalitate care a produs violen\u0163e \u015fi drame teribile la \u00eenceputul secolului 20.<\/p>\n\n\n\n<p>4) Exist\u0103 \u00eens\u0103 un consens \u00eentre cele dou\u0103 tabere. \u201eNeoarom\u00e2ni\u015ftii\u201d (cei care lupt\u0103 pentru men\u0163inerea identit\u0103\u0163ii arm\u00e2ne\u015fti), nenumi\u0163i \u00een textul WVA (World Vlach Amfiktionia). Sub\u00een\u0163ele\u015fi \u00eens\u0103 din expresia \u201elaboratoarele din Constan\u0163a\u201d (\u015fi aluzia la varianta standardizat\u0103 a arom\u00e2nei, creat\u0103 \u00een aceste \u201elaboratoare\u201d). Cealalt\u0103 tab\u0103r\u0103 \u201eprogreseaz\u0103\u201d \u015fi ea: \u00eei nume\u015fte pe arom\u00e2nii din Rom\u00e2nia care vor s\u0103-\u015fi p\u0103streze identitatea \u201ecomploti\u015fti\u201d \u00eempotriva statului rom\u00e2n.<\/p>\n\n\n\n<p>5) Nu simt nicio simpatie pentru cele dou\u0103 tabere descrise mai sus.<\/p>\n\n\n\n<p>Tr\u0103 arm\u00e2nj: tsi mir\u0103 n\u00e2 pindzi s-c\u00e2ft\u0103mu asc\u00e2parea dz\u00e2c\u00e2ndalui c\u00e2 himu altutsiva di atsea tsi himu?<\/p>\n","protected":false},"excerpt":{"rendered":"<p>C\u00e2teva\u00a0\u00a0observatii postate ieri pe contul sau Facebook de Alexandru Gica despre \u201cactiunile \u00een oglinda\u201d ale World Vlach Amfiktionia asa cum rezulta din comunicatul semnat de M. Magirias pe 31.08.21 si ale Departamentului pentru Rom\u00e2nii de Pretutindeni \u00een urma vizitei \u00een Albania a secretarei de stat al acestui Departament. Arom\u00e2nii care vor s\u0103-\u015fi p\u0103streze identitatea sunt [&hellip;]<\/p>\n","protected":false},"author":4,"featured_media":0,"comment_status":"open","ping_status":"open","sticky":false,"template":"","format":"standard","meta":{"_monsterinsights_skip_tracking":false,"_monsterinsights_sitenote_active":false,"_monsterinsights_sitenote_note":"","_monsterinsights_sitenote_category":0,"footnotes":""},"categories":[3],"tags":[],"class_list":["post-3314","post","type-post","status-publish","format-standard","hentry","category-habari-news"],"yoast_head":"<!-- This site is optimized with the Yoast SEO plugin v25.4 - https:\/\/yoast.com\/wordpress\/plugins\/seo\/ -->\n<title>Fac\u0163iunile pro-rom\u00e2n\u0103 \u015fi pro-greac\u0103 din lumea arom\u00e2n\u0103 \u00een Albania (Alexandru Gica) - TRA ARMANAMI<\/title>\n<meta name=\"robots\" content=\"index, follow, max-snippet:-1, max-image-preview:large, max-video-preview:-1\" \/>\n<link rel=\"canonical\" href=\"http:\/\/www.armanami.org\/blog\/factiunile-pro-romana-si-pro-greaca-din-lumea-aromana-in-albania-alexandru-gica\/\" \/>\n<meta property=\"og:locale\" content=\"en_US\" \/>\n<meta property=\"og:type\" content=\"article\" \/>\n<meta property=\"og:title\" content=\"Fac\u0163iunile pro-rom\u00e2n\u0103 \u015fi pro-greac\u0103 din lumea arom\u00e2n\u0103 \u00een Albania (Alexandru Gica) - TRA ARMANAMI\" \/>\n<meta property=\"og:description\" content=\"C\u00e2teva\u00a0\u00a0observatii postate ieri pe contul sau Facebook de Alexandru Gica despre \u201cactiunile \u00een oglinda\u201d ale World Vlach Amfiktionia asa cum rezulta din comunicatul semnat de M. Magirias pe 31.08.21 si ale Departamentului pentru Rom\u00e2nii de Pretutindeni \u00een urma vizitei \u00een Albania a secretarei de stat al acestui Departament. Arom\u00e2nii care vor s\u0103-\u015fi p\u0103streze identitatea sunt [&hellip;]\" \/>\n<meta property=\"og:url\" content=\"http:\/\/www.armanami.org\/blog\/factiunile-pro-romana-si-pro-greaca-din-lumea-aromana-in-albania-alexandru-gica\/\" \/>\n<meta property=\"og:site_name\" content=\"TRA ARMANAMI\" \/>\n<meta property=\"article:published_time\" content=\"2021-09-28T05:27:32+00:00\" \/>\n<meta property=\"article:modified_time\" content=\"2021-09-28T07:41:54+00:00\" \/>\n<meta property=\"og:image\" content=\"http:\/\/www.armanami.org\/blog\/wp-content\/uploads\/2021\/09\/Alb.png\" \/>\n<meta name=\"author\" content=\"Editeur\" \/>\n<meta name=\"twitter:card\" content=\"summary_large_image\" \/>\n<meta name=\"twitter:label1\" content=\"Written by\" \/>\n\t<meta name=\"twitter:data1\" content=\"Editeur\" \/>\n\t<meta name=\"twitter:label2\" content=\"Est. reading time\" \/>\n\t<meta name=\"twitter:data2\" content=\"3 minutes\" \/>\n<script type=\"application\/ld+json\" class=\"yoast-schema-graph\">{\"@context\":\"https:\/\/schema.org\",\"@graph\":[{\"@type\":\"WebPage\",\"@id\":\"http:\/\/www.armanami.org\/blog\/factiunile-pro-romana-si-pro-greaca-din-lumea-aromana-in-albania-alexandru-gica\/\",\"url\":\"http:\/\/www.armanami.org\/blog\/factiunile-pro-romana-si-pro-greaca-din-lumea-aromana-in-albania-alexandru-gica\/\",\"name\":\"Fac\u0163iunile pro-rom\u00e2n\u0103 \u015fi pro-greac\u0103 din lumea arom\u00e2n\u0103 \u00een Albania (Alexandru Gica) - TRA ARMANAMI\",\"isPartOf\":{\"@id\":\"http:\/\/www.armanami.org\/blog\/#website\"},\"primaryImageOfPage\":{\"@id\":\"http:\/\/www.armanami.org\/blog\/factiunile-pro-romana-si-pro-greaca-din-lumea-aromana-in-albania-alexandru-gica\/#primaryimage\"},\"image\":{\"@id\":\"http:\/\/www.armanami.org\/blog\/factiunile-pro-romana-si-pro-greaca-din-lumea-aromana-in-albania-alexandru-gica\/#primaryimage\"},\"thumbnailUrl\":\"http:\/\/www.armanami.org\/blog\/wp-content\/uploads\/2021\/09\/Alb.png\",\"datePublished\":\"2021-09-28T05:27:32+00:00\",\"dateModified\":\"2021-09-28T07:41:54+00:00\",\"author\":{\"@id\":\"http:\/\/www.armanami.org\/blog\/#\/schema\/person\/ad77560a1599935b2285ac8a40e4cf91\"},\"breadcrumb\":{\"@id\":\"http:\/\/www.armanami.org\/blog\/factiunile-pro-romana-si-pro-greaca-din-lumea-aromana-in-albania-alexandru-gica\/#breadcrumb\"},\"inLanguage\":\"en-US\",\"potentialAction\":[{\"@type\":\"ReadAction\",\"target\":[\"http:\/\/www.armanami.org\/blog\/factiunile-pro-romana-si-pro-greaca-din-lumea-aromana-in-albania-alexandru-gica\/\"]}]},{\"@type\":\"ImageObject\",\"inLanguage\":\"en-US\",\"@id\":\"http:\/\/www.armanami.org\/blog\/factiunile-pro-romana-si-pro-greaca-din-lumea-aromana-in-albania-alexandru-gica\/#primaryimage\",\"url\":\"http:\/\/www.armanami.org\/blog\/wp-content\/uploads\/2021\/09\/Alb.png\",\"contentUrl\":\"http:\/\/www.armanami.org\/blog\/wp-content\/uploads\/2021\/09\/Alb.png\",\"width\":789,\"height\":453},{\"@type\":\"BreadcrumbList\",\"@id\":\"http:\/\/www.armanami.org\/blog\/factiunile-pro-romana-si-pro-greaca-din-lumea-aromana-in-albania-alexandru-gica\/#breadcrumb\",\"itemListElement\":[{\"@type\":\"ListItem\",\"position\":1,\"name\":\"Home\",\"item\":\"http:\/\/www.armanami.org\/blog\/\"},{\"@type\":\"ListItem\",\"position\":2,\"name\":\"Fac\u0163iunile pro-rom\u00e2n\u0103 \u015fi pro-greac\u0103 din lumea arom\u00e2n\u0103 \u00een Albania (Alexandru Gica)\"}]},{\"@type\":\"WebSite\",\"@id\":\"http:\/\/www.armanami.org\/blog\/#website\",\"url\":\"http:\/\/www.armanami.org\/blog\/\",\"name\":\"TRA ARMANAMI\",\"description\":\"Habari di la armanj luati sh&#039;la armanj dati\",\"potentialAction\":[{\"@type\":\"SearchAction\",\"target\":{\"@type\":\"EntryPoint\",\"urlTemplate\":\"http:\/\/www.armanami.org\/blog\/?s={search_term_string}\"},\"query-input\":{\"@type\":\"PropertyValueSpecification\",\"valueRequired\":true,\"valueName\":\"search_term_string\"}}],\"inLanguage\":\"en-US\"},{\"@type\":\"Person\",\"@id\":\"http:\/\/www.armanami.org\/blog\/#\/schema\/person\/ad77560a1599935b2285ac8a40e4cf91\",\"name\":\"Editeur\",\"image\":{\"@type\":\"ImageObject\",\"inLanguage\":\"en-US\",\"@id\":\"http:\/\/www.armanami.org\/blog\/#\/schema\/person\/image\/\",\"url\":\"https:\/\/secure.gravatar.com\/avatar\/761ad11672a7683bd0716727a6d2194cdbca97ae70d1f58d1e090e55c4007ae7?s=96&d=mm&r=g\",\"contentUrl\":\"https:\/\/secure.gravatar.com\/avatar\/761ad11672a7683bd0716727a6d2194cdbca97ae70d1f58d1e090e55c4007ae7?s=96&d=mm&r=g\",\"caption\":\"Editeur\"},\"url\":\"http:\/\/www.armanami.org\/blog\/author\/editeur\/\"}]}<\/script>\n<!-- \/ Yoast SEO plugin. -->","yoast_head_json":{"title":"Fac\u0163iunile pro-rom\u00e2n\u0103 \u015fi pro-greac\u0103 din lumea arom\u00e2n\u0103 \u00een Albania (Alexandru Gica) - TRA ARMANAMI","robots":{"index":"index","follow":"follow","max-snippet":"max-snippet:-1","max-image-preview":"max-image-preview:large","max-video-preview":"max-video-preview:-1"},"canonical":"http:\/\/www.armanami.org\/blog\/factiunile-pro-romana-si-pro-greaca-din-lumea-aromana-in-albania-alexandru-gica\/","og_locale":"en_US","og_type":"article","og_title":"Fac\u0163iunile pro-rom\u00e2n\u0103 \u015fi pro-greac\u0103 din lumea arom\u00e2n\u0103 \u00een Albania (Alexandru Gica) - TRA ARMANAMI","og_description":"C\u00e2teva\u00a0\u00a0observatii postate ieri pe contul sau Facebook de Alexandru Gica despre \u201cactiunile \u00een oglinda\u201d ale World Vlach Amfiktionia asa cum rezulta din comunicatul semnat de M. Magirias pe 31.08.21 si ale Departamentului pentru Rom\u00e2nii de Pretutindeni \u00een urma vizitei \u00een Albania a secretarei de stat al acestui Departament. Arom\u00e2nii care vor s\u0103-\u015fi p\u0103streze identitatea sunt [&hellip;]","og_url":"http:\/\/www.armanami.org\/blog\/factiunile-pro-romana-si-pro-greaca-din-lumea-aromana-in-albania-alexandru-gica\/","og_site_name":"TRA ARMANAMI","article_published_time":"2021-09-28T05:27:32+00:00","article_modified_time":"2021-09-28T07:41:54+00:00","og_image":[{"url":"http:\/\/www.armanami.org\/blog\/wp-content\/uploads\/2021\/09\/Alb.png","type":"","width":"","height":""}],"author":"Editeur","twitter_card":"summary_large_image","twitter_misc":{"Written by":"Editeur","Est. reading time":"3 minutes"},"schema":{"@context":"https:\/\/schema.org","@graph":[{"@type":"WebPage","@id":"http:\/\/www.armanami.org\/blog\/factiunile-pro-romana-si-pro-greaca-din-lumea-aromana-in-albania-alexandru-gica\/","url":"http:\/\/www.armanami.org\/blog\/factiunile-pro-romana-si-pro-greaca-din-lumea-aromana-in-albania-alexandru-gica\/","name":"Fac\u0163iunile pro-rom\u00e2n\u0103 \u015fi pro-greac\u0103 din lumea arom\u00e2n\u0103 \u00een Albania (Alexandru Gica) - TRA ARMANAMI","isPartOf":{"@id":"http:\/\/www.armanami.org\/blog\/#website"},"primaryImageOfPage":{"@id":"http:\/\/www.armanami.org\/blog\/factiunile-pro-romana-si-pro-greaca-din-lumea-aromana-in-albania-alexandru-gica\/#primaryimage"},"image":{"@id":"http:\/\/www.armanami.org\/blog\/factiunile-pro-romana-si-pro-greaca-din-lumea-aromana-in-albania-alexandru-gica\/#primaryimage"},"thumbnailUrl":"http:\/\/www.armanami.org\/blog\/wp-content\/uploads\/2021\/09\/Alb.png","datePublished":"2021-09-28T05:27:32+00:00","dateModified":"2021-09-28T07:41:54+00:00","author":{"@id":"http:\/\/www.armanami.org\/blog\/#\/schema\/person\/ad77560a1599935b2285ac8a40e4cf91"},"breadcrumb":{"@id":"http:\/\/www.armanami.org\/blog\/factiunile-pro-romana-si-pro-greaca-din-lumea-aromana-in-albania-alexandru-gica\/#breadcrumb"},"inLanguage":"en-US","potentialAction":[{"@type":"ReadAction","target":["http:\/\/www.armanami.org\/blog\/factiunile-pro-romana-si-pro-greaca-din-lumea-aromana-in-albania-alexandru-gica\/"]}]},{"@type":"ImageObject","inLanguage":"en-US","@id":"http:\/\/www.armanami.org\/blog\/factiunile-pro-romana-si-pro-greaca-din-lumea-aromana-in-albania-alexandru-gica\/#primaryimage","url":"http:\/\/www.armanami.org\/blog\/wp-content\/uploads\/2021\/09\/Alb.png","contentUrl":"http:\/\/www.armanami.org\/blog\/wp-content\/uploads\/2021\/09\/Alb.png","width":789,"height":453},{"@type":"BreadcrumbList","@id":"http:\/\/www.armanami.org\/blog\/factiunile-pro-romana-si-pro-greaca-din-lumea-aromana-in-albania-alexandru-gica\/#breadcrumb","itemListElement":[{"@type":"ListItem","position":1,"name":"Home","item":"http:\/\/www.armanami.org\/blog\/"},{"@type":"ListItem","position":2,"name":"Fac\u0163iunile pro-rom\u00e2n\u0103 \u015fi pro-greac\u0103 din lumea arom\u00e2n\u0103 \u00een Albania (Alexandru Gica)"}]},{"@type":"WebSite","@id":"http:\/\/www.armanami.org\/blog\/#website","url":"http:\/\/www.armanami.org\/blog\/","name":"TRA ARMANAMI","description":"Habari di la armanj luati sh&#039;la armanj dati","potentialAction":[{"@type":"SearchAction","target":{"@type":"EntryPoint","urlTemplate":"http:\/\/www.armanami.org\/blog\/?s={search_term_string}"},"query-input":{"@type":"PropertyValueSpecification","valueRequired":true,"valueName":"search_term_string"}}],"inLanguage":"en-US"},{"@type":"Person","@id":"http:\/\/www.armanami.org\/blog\/#\/schema\/person\/ad77560a1599935b2285ac8a40e4cf91","name":"Editeur","image":{"@type":"ImageObject","inLanguage":"en-US","@id":"http:\/\/www.armanami.org\/blog\/#\/schema\/person\/image\/","url":"https:\/\/secure.gravatar.com\/avatar\/761ad11672a7683bd0716727a6d2194cdbca97ae70d1f58d1e090e55c4007ae7?s=96&d=mm&r=g","contentUrl":"https:\/\/secure.gravatar.com\/avatar\/761ad11672a7683bd0716727a6d2194cdbca97ae70d1f58d1e090e55c4007ae7?s=96&d=mm&r=g","caption":"Editeur"},"url":"http:\/\/www.armanami.org\/blog\/author\/editeur\/"}]}},"_links":{"self":[{"href":"http:\/\/www.armanami.org\/blog\/wp-json\/wp\/v2\/posts\/3314","targetHints":{"allow":["GET"]}}],"collection":[{"href":"http:\/\/www.armanami.org\/blog\/wp-json\/wp\/v2\/posts"}],"about":[{"href":"http:\/\/www.armanami.org\/blog\/wp-json\/wp\/v2\/types\/post"}],"author":[{"embeddable":true,"href":"http:\/\/www.armanami.org\/blog\/wp-json\/wp\/v2\/users\/4"}],"replies":[{"embeddable":true,"href":"http:\/\/www.armanami.org\/blog\/wp-json\/wp\/v2\/comments?post=3314"}],"version-history":[{"count":2,"href":"http:\/\/www.armanami.org\/blog\/wp-json\/wp\/v2\/posts\/3314\/revisions"}],"predecessor-version":[{"id":3318,"href":"http:\/\/www.armanami.org\/blog\/wp-json\/wp\/v2\/posts\/3314\/revisions\/3318"}],"wp:attachment":[{"href":"http:\/\/www.armanami.org\/blog\/wp-json\/wp\/v2\/media?parent=3314"}],"wp:term":[{"taxonomy":"category","embeddable":true,"href":"http:\/\/www.armanami.org\/blog\/wp-json\/wp\/v2\/categories?post=3314"},{"taxonomy":"post_tag","embeddable":true,"href":"http:\/\/www.armanami.org\/blog\/wp-json\/wp\/v2\/tags?post=3314"}],"curies":[{"name":"wp","href":"https:\/\/api.w.org\/{rel}","templated":true}]}}