{"id":3246,"date":"2021-09-14T16:59:06","date_gmt":"2021-09-14T15:59:06","guid":{"rendered":"http:\/\/www.armanami.org\/blog\/?p=3246"},"modified":"2021-09-14T16:59:08","modified_gmt":"2021-09-14T15:59:08","slug":"kira-mantsu-dzalili-a-literaturaljei-armaneasca-belgrad-9-10-09-2021","status":"publish","type":"post","link":"http:\/\/www.armanami.org\/blog\/kira-mantsu-dzalili-a-literaturaljei-armaneasca-belgrad-9-10-09-2021\/","title":{"rendered":"Kira Mantsu : DZ\u00c3LILI A LITERATUR\u00c3LJEI ARM\u00c3NEASC\u00c3 : Belgrad, 9-10\/09\/2021"},"content":{"rendered":"\n<figure class=\"wp-block-image size-large\"><img loading=\"lazy\" decoding=\"async\" width=\"871\" height=\"575\" src=\"http:\/\/www.armanami.org\/blog\/wp-content\/uploads\/2021\/09\/kira2.png\" alt=\"\" class=\"wp-image-3247\" srcset=\"http:\/\/www.armanami.org\/blog\/wp-content\/uploads\/2021\/09\/kira2.png 871w, http:\/\/www.armanami.org\/blog\/wp-content\/uploads\/2021\/09\/kira2-300x198.png 300w, http:\/\/www.armanami.org\/blog\/wp-content\/uploads\/2021\/09\/kira2-768x507.png 768w\" sizes=\"auto, (max-width: 871px) 100vw, 871px\" \/><\/figure>\n\n\n\n<p>Tu biblioteca a c\u00e3s\u00e3b\u00e3lui Belgrad s-dizv\u00e3rtir\u00e3 \u201cDZ\u00c3LILI A LITERATUR\u00c3LJEI ARM\u00c3NEASC\u00c3\u201c. Iventulu fu andreptu di \u201eTsentrulu ti limba shi cultura a Arm\u00e3njiloru ditu Balcanu \u201eMoscopole\u201c shi cu andruparea a Ministerlui di Cultur\u00e3 shi Informatsii a Ripublic\u00e3ljei S\u00e3rbia.<\/p>\n\n\n\n<p>Viniri tahina fu spus\u00e3 expo cu caduri a m\u00e3riloru scriitori s\u00e3rghi di ar\u00e3d\u00e3tsin\u00e3 arm\u00e3neasc\u00e3: Branislav Nushi\u0107, Jovan Sterja Popovi\u0107, Alexandr Vu\u0107o, Ko\u0107a Popovi\u0107 shi Borislav Peki\u0107.<\/p>\n\n\n\n<!--more-->\n\n\n\n<p>Dicsear\u00e3 fur\u00e3 spusi doauli m\u00e3ri antholoyii di poezii arm\u00e3neasc\u00e3 di adz\u00e3, al\u00e3nciti S\u00e3run\u00e3 shi Belgrad: \u201eAvigljitori di zboar\u00e3\u201c (arm\u00e3neashti-g\u00e3rtseashti, andreapt\u00e3 di Kira Mantsu) shi \u201eLimba teas\u00e3 pritu eti\u201c(arm\u00e3neashti-s\u00e3rbeashti, andreapt\u00e3 di Lila Cona).<\/p>\n\n\n\n<p>S-adyiv\u00e3sir\u00e3 poemati ditu doauli antholoyii shi ditu noaua carti ali poetesa di ar\u00e2zg\u00e2 arm\u00e3neasc\u00e2 Sofia Doku Arapaj.<\/p>\n\n\n\n<p>Haristuseri a oaminjiloru cari lucrar\u00e3 ti aest\u00e3 musheat\u00e3 dzuu\u00e3.&nbsp;<\/p>\n\n\n\n<p>Ndoau\u00e3 caduri di la aestu aleptu iventu culturalu.<\/p>\n\n\n\n<p>***<\/p>\n\n\n\n<p>ZILELE LITERTURII AROM\u00c2NE<\/p>\n\n\n\n<p>La biblioteca orasului Belgrad au avut loc \u201eZilele literaturii arm\u00e2ne\u201c. Evenimentul a fost organizat de \u201eCentrul de limb\u0103 si cultur\u0103 a Arm\u00e2nilor din Balcani, \u201cMoscopole\u201d si cu ajutorul Ministerului de Cultur\u0103 si Informa\u0163ii al Republicii Serbia.<\/p>\n\n\n\n<p>Vineri diminea\u0163a a fost deschis\u00e3 expozi\u0163ia cu fotografii a scriitorilor s\u00e2rbi de origine arm\u00e2neasc\u00e3: Branislav Nushi\u0107, Jovan Sterja Popovi\u0107, Alexandr Vu\u0107o, Ko\u0107a Popovi\u0107 shi Borislav Peki\u0107.<\/p>\n\n\n\n<p>Seara a avut loc lansarea celor dou\u00e3 mari antologii de poezie arm\u00e2neasc\u00e3 de azi, ap\u00e3rute la Salonic \u015fi Belgrad: \u201cAvigljitori di zboar\u00e3\u201d (editie bilingv\u00e3 arm\u00e2n\u00e3-greac\u00e3, alc\u00e3tuit\u00e3 de Kira Mantsu) \u015fi \u201cLimba teas\u00e3 pritu eti\u201d (editie bilingva arm\u00e2n\u00e2-s\u00e2rb\u00e3, alc\u00e3tuit\u00e3 de Lila Cona).<\/p>\n\n\n\n<p>Lectura din poetii antologati si din recenta carte a poetei de origine arm\u00e2na Sofia Doku Arapaj.<\/p>\n","protected":false},"excerpt":{"rendered":"<p>Tu biblioteca a c\u00e3s\u00e3b\u00e3lui Belgrad s-dizv\u00e3rtir\u00e3 \u201cDZ\u00c3LILI A LITERATUR\u00c3LJEI ARM\u00c3NEASC\u00c3\u201c. Iventulu fu andreptu di \u201eTsentrulu ti limba shi cultura a Arm\u00e3njiloru ditu Balcanu \u201eMoscopole\u201c shi cu andruparea a Ministerlui di Cultur\u00e3 shi Informatsii a Ripublic\u00e3ljei S\u00e3rbia. Viniri tahina fu spus\u00e3 expo cu caduri a m\u00e3riloru scriitori s\u00e3rghi di ar\u00e3d\u00e3tsin\u00e3 arm\u00e3neasc\u00e3: Branislav Nushi\u0107, Jovan Sterja Popovi\u0107, [&hellip;]<\/p>\n","protected":false},"author":4,"featured_media":0,"comment_status":"open","ping_status":"open","sticky":false,"template":"","format":"standard","meta":{"_monsterinsights_skip_tracking":false,"_monsterinsights_sitenote_active":false,"_monsterinsights_sitenote_note":"","_monsterinsights_sitenote_category":0,"footnotes":""},"categories":[3],"tags":[],"class_list":["post-3246","post","type-post","status-publish","format-standard","hentry","category-habari-news"],"yoast_head":"<!-- This site is optimized with the Yoast SEO plugin v25.4 - https:\/\/yoast.com\/wordpress\/plugins\/seo\/ -->\n<title>Kira Mantsu : DZ\u00c3LILI A LITERATUR\u00c3LJEI ARM\u00c3NEASC\u00c3 : Belgrad, 9-10\/09\/2021 - TRA ARMANAMI<\/title>\n<meta name=\"robots\" content=\"index, follow, max-snippet:-1, max-image-preview:large, max-video-preview:-1\" \/>\n<link rel=\"canonical\" href=\"http:\/\/www.armanami.org\/blog\/kira-mantsu-dzalili-a-literaturaljei-armaneasca-belgrad-9-10-09-2021\/\" \/>\n<meta property=\"og:locale\" content=\"en_US\" \/>\n<meta property=\"og:type\" content=\"article\" \/>\n<meta property=\"og:title\" content=\"Kira Mantsu : DZ\u00c3LILI A LITERATUR\u00c3LJEI ARM\u00c3NEASC\u00c3 : Belgrad, 9-10\/09\/2021 - TRA ARMANAMI\" \/>\n<meta property=\"og:description\" content=\"Tu biblioteca a c\u00e3s\u00e3b\u00e3lui Belgrad s-dizv\u00e3rtir\u00e3 \u201cDZ\u00c3LILI A LITERATUR\u00c3LJEI ARM\u00c3NEASC\u00c3\u201c. Iventulu fu andreptu di \u201eTsentrulu ti limba shi cultura a Arm\u00e3njiloru ditu Balcanu \u201eMoscopole\u201c shi cu andruparea a Ministerlui di Cultur\u00e3 shi Informatsii a Ripublic\u00e3ljei S\u00e3rbia. Viniri tahina fu spus\u00e3 expo cu caduri a m\u00e3riloru scriitori s\u00e3rghi di ar\u00e3d\u00e3tsin\u00e3 arm\u00e3neasc\u00e3: Branislav Nushi\u0107, Jovan Sterja Popovi\u0107, [&hellip;]\" \/>\n<meta property=\"og:url\" content=\"http:\/\/www.armanami.org\/blog\/kira-mantsu-dzalili-a-literaturaljei-armaneasca-belgrad-9-10-09-2021\/\" \/>\n<meta property=\"og:site_name\" content=\"TRA ARMANAMI\" \/>\n<meta property=\"article:published_time\" content=\"2021-09-14T15:59:06+00:00\" \/>\n<meta property=\"article:modified_time\" content=\"2021-09-14T15:59:08+00:00\" \/>\n<meta property=\"og:image\" content=\"http:\/\/www.armanami.org\/blog\/wp-content\/uploads\/2021\/09\/kira2.png\" \/>\n<meta name=\"author\" content=\"Editeur\" \/>\n<meta name=\"twitter:card\" content=\"summary_large_image\" \/>\n<meta name=\"twitter:label1\" content=\"Written by\" \/>\n\t<meta name=\"twitter:data1\" content=\"Editeur\" \/>\n\t<meta name=\"twitter:label2\" content=\"Est. reading time\" \/>\n\t<meta name=\"twitter:data2\" content=\"2 minutes\" \/>\n<script type=\"application\/ld+json\" class=\"yoast-schema-graph\">{\"@context\":\"https:\/\/schema.org\",\"@graph\":[{\"@type\":\"WebPage\",\"@id\":\"http:\/\/www.armanami.org\/blog\/kira-mantsu-dzalili-a-literaturaljei-armaneasca-belgrad-9-10-09-2021\/\",\"url\":\"http:\/\/www.armanami.org\/blog\/kira-mantsu-dzalili-a-literaturaljei-armaneasca-belgrad-9-10-09-2021\/\",\"name\":\"Kira Mantsu : DZ\u00c3LILI A LITERATUR\u00c3LJEI ARM\u00c3NEASC\u00c3 : Belgrad, 9-10\/09\/2021 - TRA ARMANAMI\",\"isPartOf\":{\"@id\":\"http:\/\/www.armanami.org\/blog\/#website\"},\"primaryImageOfPage\":{\"@id\":\"http:\/\/www.armanami.org\/blog\/kira-mantsu-dzalili-a-literaturaljei-armaneasca-belgrad-9-10-09-2021\/#primaryimage\"},\"image\":{\"@id\":\"http:\/\/www.armanami.org\/blog\/kira-mantsu-dzalili-a-literaturaljei-armaneasca-belgrad-9-10-09-2021\/#primaryimage\"},\"thumbnailUrl\":\"http:\/\/www.armanami.org\/blog\/wp-content\/uploads\/2021\/09\/kira2.png\",\"datePublished\":\"2021-09-14T15:59:06+00:00\",\"dateModified\":\"2021-09-14T15:59:08+00:00\",\"author\":{\"@id\":\"http:\/\/www.armanami.org\/blog\/#\/schema\/person\/ad77560a1599935b2285ac8a40e4cf91\"},\"breadcrumb\":{\"@id\":\"http:\/\/www.armanami.org\/blog\/kira-mantsu-dzalili-a-literaturaljei-armaneasca-belgrad-9-10-09-2021\/#breadcrumb\"},\"inLanguage\":\"en-US\",\"potentialAction\":[{\"@type\":\"ReadAction\",\"target\":[\"http:\/\/www.armanami.org\/blog\/kira-mantsu-dzalili-a-literaturaljei-armaneasca-belgrad-9-10-09-2021\/\"]}]},{\"@type\":\"ImageObject\",\"inLanguage\":\"en-US\",\"@id\":\"http:\/\/www.armanami.org\/blog\/kira-mantsu-dzalili-a-literaturaljei-armaneasca-belgrad-9-10-09-2021\/#primaryimage\",\"url\":\"http:\/\/www.armanami.org\/blog\/wp-content\/uploads\/2021\/09\/kira2.png\",\"contentUrl\":\"http:\/\/www.armanami.org\/blog\/wp-content\/uploads\/2021\/09\/kira2.png\",\"width\":871,\"height\":575},{\"@type\":\"BreadcrumbList\",\"@id\":\"http:\/\/www.armanami.org\/blog\/kira-mantsu-dzalili-a-literaturaljei-armaneasca-belgrad-9-10-09-2021\/#breadcrumb\",\"itemListElement\":[{\"@type\":\"ListItem\",\"position\":1,\"name\":\"Home\",\"item\":\"http:\/\/www.armanami.org\/blog\/\"},{\"@type\":\"ListItem\",\"position\":2,\"name\":\"Kira Mantsu : DZ\u00c3LILI A LITERATUR\u00c3LJEI ARM\u00c3NEASC\u00c3 : Belgrad, 9-10\/09\/2021\"}]},{\"@type\":\"WebSite\",\"@id\":\"http:\/\/www.armanami.org\/blog\/#website\",\"url\":\"http:\/\/www.armanami.org\/blog\/\",\"name\":\"TRA ARMANAMI\",\"description\":\"Habari di la armanj luati sh&#039;la armanj dati\",\"potentialAction\":[{\"@type\":\"SearchAction\",\"target\":{\"@type\":\"EntryPoint\",\"urlTemplate\":\"http:\/\/www.armanami.org\/blog\/?s={search_term_string}\"},\"query-input\":{\"@type\":\"PropertyValueSpecification\",\"valueRequired\":true,\"valueName\":\"search_term_string\"}}],\"inLanguage\":\"en-US\"},{\"@type\":\"Person\",\"@id\":\"http:\/\/www.armanami.org\/blog\/#\/schema\/person\/ad77560a1599935b2285ac8a40e4cf91\",\"name\":\"Editeur\",\"image\":{\"@type\":\"ImageObject\",\"inLanguage\":\"en-US\",\"@id\":\"http:\/\/www.armanami.org\/blog\/#\/schema\/person\/image\/\",\"url\":\"https:\/\/secure.gravatar.com\/avatar\/761ad11672a7683bd0716727a6d2194cdbca97ae70d1f58d1e090e55c4007ae7?s=96&d=mm&r=g\",\"contentUrl\":\"https:\/\/secure.gravatar.com\/avatar\/761ad11672a7683bd0716727a6d2194cdbca97ae70d1f58d1e090e55c4007ae7?s=96&d=mm&r=g\",\"caption\":\"Editeur\"},\"url\":\"http:\/\/www.armanami.org\/blog\/author\/editeur\/\"}]}<\/script>\n<!-- \/ Yoast SEO plugin. -->","yoast_head_json":{"title":"Kira Mantsu : DZ\u00c3LILI A LITERATUR\u00c3LJEI ARM\u00c3NEASC\u00c3 : Belgrad, 9-10\/09\/2021 - TRA ARMANAMI","robots":{"index":"index","follow":"follow","max-snippet":"max-snippet:-1","max-image-preview":"max-image-preview:large","max-video-preview":"max-video-preview:-1"},"canonical":"http:\/\/www.armanami.org\/blog\/kira-mantsu-dzalili-a-literaturaljei-armaneasca-belgrad-9-10-09-2021\/","og_locale":"en_US","og_type":"article","og_title":"Kira Mantsu : DZ\u00c3LILI A LITERATUR\u00c3LJEI ARM\u00c3NEASC\u00c3 : Belgrad, 9-10\/09\/2021 - TRA ARMANAMI","og_description":"Tu biblioteca a c\u00e3s\u00e3b\u00e3lui Belgrad s-dizv\u00e3rtir\u00e3 \u201cDZ\u00c3LILI A LITERATUR\u00c3LJEI ARM\u00c3NEASC\u00c3\u201c. Iventulu fu andreptu di \u201eTsentrulu ti limba shi cultura a Arm\u00e3njiloru ditu Balcanu \u201eMoscopole\u201c shi cu andruparea a Ministerlui di Cultur\u00e3 shi Informatsii a Ripublic\u00e3ljei S\u00e3rbia. Viniri tahina fu spus\u00e3 expo cu caduri a m\u00e3riloru scriitori s\u00e3rghi di ar\u00e3d\u00e3tsin\u00e3 arm\u00e3neasc\u00e3: Branislav Nushi\u0107, Jovan Sterja Popovi\u0107, [&hellip;]","og_url":"http:\/\/www.armanami.org\/blog\/kira-mantsu-dzalili-a-literaturaljei-armaneasca-belgrad-9-10-09-2021\/","og_site_name":"TRA ARMANAMI","article_published_time":"2021-09-14T15:59:06+00:00","article_modified_time":"2021-09-14T15:59:08+00:00","og_image":[{"url":"http:\/\/www.armanami.org\/blog\/wp-content\/uploads\/2021\/09\/kira2.png","type":"","width":"","height":""}],"author":"Editeur","twitter_card":"summary_large_image","twitter_misc":{"Written by":"Editeur","Est. reading time":"2 minutes"},"schema":{"@context":"https:\/\/schema.org","@graph":[{"@type":"WebPage","@id":"http:\/\/www.armanami.org\/blog\/kira-mantsu-dzalili-a-literaturaljei-armaneasca-belgrad-9-10-09-2021\/","url":"http:\/\/www.armanami.org\/blog\/kira-mantsu-dzalili-a-literaturaljei-armaneasca-belgrad-9-10-09-2021\/","name":"Kira Mantsu : DZ\u00c3LILI A LITERATUR\u00c3LJEI ARM\u00c3NEASC\u00c3 : Belgrad, 9-10\/09\/2021 - TRA ARMANAMI","isPartOf":{"@id":"http:\/\/www.armanami.org\/blog\/#website"},"primaryImageOfPage":{"@id":"http:\/\/www.armanami.org\/blog\/kira-mantsu-dzalili-a-literaturaljei-armaneasca-belgrad-9-10-09-2021\/#primaryimage"},"image":{"@id":"http:\/\/www.armanami.org\/blog\/kira-mantsu-dzalili-a-literaturaljei-armaneasca-belgrad-9-10-09-2021\/#primaryimage"},"thumbnailUrl":"http:\/\/www.armanami.org\/blog\/wp-content\/uploads\/2021\/09\/kira2.png","datePublished":"2021-09-14T15:59:06+00:00","dateModified":"2021-09-14T15:59:08+00:00","author":{"@id":"http:\/\/www.armanami.org\/blog\/#\/schema\/person\/ad77560a1599935b2285ac8a40e4cf91"},"breadcrumb":{"@id":"http:\/\/www.armanami.org\/blog\/kira-mantsu-dzalili-a-literaturaljei-armaneasca-belgrad-9-10-09-2021\/#breadcrumb"},"inLanguage":"en-US","potentialAction":[{"@type":"ReadAction","target":["http:\/\/www.armanami.org\/blog\/kira-mantsu-dzalili-a-literaturaljei-armaneasca-belgrad-9-10-09-2021\/"]}]},{"@type":"ImageObject","inLanguage":"en-US","@id":"http:\/\/www.armanami.org\/blog\/kira-mantsu-dzalili-a-literaturaljei-armaneasca-belgrad-9-10-09-2021\/#primaryimage","url":"http:\/\/www.armanami.org\/blog\/wp-content\/uploads\/2021\/09\/kira2.png","contentUrl":"http:\/\/www.armanami.org\/blog\/wp-content\/uploads\/2021\/09\/kira2.png","width":871,"height":575},{"@type":"BreadcrumbList","@id":"http:\/\/www.armanami.org\/blog\/kira-mantsu-dzalili-a-literaturaljei-armaneasca-belgrad-9-10-09-2021\/#breadcrumb","itemListElement":[{"@type":"ListItem","position":1,"name":"Home","item":"http:\/\/www.armanami.org\/blog\/"},{"@type":"ListItem","position":2,"name":"Kira Mantsu : DZ\u00c3LILI A LITERATUR\u00c3LJEI ARM\u00c3NEASC\u00c3 : Belgrad, 9-10\/09\/2021"}]},{"@type":"WebSite","@id":"http:\/\/www.armanami.org\/blog\/#website","url":"http:\/\/www.armanami.org\/blog\/","name":"TRA ARMANAMI","description":"Habari di la armanj luati sh&#039;la armanj dati","potentialAction":[{"@type":"SearchAction","target":{"@type":"EntryPoint","urlTemplate":"http:\/\/www.armanami.org\/blog\/?s={search_term_string}"},"query-input":{"@type":"PropertyValueSpecification","valueRequired":true,"valueName":"search_term_string"}}],"inLanguage":"en-US"},{"@type":"Person","@id":"http:\/\/www.armanami.org\/blog\/#\/schema\/person\/ad77560a1599935b2285ac8a40e4cf91","name":"Editeur","image":{"@type":"ImageObject","inLanguage":"en-US","@id":"http:\/\/www.armanami.org\/blog\/#\/schema\/person\/image\/","url":"https:\/\/secure.gravatar.com\/avatar\/761ad11672a7683bd0716727a6d2194cdbca97ae70d1f58d1e090e55c4007ae7?s=96&d=mm&r=g","contentUrl":"https:\/\/secure.gravatar.com\/avatar\/761ad11672a7683bd0716727a6d2194cdbca97ae70d1f58d1e090e55c4007ae7?s=96&d=mm&r=g","caption":"Editeur"},"url":"http:\/\/www.armanami.org\/blog\/author\/editeur\/"}]}},"_links":{"self":[{"href":"http:\/\/www.armanami.org\/blog\/wp-json\/wp\/v2\/posts\/3246","targetHints":{"allow":["GET"]}}],"collection":[{"href":"http:\/\/www.armanami.org\/blog\/wp-json\/wp\/v2\/posts"}],"about":[{"href":"http:\/\/www.armanami.org\/blog\/wp-json\/wp\/v2\/types\/post"}],"author":[{"embeddable":true,"href":"http:\/\/www.armanami.org\/blog\/wp-json\/wp\/v2\/users\/4"}],"replies":[{"embeddable":true,"href":"http:\/\/www.armanami.org\/blog\/wp-json\/wp\/v2\/comments?post=3246"}],"version-history":[{"count":1,"href":"http:\/\/www.armanami.org\/blog\/wp-json\/wp\/v2\/posts\/3246\/revisions"}],"predecessor-version":[{"id":3248,"href":"http:\/\/www.armanami.org\/blog\/wp-json\/wp\/v2\/posts\/3246\/revisions\/3248"}],"wp:attachment":[{"href":"http:\/\/www.armanami.org\/blog\/wp-json\/wp\/v2\/media?parent=3246"}],"wp:term":[{"taxonomy":"category","embeddable":true,"href":"http:\/\/www.armanami.org\/blog\/wp-json\/wp\/v2\/categories?post=3246"},{"taxonomy":"post_tag","embeddable":true,"href":"http:\/\/www.armanami.org\/blog\/wp-json\/wp\/v2\/tags?post=3246"}],"curies":[{"name":"wp","href":"https:\/\/api.w.org\/{rel}","templated":true}]}}