{"id":3113,"date":"2020-11-17T13:20:44","date_gmt":"2020-11-17T12:20:44","guid":{"rendered":"http:\/\/www.armanami.org\/blog\/?p=3113"},"modified":"2020-11-17T13:22:11","modified_gmt":"2020-11-17T12:22:11","slug":"thanas-medi-si-sot-2014-de-parca-s-a-intamplat-azi","status":"publish","type":"post","link":"http:\/\/www.armanami.org\/blog\/thanas-medi-si-sot-2014-de-parca-s-a-intamplat-azi\/","title":{"rendered":"Thanas Medi : Si sot\u2026 2014 ! De parc\u0103 s-a \u00eent\u00e2mplat azi\u2026"},"content":{"rendered":"\n<p>Autorul cartii \u00ab\u00a0Ultimul cuv\u00e2nt al lui Socrat Buba\u00a0\u00bb, romancierul albanez de origine arom\u00e2na domiciliat la Atena va interveni joi la ora 17 la editia on line a t\u00e2rgului de carte\u00a0\u00a0Gaudeamus. Astazi, se \u00eemplinesc 6 ani de c\u00e2nd el a primit prestigiosul premiu al Ministerului Culturii din Albania. Cu aceasta ocazie, el \u00eesi aminteste\u00a0:\u00a0<\/p>\n\n\n\n<figure class=\"wp-block-image size-large\"><img loading=\"lazy\" decoding=\"async\" width=\"842\" height=\"453\" src=\"http:\/\/www.armanami.org\/blog\/wp-content\/uploads\/2020\/11\/gaud-1.png\" alt=\"\" class=\"wp-image-3114\" srcset=\"http:\/\/www.armanami.org\/blog\/wp-content\/uploads\/2020\/11\/gaud-1.png 842w, http:\/\/www.armanami.org\/blog\/wp-content\/uploads\/2020\/11\/gaud-1-300x161.png 300w, http:\/\/www.armanami.org\/blog\/wp-content\/uploads\/2020\/11\/gaud-1-768x413.png 768w\" sizes=\"auto, (max-width: 842px) 100vw, 842px\" \/><\/figure>\n\n\n\n<!--more-->\n\n\n\n<p>\u201eDe parc\u0103 s-a \u00eent\u00e2mplat azi&#8230; 2014!&nbsp;&nbsp;Indiferent de c\u00e2\u021bi ani trec, pentru mine va r\u0103m\u00e2ne un eveniment marcant. Dintre cele care \u021bi se \u00eent\u00e2mpl\u0103 rar \u00een via\u021b\u0103, te scot din \u00eentuneric \u00een lumin\u0103 \u0219i te mobilizeaz\u0103 pentru a fi mereu la \u00een\u0103l\u021bime. Dar \u0219i pentru a-\u021bi re\u00eemprosp\u0103ta memoria, pentru a \u00ee\u021bi aminti c\u0103 atunci a existat o mare uimire \u00een cercurile literare \u0219i jurnalistice din Tirana, de tipul \u201ede unde a venit \u0219i \u0103sta, ce prieten a avut, cine \u00eel cunoa\u0219te, i-au dat premiu de la Ministerul Culturii, deoarece apar\u021bine uneia dintre minorit\u0103\u021bi &#8230; &#8220;\u0219i a multe altele din acestea. R\u0103utate p\u00e2n\u0103 la culme, \u00eenc\u00e2t un jurnalist a \u00eentrecut m\u0103sura, scriind: \u201eaceast\u0103 carte nu va ajunge niciodat\u0103 \u00een m\u00e2inile cititorului\u201d, f\u0103r\u0103 s\u0103 fac\u0103 de fapt minimul de efort de a arunca o privire, f\u0103r\u0103 a avea nici m\u0103car cel mai mic contact cu autorul &#8230; , Am apreciat \u0219i apreciez cealalt\u0103 parte, pozitiv\u0103, neinfluen\u021bat\u0103, a numelor mari, cinstite .. Cei care au pus literatura mai presus de orice, la fel ca \u0219i membrii acelui juriu, pentru care am un respect deosebit.\u201d<\/p>\n\n\n\n<p>&nbsp;(Traducere Oana Glasu, urmeaza textul \u00een albaneza)<\/p>\n\n\n\n<p>Si sot..2014! Sado vite t\u00eb shkojn\u00eb, p\u00ebr mua do ngelet ngjarje e sh\u00ebnuar..Nga ato q\u00eb t\u00eb ndodhin rrall\u00eb n\u00eb jet\u00eb, t\u00eb nxjerrin nga err\u00ebsira n\u00eb drit\u00eb e t\u00eb shkundin p\u00ebr t\u00eb qen\u00eb p\u00ebrher\u00eb n\u00eb lart\u00ebsin\u00eb e duhur. Por dhe q\u00eb t\u00eb rifreskojn\u00eb kujtes\u00ebn, t\u00eb sjell\u00ebsh n\u00ebp\u00ebr mend se at\u00ebher\u00eb g\u00ebloi habi e madhe n\u00eb qarqet letrare e gazetareske t\u00eb Tiran\u00ebs, e tipit &#8220;nga doli ky, \u00e7&#8217;mik ka patur, kush e njeh, i&#8217;a dhan\u00eb me hat\u00ebr ata t\u00eb Kultur\u00ebs, meq\u00eb \u00ebsht\u00eb i njer\u00ebs prej pakicave..&#8221; e mjaft t\u00eb tjera nga k\u00ebto. Lig\u00ebsia n\u00eb qiell, nj\u00eb gazetar sh\u00ebnoi kulmin, duke shkruajtur dhe: &#8220;ky lib\u00ebr nuk do mbrij\u00eb kurr\u00eb n\u00eb duart e lexuesit&#8221;, pa marr\u00eb nj\u00ebher\u00eb mundimin t&#8217;i hidhte nj\u00eb sy, pa patur me autorin as kontaktin m\u00eb t\u00eb vog\u00ebl&#8230; Sidoqoft\u00eb, m\u00eb tep\u00ebr kam vler\u00ebsuar e vler\u00ebsoj krahun tjet\u00ebr, pozitivin, t\u00eb pandikuarit nga emrat e m\u00ebdhenj, tarafet.. Ata q\u00eb mbi gjith\u00e7ka v\u00ebn\u00eb let\u00ebrsin\u00eb, si\u00e7 qen\u00eb dhe an\u00ebtar\u00ebt e k\u00ebsaj jurie, p\u00ebr t\u00eb cil\u00ebt ushqej respekt t\u00eb ve\u00e7ant\u00eb.<\/p>\n","protected":false},"excerpt":{"rendered":"<p>Autorul cartii \u00ab\u00a0Ultimul cuv\u00e2nt al lui Socrat Buba\u00a0\u00bb, romancierul albanez de origine arom\u00e2na domiciliat la Atena va interveni joi la ora 17 la editia on line a t\u00e2rgului de carte\u00a0\u00a0Gaudeamus. Astazi, se \u00eemplinesc 6 ani de c\u00e2nd el a primit prestigiosul premiu al Ministerului Culturii din Albania. Cu aceasta ocazie, el \u00eesi aminteste\u00a0:\u00a0<\/p>\n","protected":false},"author":4,"featured_media":0,"comment_status":"open","ping_status":"open","sticky":false,"template":"","format":"standard","meta":{"_monsterinsights_skip_tracking":false,"_monsterinsights_sitenote_active":false,"_monsterinsights_sitenote_note":"","_monsterinsights_sitenote_category":0,"footnotes":""},"categories":[3],"tags":[],"class_list":["post-3113","post","type-post","status-publish","format-standard","hentry","category-habari-news"],"yoast_head":"<!-- This site is optimized with the Yoast SEO plugin v25.4 - https:\/\/yoast.com\/wordpress\/plugins\/seo\/ -->\n<title>Thanas Medi : Si sot\u2026 2014 ! De parc\u0103 s-a \u00eent\u00e2mplat azi\u2026 - TRA ARMANAMI<\/title>\n<meta name=\"robots\" content=\"index, follow, max-snippet:-1, max-image-preview:large, max-video-preview:-1\" \/>\n<link rel=\"canonical\" href=\"http:\/\/www.armanami.org\/blog\/thanas-medi-si-sot-2014-de-parca-s-a-intamplat-azi\/\" \/>\n<meta property=\"og:locale\" content=\"en_US\" \/>\n<meta property=\"og:type\" content=\"article\" \/>\n<meta property=\"og:title\" content=\"Thanas Medi : Si sot\u2026 2014 ! De parc\u0103 s-a \u00eent\u00e2mplat azi\u2026 - TRA ARMANAMI\" \/>\n<meta property=\"og:description\" content=\"Autorul cartii \u00ab\u00a0Ultimul cuv\u00e2nt al lui Socrat Buba\u00a0\u00bb, romancierul albanez de origine arom\u00e2na domiciliat la Atena va interveni joi la ora 17 la editia on line a t\u00e2rgului de carte\u00a0\u00a0Gaudeamus. Astazi, se \u00eemplinesc 6 ani de c\u00e2nd el a primit prestigiosul premiu al Ministerului Culturii din Albania. Cu aceasta ocazie, el \u00eesi aminteste\u00a0:\u00a0\" \/>\n<meta property=\"og:url\" content=\"http:\/\/www.armanami.org\/blog\/thanas-medi-si-sot-2014-de-parca-s-a-intamplat-azi\/\" \/>\n<meta property=\"og:site_name\" content=\"TRA ARMANAMI\" \/>\n<meta property=\"article:published_time\" content=\"2020-11-17T12:20:44+00:00\" \/>\n<meta property=\"article:modified_time\" content=\"2020-11-17T12:22:11+00:00\" \/>\n<meta property=\"og:image\" content=\"http:\/\/www.armanami.org\/blog\/wp-content\/uploads\/2020\/11\/gaud-1.png\" \/>\n<meta name=\"author\" content=\"Editeur\" \/>\n<meta name=\"twitter:card\" content=\"summary_large_image\" \/>\n<meta name=\"twitter:label1\" content=\"Written by\" \/>\n\t<meta name=\"twitter:data1\" content=\"Editeur\" \/>\n\t<meta name=\"twitter:label2\" content=\"Est. reading time\" \/>\n\t<meta name=\"twitter:data2\" content=\"2 minutes\" \/>\n<script type=\"application\/ld+json\" class=\"yoast-schema-graph\">{\"@context\":\"https:\/\/schema.org\",\"@graph\":[{\"@type\":\"WebPage\",\"@id\":\"http:\/\/www.armanami.org\/blog\/thanas-medi-si-sot-2014-de-parca-s-a-intamplat-azi\/\",\"url\":\"http:\/\/www.armanami.org\/blog\/thanas-medi-si-sot-2014-de-parca-s-a-intamplat-azi\/\",\"name\":\"Thanas Medi : Si sot\u2026 2014 ! De parc\u0103 s-a \u00eent\u00e2mplat azi\u2026 - TRA ARMANAMI\",\"isPartOf\":{\"@id\":\"http:\/\/www.armanami.org\/blog\/#website\"},\"primaryImageOfPage\":{\"@id\":\"http:\/\/www.armanami.org\/blog\/thanas-medi-si-sot-2014-de-parca-s-a-intamplat-azi\/#primaryimage\"},\"image\":{\"@id\":\"http:\/\/www.armanami.org\/blog\/thanas-medi-si-sot-2014-de-parca-s-a-intamplat-azi\/#primaryimage\"},\"thumbnailUrl\":\"http:\/\/www.armanami.org\/blog\/wp-content\/uploads\/2020\/11\/gaud-1.png\",\"datePublished\":\"2020-11-17T12:20:44+00:00\",\"dateModified\":\"2020-11-17T12:22:11+00:00\",\"author\":{\"@id\":\"http:\/\/www.armanami.org\/blog\/#\/schema\/person\/ad77560a1599935b2285ac8a40e4cf91\"},\"breadcrumb\":{\"@id\":\"http:\/\/www.armanami.org\/blog\/thanas-medi-si-sot-2014-de-parca-s-a-intamplat-azi\/#breadcrumb\"},\"inLanguage\":\"en-US\",\"potentialAction\":[{\"@type\":\"ReadAction\",\"target\":[\"http:\/\/www.armanami.org\/blog\/thanas-medi-si-sot-2014-de-parca-s-a-intamplat-azi\/\"]}]},{\"@type\":\"ImageObject\",\"inLanguage\":\"en-US\",\"@id\":\"http:\/\/www.armanami.org\/blog\/thanas-medi-si-sot-2014-de-parca-s-a-intamplat-azi\/#primaryimage\",\"url\":\"http:\/\/www.armanami.org\/blog\/wp-content\/uploads\/2020\/11\/gaud-1.png\",\"contentUrl\":\"http:\/\/www.armanami.org\/blog\/wp-content\/uploads\/2020\/11\/gaud-1.png\",\"width\":842,\"height\":453},{\"@type\":\"BreadcrumbList\",\"@id\":\"http:\/\/www.armanami.org\/blog\/thanas-medi-si-sot-2014-de-parca-s-a-intamplat-azi\/#breadcrumb\",\"itemListElement\":[{\"@type\":\"ListItem\",\"position\":1,\"name\":\"Home\",\"item\":\"http:\/\/www.armanami.org\/blog\/\"},{\"@type\":\"ListItem\",\"position\":2,\"name\":\"Thanas Medi : Si sot\u2026 2014 ! De parc\u0103 s-a \u00eent\u00e2mplat azi\u2026\"}]},{\"@type\":\"WebSite\",\"@id\":\"http:\/\/www.armanami.org\/blog\/#website\",\"url\":\"http:\/\/www.armanami.org\/blog\/\",\"name\":\"TRA ARMANAMI\",\"description\":\"Habari di la armanj luati sh&#039;la armanj dati\",\"potentialAction\":[{\"@type\":\"SearchAction\",\"target\":{\"@type\":\"EntryPoint\",\"urlTemplate\":\"http:\/\/www.armanami.org\/blog\/?s={search_term_string}\"},\"query-input\":{\"@type\":\"PropertyValueSpecification\",\"valueRequired\":true,\"valueName\":\"search_term_string\"}}],\"inLanguage\":\"en-US\"},{\"@type\":\"Person\",\"@id\":\"http:\/\/www.armanami.org\/blog\/#\/schema\/person\/ad77560a1599935b2285ac8a40e4cf91\",\"name\":\"Editeur\",\"image\":{\"@type\":\"ImageObject\",\"inLanguage\":\"en-US\",\"@id\":\"http:\/\/www.armanami.org\/blog\/#\/schema\/person\/image\/\",\"url\":\"https:\/\/secure.gravatar.com\/avatar\/761ad11672a7683bd0716727a6d2194cdbca97ae70d1f58d1e090e55c4007ae7?s=96&d=mm&r=g\",\"contentUrl\":\"https:\/\/secure.gravatar.com\/avatar\/761ad11672a7683bd0716727a6d2194cdbca97ae70d1f58d1e090e55c4007ae7?s=96&d=mm&r=g\",\"caption\":\"Editeur\"},\"url\":\"http:\/\/www.armanami.org\/blog\/author\/editeur\/\"}]}<\/script>\n<!-- \/ Yoast SEO plugin. -->","yoast_head_json":{"title":"Thanas Medi : Si sot\u2026 2014 ! De parc\u0103 s-a \u00eent\u00e2mplat azi\u2026 - TRA ARMANAMI","robots":{"index":"index","follow":"follow","max-snippet":"max-snippet:-1","max-image-preview":"max-image-preview:large","max-video-preview":"max-video-preview:-1"},"canonical":"http:\/\/www.armanami.org\/blog\/thanas-medi-si-sot-2014-de-parca-s-a-intamplat-azi\/","og_locale":"en_US","og_type":"article","og_title":"Thanas Medi : Si sot\u2026 2014 ! De parc\u0103 s-a \u00eent\u00e2mplat azi\u2026 - TRA ARMANAMI","og_description":"Autorul cartii \u00ab\u00a0Ultimul cuv\u00e2nt al lui Socrat Buba\u00a0\u00bb, romancierul albanez de origine arom\u00e2na domiciliat la Atena va interveni joi la ora 17 la editia on line a t\u00e2rgului de carte\u00a0\u00a0Gaudeamus. Astazi, se \u00eemplinesc 6 ani de c\u00e2nd el a primit prestigiosul premiu al Ministerului Culturii din Albania. Cu aceasta ocazie, el \u00eesi aminteste\u00a0:\u00a0","og_url":"http:\/\/www.armanami.org\/blog\/thanas-medi-si-sot-2014-de-parca-s-a-intamplat-azi\/","og_site_name":"TRA ARMANAMI","article_published_time":"2020-11-17T12:20:44+00:00","article_modified_time":"2020-11-17T12:22:11+00:00","og_image":[{"url":"http:\/\/www.armanami.org\/blog\/wp-content\/uploads\/2020\/11\/gaud-1.png","type":"","width":"","height":""}],"author":"Editeur","twitter_card":"summary_large_image","twitter_misc":{"Written by":"Editeur","Est. reading time":"2 minutes"},"schema":{"@context":"https:\/\/schema.org","@graph":[{"@type":"WebPage","@id":"http:\/\/www.armanami.org\/blog\/thanas-medi-si-sot-2014-de-parca-s-a-intamplat-azi\/","url":"http:\/\/www.armanami.org\/blog\/thanas-medi-si-sot-2014-de-parca-s-a-intamplat-azi\/","name":"Thanas Medi : Si sot\u2026 2014 ! De parc\u0103 s-a \u00eent\u00e2mplat azi\u2026 - TRA ARMANAMI","isPartOf":{"@id":"http:\/\/www.armanami.org\/blog\/#website"},"primaryImageOfPage":{"@id":"http:\/\/www.armanami.org\/blog\/thanas-medi-si-sot-2014-de-parca-s-a-intamplat-azi\/#primaryimage"},"image":{"@id":"http:\/\/www.armanami.org\/blog\/thanas-medi-si-sot-2014-de-parca-s-a-intamplat-azi\/#primaryimage"},"thumbnailUrl":"http:\/\/www.armanami.org\/blog\/wp-content\/uploads\/2020\/11\/gaud-1.png","datePublished":"2020-11-17T12:20:44+00:00","dateModified":"2020-11-17T12:22:11+00:00","author":{"@id":"http:\/\/www.armanami.org\/blog\/#\/schema\/person\/ad77560a1599935b2285ac8a40e4cf91"},"breadcrumb":{"@id":"http:\/\/www.armanami.org\/blog\/thanas-medi-si-sot-2014-de-parca-s-a-intamplat-azi\/#breadcrumb"},"inLanguage":"en-US","potentialAction":[{"@type":"ReadAction","target":["http:\/\/www.armanami.org\/blog\/thanas-medi-si-sot-2014-de-parca-s-a-intamplat-azi\/"]}]},{"@type":"ImageObject","inLanguage":"en-US","@id":"http:\/\/www.armanami.org\/blog\/thanas-medi-si-sot-2014-de-parca-s-a-intamplat-azi\/#primaryimage","url":"http:\/\/www.armanami.org\/blog\/wp-content\/uploads\/2020\/11\/gaud-1.png","contentUrl":"http:\/\/www.armanami.org\/blog\/wp-content\/uploads\/2020\/11\/gaud-1.png","width":842,"height":453},{"@type":"BreadcrumbList","@id":"http:\/\/www.armanami.org\/blog\/thanas-medi-si-sot-2014-de-parca-s-a-intamplat-azi\/#breadcrumb","itemListElement":[{"@type":"ListItem","position":1,"name":"Home","item":"http:\/\/www.armanami.org\/blog\/"},{"@type":"ListItem","position":2,"name":"Thanas Medi : Si sot\u2026 2014 ! De parc\u0103 s-a \u00eent\u00e2mplat azi\u2026"}]},{"@type":"WebSite","@id":"http:\/\/www.armanami.org\/blog\/#website","url":"http:\/\/www.armanami.org\/blog\/","name":"TRA ARMANAMI","description":"Habari di la armanj luati sh&#039;la armanj dati","potentialAction":[{"@type":"SearchAction","target":{"@type":"EntryPoint","urlTemplate":"http:\/\/www.armanami.org\/blog\/?s={search_term_string}"},"query-input":{"@type":"PropertyValueSpecification","valueRequired":true,"valueName":"search_term_string"}}],"inLanguage":"en-US"},{"@type":"Person","@id":"http:\/\/www.armanami.org\/blog\/#\/schema\/person\/ad77560a1599935b2285ac8a40e4cf91","name":"Editeur","image":{"@type":"ImageObject","inLanguage":"en-US","@id":"http:\/\/www.armanami.org\/blog\/#\/schema\/person\/image\/","url":"https:\/\/secure.gravatar.com\/avatar\/761ad11672a7683bd0716727a6d2194cdbca97ae70d1f58d1e090e55c4007ae7?s=96&d=mm&r=g","contentUrl":"https:\/\/secure.gravatar.com\/avatar\/761ad11672a7683bd0716727a6d2194cdbca97ae70d1f58d1e090e55c4007ae7?s=96&d=mm&r=g","caption":"Editeur"},"url":"http:\/\/www.armanami.org\/blog\/author\/editeur\/"}]}},"_links":{"self":[{"href":"http:\/\/www.armanami.org\/blog\/wp-json\/wp\/v2\/posts\/3113","targetHints":{"allow":["GET"]}}],"collection":[{"href":"http:\/\/www.armanami.org\/blog\/wp-json\/wp\/v2\/posts"}],"about":[{"href":"http:\/\/www.armanami.org\/blog\/wp-json\/wp\/v2\/types\/post"}],"author":[{"embeddable":true,"href":"http:\/\/www.armanami.org\/blog\/wp-json\/wp\/v2\/users\/4"}],"replies":[{"embeddable":true,"href":"http:\/\/www.armanami.org\/blog\/wp-json\/wp\/v2\/comments?post=3113"}],"version-history":[{"count":2,"href":"http:\/\/www.armanami.org\/blog\/wp-json\/wp\/v2\/posts\/3113\/revisions"}],"predecessor-version":[{"id":3116,"href":"http:\/\/www.armanami.org\/blog\/wp-json\/wp\/v2\/posts\/3113\/revisions\/3116"}],"wp:attachment":[{"href":"http:\/\/www.armanami.org\/blog\/wp-json\/wp\/v2\/media?parent=3113"}],"wp:term":[{"taxonomy":"category","embeddable":true,"href":"http:\/\/www.armanami.org\/blog\/wp-json\/wp\/v2\/categories?post=3113"},{"taxonomy":"post_tag","embeddable":true,"href":"http:\/\/www.armanami.org\/blog\/wp-json\/wp\/v2\/tags?post=3113"}],"curies":[{"name":"wp","href":"https:\/\/api.w.org\/{rel}","templated":true}]}}