{"id":2984,"date":"2020-08-27T17:07:58","date_gmt":"2020-08-27T16:07:58","guid":{"rendered":"http:\/\/www.armanami.org\/blog\/?p=2984"},"modified":"2020-08-27T17:37:38","modified_gmt":"2020-08-27T16:37:38","slug":"o-scrisoare-de-la-vasile-cornea-despre-triandafil-mihutu-prietenul-printului-ghyka","status":"publish","type":"post","link":"http:\/\/www.armanami.org\/blog\/o-scrisoare-de-la-vasile-cornea-despre-triandafil-mihutu-prietenul-printului-ghyka\/","title":{"rendered":"O scrisoare de la Vasile Cornea despre Triandafil Mihu\u0163u, prietenul prin\u0163ului Ghyka"},"content":{"rendered":"\n<figure class=\"wp-block-image size-large\"><img loading=\"lazy\" decoding=\"async\" width=\"411\" height=\"588\" src=\"http:\/\/www.armanami.org\/blog\/wp-content\/uploads\/2020\/08\/zzz.png\" alt=\"\" class=\"wp-image-2985\" srcset=\"http:\/\/www.armanami.org\/blog\/wp-content\/uploads\/2020\/08\/zzz.png 411w, http:\/\/www.armanami.org\/blog\/wp-content\/uploads\/2020\/08\/zzz-210x300.png 210w\" sizes=\"auto, (max-width: 411px) 100vw, 411px\" \/><figcaption>Cartea a aparut anul acesta \u00een colectia Biografii exemplare, la Iasi.<\/figcaption><\/figure>\n\n\n\n<p>Stimate Domnule Trifon,<\/p>\n\n\n\n<p>Am vazut ca sunteti interesat de Mihutu, cel din memoriile lui Matila Ghyka (cf. http:\/\/www.armanami.org\/blog\/matila-c-ghyka-sud-dunarenii-si-aromanii\/)<\/p>\n\n\n\n<p>Eu am scris o carte despre acest personaj, <em>Necunoscutul print Matila Ghyka si lumea sa<\/em>, Institutul European, Iasi, 2020 unde am si cateva detalii despre Mihutu. La liceul din Bitolia a fost profesor doar un an, dupa ce a terminat liceul, deci putem intelege ca a predat la clasele inferioare. Exista mormantul lui la Braila, pe placa este trecut ca fiind nascut la Metovo \/ Metova (in alte transcrieri, el se revendica de la aceasta localitate), dar in dosarul de la marina militara apare ca fiind nascut in alta localitate. Pe google cu &#8220;triandafil mihutu&#8221; mai puteti afla si alte date, nu foarte multe. Nu avem imaginea lui.<\/p>\n\n\n\n<!--more-->\n\n\n\n<p><strong>Triandafil Mihu\u0163u<\/strong>&nbsp;(1872-1938), arom\u00e2n, n\u0103scut \u00een districtul Epir, \u201em\u0103runt de stat\u201d, \u201efost profesor la liceul rom\u00e2n din Bitolia \u015fi trecut prin \u015ecoala Superioar\u0103 de Artilerie din Bucure\u015fti\u201d, intr\u0103 la 1 iulie 1899 la \u015ecoala de aplica\u0163ie a marinei pe care o absolv\u0103 la 1901 (<em>Anuarul\u2026, L&#8217;Independence roumaine<\/em>, 27 avril \/ 10 mai 1900), al treilea din cei 8 absolven\u0163i, camaradul lui Matila Ghyka pe timpul c\u00e2t era la Constan\u0163a, av\u00e2nd am\u00e2ndoi gradul de sublocotenent. Cu vreo zece ani mai \u00een v\u00e2rst\u0103 dec\u00e2t el, numele lui, mai rar \u00een Rom\u00e2nia, fiind al unui sf\u00e2nt foarte cunoscut \u00een Grecia. \u00cen anul 1906 pe c\u00e2nd avea gradul de locotenent este mutat de la Divizia de Mare la Divizia de Dun\u0103re. La 1915 era \u00een rezerv\u0103 cu gradul de c\u0103pitan (exista obiceiul perpetuat p\u00e2n\u0103 \u00een zilele \u00een care Rom\u00e2nia mai avea flot\u0103, ca ofi\u0163erii marinei militare s\u0103 fac\u0103 stagii pe vasele comerciale) \u015fi avansat la gradul de locotenent-comandor (Decret regal no. 2.437 din 28 noemvrie 1915,&nbsp;<em>Monitorul Oficial<\/em>&nbsp;no. 180 \/ 15 noemvrie 1915). La 1916 era comandant militar al portului Tulcea. \u00cen timpul primului r\u0103zboi mondial era c\u0103pitan-comandor, comandantul portului Constan\u0163a \u015fi se retrage \u00eempreun\u0103 cu Ghyka la Sevastopol, unde insist\u0103 la viceamiralul Kolceak pentru bombardarea depozitelor de carburan\u0163i de la Constan\u0163a c\u0103zute \u00een m\u00e2na du\u015fmanilor. La \u00eentoarcerea \u00een \u0163ar\u0103, \u00een raportul c\u0103tre superiorii s\u0103i, eviden\u0163iaz\u0103 meritele camaradului s\u0103u \u015fi propune avansarea lui (vezi raportul la Cornel Popescu, precum \u015fi la Mariana Cojoc, 2013, cu mai multe detalii) \u015fi va fi numit Inspector al Poli\u0163iei \u015fi Naviga\u0163iei pe Nistru \u00een anul 1918.&nbsp;\u00cen citatul raport face o analiz\u0103 a comport\u0103rii flotei ruse \u015fi acuz\u0103 vehement amiralul rus de pasivitate, cruci\u015f\u0103torul acestuia nu s-a mi\u015fcat din loc \u00een timp de 55 de zile.<\/p>\n\n\n\n<p>Generalul Dabija \u00een volumul I al c\u0103r\u0163ii sale \u201eArmata Rom\u00e2n\u0103 \u00een R\u0103sboiul Mondial (1916-1918)\u201d scrie c\u0103 \u201es\u2019a evacuat Constan\u0163a, gra\u0163ie Comandorului&nbsp;Frunz[ian]escu, doctorului&nbsp;Pilescu&nbsp;\u015fi locot-comandorului Mihu\u0163[u], f\u0103r\u0103 a se distruge nimic, din ordinul amiralului Paton\u201d, p. 438 (\u00een volumul aceluia\u015fi este citat un ordin de zi al generalului rus Sacharoff, care l-a preluarea comenzii, lu\u00e2nd cuno\u015ftin\u0163\u0103 de pasivitatea armatei ruse, se adreseaz\u0103 cu apostolicele cuvinte \u201eOfi\u0163eri be\u0163ivi \u015fi trup\u0103 de netrebnici,&#8230;\u201d).&nbsp;\u00centre 1919 \u015fi 1927 este \u015feful C\u0103pit\u0103niei Portului Br\u0103ila, \u00een primii doi ani fiind \u015fi comandant militar al portului.\u00centre 1930 \u015fi 1933 avea \u015fi func\u0163ia de Inspector General al Naviga\u0163iunei \u015fi Porturilor de la Gala\u0163i (<em>Analele Br\u0103ilei<\/em>, 01, nr. 01, ianuarie-februarie 1929), institu\u0163ie condus\u0103 de ofi\u0163eri de marin\u0103, dar \u00een organigrama&nbsp;<em>Regiei autonome a porturilor \u015fi c\u0103ilor de comunica\u0163ie pe ap\u0103<\/em>&nbsp;din Ministerului Industriei \u015fi Comer\u0163ului.&nbsp;Este trecut la pensie de la 1 ianuarie 1930, dar va continua lucrul (<em>Monitorul Oficial<\/em>&nbsp;nr. 291 din 31 decembrie 1929), probabil p\u00e2n\u0103 la numirea unui \u00eenlocuitor (Ioan Munteanu,&nbsp;<em>Portul Br\u0103ila. M\u0103rire \u015fi dec\u0103dere<\/em>, Editura Proilavia, Br\u0103ila, 2013). Conform istoricului br\u0103ilean, a comandat grupul IV de vase rom\u00e2ne\u015fti \u00een serviciul rusesc, a mai servit, dup\u0103 evacuarea Constan\u0163ei la Statul Major al Comisariatului General al Basarabiei (general V\u0103itoianu) \u015fi la cel al Corpului V de armat\u0103, \u00een calitate de Inspector al Naviga\u0163iei pe Nistru, de unde \u201ea r\u0103mas beteag de bra\u0163ul drept\u201d. Decedat, se pare \u00een 1938 conform necrologului publicat de&nbsp;&nbsp;<em>Marea noastr\u0103&nbsp;<\/em>din aprilie 1938. Vezi \u015fi Marian Mo\u015fneagu,&nbsp;<em>Comandorul Triandafil Mihu\u0163u, comisar maritim \u015fi comandant militar de port la Constan\u0163a, Bender \u015fi Br\u0103ila<\/em>, comunicare la Sesiunea interna\u0163ional\u0103 de comunic\u0103ri \u015ftiin\u0163ifice \u201ePontica\u201d, Constan\u0163a, 2015.&nbsp;<\/p>\n\n\n\n<p>Cu respect,<\/p>\n\n\n\n<p>Vasile Cornea<\/p>\n\n\n\n<p>Timisoara&nbsp;<\/p>\n","protected":false},"excerpt":{"rendered":"<p>Stimate Domnule Trifon, Am vazut ca sunteti interesat de Mihutu, cel din memoriile lui Matila Ghyka (cf. http:\/\/www.armanami.org\/blog\/matila-c-ghyka-sud-dunarenii-si-aromanii\/) Eu am scris o carte despre acest personaj, Necunoscutul print Matila Ghyka si lumea sa, Institutul European, Iasi, 2020 unde am si cateva detalii despre Mihutu. La liceul din Bitolia a fost profesor doar un an, dupa [&hellip;]<\/p>\n","protected":false},"author":4,"featured_media":0,"comment_status":"open","ping_status":"open","sticky":false,"template":"","format":"standard","meta":{"_monsterinsights_skip_tracking":false,"_monsterinsights_sitenote_active":false,"_monsterinsights_sitenote_note":"","_monsterinsights_sitenote_category":0,"footnotes":""},"categories":[3],"tags":[],"class_list":["post-2984","post","type-post","status-publish","format-standard","hentry","category-habari-news"],"yoast_head":"<!-- This site is optimized with the Yoast SEO plugin v25.4 - https:\/\/yoast.com\/wordpress\/plugins\/seo\/ -->\n<title>O scrisoare de la Vasile Cornea despre Triandafil Mihu\u0163u, prietenul prin\u0163ului Ghyka - TRA ARMANAMI<\/title>\n<meta name=\"robots\" content=\"index, follow, max-snippet:-1, max-image-preview:large, max-video-preview:-1\" \/>\n<link rel=\"canonical\" href=\"http:\/\/www.armanami.org\/blog\/o-scrisoare-de-la-vasile-cornea-despre-triandafil-mihutu-prietenul-printului-ghyka\/\" \/>\n<meta property=\"og:locale\" content=\"en_US\" \/>\n<meta property=\"og:type\" content=\"article\" \/>\n<meta property=\"og:title\" content=\"O scrisoare de la Vasile Cornea despre Triandafil Mihu\u0163u, prietenul prin\u0163ului Ghyka - TRA ARMANAMI\" \/>\n<meta property=\"og:description\" content=\"Stimate Domnule Trifon, Am vazut ca sunteti interesat de Mihutu, cel din memoriile lui Matila Ghyka (cf. http:\/\/www.armanami.org\/blog\/matila-c-ghyka-sud-dunarenii-si-aromanii\/) Eu am scris o carte despre acest personaj, Necunoscutul print Matila Ghyka si lumea sa, Institutul European, Iasi, 2020 unde am si cateva detalii despre Mihutu. La liceul din Bitolia a fost profesor doar un an, dupa [&hellip;]\" \/>\n<meta property=\"og:url\" content=\"http:\/\/www.armanami.org\/blog\/o-scrisoare-de-la-vasile-cornea-despre-triandafil-mihutu-prietenul-printului-ghyka\/\" \/>\n<meta property=\"og:site_name\" content=\"TRA ARMANAMI\" \/>\n<meta property=\"article:published_time\" content=\"2020-08-27T16:07:58+00:00\" \/>\n<meta property=\"article:modified_time\" content=\"2020-08-27T16:37:38+00:00\" \/>\n<meta property=\"og:image\" content=\"http:\/\/www.armanami.org\/blog\/wp-content\/uploads\/2020\/08\/zzz.png\" \/>\n<meta name=\"author\" content=\"Editeur\" \/>\n<meta name=\"twitter:card\" content=\"summary_large_image\" \/>\n<meta name=\"twitter:label1\" content=\"Written by\" \/>\n\t<meta name=\"twitter:data1\" content=\"Editeur\" \/>\n\t<meta name=\"twitter:label2\" content=\"Est. reading time\" \/>\n\t<meta name=\"twitter:data2\" content=\"4 minutes\" \/>\n<script type=\"application\/ld+json\" class=\"yoast-schema-graph\">{\"@context\":\"https:\/\/schema.org\",\"@graph\":[{\"@type\":\"WebPage\",\"@id\":\"http:\/\/www.armanami.org\/blog\/o-scrisoare-de-la-vasile-cornea-despre-triandafil-mihutu-prietenul-printului-ghyka\/\",\"url\":\"http:\/\/www.armanami.org\/blog\/o-scrisoare-de-la-vasile-cornea-despre-triandafil-mihutu-prietenul-printului-ghyka\/\",\"name\":\"O scrisoare de la Vasile Cornea despre Triandafil Mihu\u0163u, prietenul prin\u0163ului Ghyka - TRA ARMANAMI\",\"isPartOf\":{\"@id\":\"http:\/\/www.armanami.org\/blog\/#website\"},\"primaryImageOfPage\":{\"@id\":\"http:\/\/www.armanami.org\/blog\/o-scrisoare-de-la-vasile-cornea-despre-triandafil-mihutu-prietenul-printului-ghyka\/#primaryimage\"},\"image\":{\"@id\":\"http:\/\/www.armanami.org\/blog\/o-scrisoare-de-la-vasile-cornea-despre-triandafil-mihutu-prietenul-printului-ghyka\/#primaryimage\"},\"thumbnailUrl\":\"http:\/\/www.armanami.org\/blog\/wp-content\/uploads\/2020\/08\/zzz.png\",\"datePublished\":\"2020-08-27T16:07:58+00:00\",\"dateModified\":\"2020-08-27T16:37:38+00:00\",\"author\":{\"@id\":\"http:\/\/www.armanami.org\/blog\/#\/schema\/person\/ad77560a1599935b2285ac8a40e4cf91\"},\"breadcrumb\":{\"@id\":\"http:\/\/www.armanami.org\/blog\/o-scrisoare-de-la-vasile-cornea-despre-triandafil-mihutu-prietenul-printului-ghyka\/#breadcrumb\"},\"inLanguage\":\"en-US\",\"potentialAction\":[{\"@type\":\"ReadAction\",\"target\":[\"http:\/\/www.armanami.org\/blog\/o-scrisoare-de-la-vasile-cornea-despre-triandafil-mihutu-prietenul-printului-ghyka\/\"]}]},{\"@type\":\"ImageObject\",\"inLanguage\":\"en-US\",\"@id\":\"http:\/\/www.armanami.org\/blog\/o-scrisoare-de-la-vasile-cornea-despre-triandafil-mihutu-prietenul-printului-ghyka\/#primaryimage\",\"url\":\"http:\/\/www.armanami.org\/blog\/wp-content\/uploads\/2020\/08\/zzz.png\",\"contentUrl\":\"http:\/\/www.armanami.org\/blog\/wp-content\/uploads\/2020\/08\/zzz.png\",\"width\":411,\"height\":588},{\"@type\":\"BreadcrumbList\",\"@id\":\"http:\/\/www.armanami.org\/blog\/o-scrisoare-de-la-vasile-cornea-despre-triandafil-mihutu-prietenul-printului-ghyka\/#breadcrumb\",\"itemListElement\":[{\"@type\":\"ListItem\",\"position\":1,\"name\":\"Home\",\"item\":\"http:\/\/www.armanami.org\/blog\/\"},{\"@type\":\"ListItem\",\"position\":2,\"name\":\"O scrisoare de la Vasile Cornea despre Triandafil Mihu\u0163u, prietenul prin\u0163ului Ghyka\"}]},{\"@type\":\"WebSite\",\"@id\":\"http:\/\/www.armanami.org\/blog\/#website\",\"url\":\"http:\/\/www.armanami.org\/blog\/\",\"name\":\"TRA ARMANAMI\",\"description\":\"Habari di la armanj luati sh&#039;la armanj dati\",\"potentialAction\":[{\"@type\":\"SearchAction\",\"target\":{\"@type\":\"EntryPoint\",\"urlTemplate\":\"http:\/\/www.armanami.org\/blog\/?s={search_term_string}\"},\"query-input\":{\"@type\":\"PropertyValueSpecification\",\"valueRequired\":true,\"valueName\":\"search_term_string\"}}],\"inLanguage\":\"en-US\"},{\"@type\":\"Person\",\"@id\":\"http:\/\/www.armanami.org\/blog\/#\/schema\/person\/ad77560a1599935b2285ac8a40e4cf91\",\"name\":\"Editeur\",\"image\":{\"@type\":\"ImageObject\",\"inLanguage\":\"en-US\",\"@id\":\"http:\/\/www.armanami.org\/blog\/#\/schema\/person\/image\/\",\"url\":\"https:\/\/secure.gravatar.com\/avatar\/761ad11672a7683bd0716727a6d2194cdbca97ae70d1f58d1e090e55c4007ae7?s=96&d=mm&r=g\",\"contentUrl\":\"https:\/\/secure.gravatar.com\/avatar\/761ad11672a7683bd0716727a6d2194cdbca97ae70d1f58d1e090e55c4007ae7?s=96&d=mm&r=g\",\"caption\":\"Editeur\"},\"url\":\"http:\/\/www.armanami.org\/blog\/author\/editeur\/\"}]}<\/script>\n<!-- \/ Yoast SEO plugin. -->","yoast_head_json":{"title":"O scrisoare de la Vasile Cornea despre Triandafil Mihu\u0163u, prietenul prin\u0163ului Ghyka - TRA ARMANAMI","robots":{"index":"index","follow":"follow","max-snippet":"max-snippet:-1","max-image-preview":"max-image-preview:large","max-video-preview":"max-video-preview:-1"},"canonical":"http:\/\/www.armanami.org\/blog\/o-scrisoare-de-la-vasile-cornea-despre-triandafil-mihutu-prietenul-printului-ghyka\/","og_locale":"en_US","og_type":"article","og_title":"O scrisoare de la Vasile Cornea despre Triandafil Mihu\u0163u, prietenul prin\u0163ului Ghyka - TRA ARMANAMI","og_description":"Stimate Domnule Trifon, Am vazut ca sunteti interesat de Mihutu, cel din memoriile lui Matila Ghyka (cf. http:\/\/www.armanami.org\/blog\/matila-c-ghyka-sud-dunarenii-si-aromanii\/) Eu am scris o carte despre acest personaj, Necunoscutul print Matila Ghyka si lumea sa, Institutul European, Iasi, 2020 unde am si cateva detalii despre Mihutu. La liceul din Bitolia a fost profesor doar un an, dupa [&hellip;]","og_url":"http:\/\/www.armanami.org\/blog\/o-scrisoare-de-la-vasile-cornea-despre-triandafil-mihutu-prietenul-printului-ghyka\/","og_site_name":"TRA ARMANAMI","article_published_time":"2020-08-27T16:07:58+00:00","article_modified_time":"2020-08-27T16:37:38+00:00","og_image":[{"url":"http:\/\/www.armanami.org\/blog\/wp-content\/uploads\/2020\/08\/zzz.png","type":"","width":"","height":""}],"author":"Editeur","twitter_card":"summary_large_image","twitter_misc":{"Written by":"Editeur","Est. reading time":"4 minutes"},"schema":{"@context":"https:\/\/schema.org","@graph":[{"@type":"WebPage","@id":"http:\/\/www.armanami.org\/blog\/o-scrisoare-de-la-vasile-cornea-despre-triandafil-mihutu-prietenul-printului-ghyka\/","url":"http:\/\/www.armanami.org\/blog\/o-scrisoare-de-la-vasile-cornea-despre-triandafil-mihutu-prietenul-printului-ghyka\/","name":"O scrisoare de la Vasile Cornea despre Triandafil Mihu\u0163u, prietenul prin\u0163ului Ghyka - TRA ARMANAMI","isPartOf":{"@id":"http:\/\/www.armanami.org\/blog\/#website"},"primaryImageOfPage":{"@id":"http:\/\/www.armanami.org\/blog\/o-scrisoare-de-la-vasile-cornea-despre-triandafil-mihutu-prietenul-printului-ghyka\/#primaryimage"},"image":{"@id":"http:\/\/www.armanami.org\/blog\/o-scrisoare-de-la-vasile-cornea-despre-triandafil-mihutu-prietenul-printului-ghyka\/#primaryimage"},"thumbnailUrl":"http:\/\/www.armanami.org\/blog\/wp-content\/uploads\/2020\/08\/zzz.png","datePublished":"2020-08-27T16:07:58+00:00","dateModified":"2020-08-27T16:37:38+00:00","author":{"@id":"http:\/\/www.armanami.org\/blog\/#\/schema\/person\/ad77560a1599935b2285ac8a40e4cf91"},"breadcrumb":{"@id":"http:\/\/www.armanami.org\/blog\/o-scrisoare-de-la-vasile-cornea-despre-triandafil-mihutu-prietenul-printului-ghyka\/#breadcrumb"},"inLanguage":"en-US","potentialAction":[{"@type":"ReadAction","target":["http:\/\/www.armanami.org\/blog\/o-scrisoare-de-la-vasile-cornea-despre-triandafil-mihutu-prietenul-printului-ghyka\/"]}]},{"@type":"ImageObject","inLanguage":"en-US","@id":"http:\/\/www.armanami.org\/blog\/o-scrisoare-de-la-vasile-cornea-despre-triandafil-mihutu-prietenul-printului-ghyka\/#primaryimage","url":"http:\/\/www.armanami.org\/blog\/wp-content\/uploads\/2020\/08\/zzz.png","contentUrl":"http:\/\/www.armanami.org\/blog\/wp-content\/uploads\/2020\/08\/zzz.png","width":411,"height":588},{"@type":"BreadcrumbList","@id":"http:\/\/www.armanami.org\/blog\/o-scrisoare-de-la-vasile-cornea-despre-triandafil-mihutu-prietenul-printului-ghyka\/#breadcrumb","itemListElement":[{"@type":"ListItem","position":1,"name":"Home","item":"http:\/\/www.armanami.org\/blog\/"},{"@type":"ListItem","position":2,"name":"O scrisoare de la Vasile Cornea despre Triandafil Mihu\u0163u, prietenul prin\u0163ului Ghyka"}]},{"@type":"WebSite","@id":"http:\/\/www.armanami.org\/blog\/#website","url":"http:\/\/www.armanami.org\/blog\/","name":"TRA ARMANAMI","description":"Habari di la armanj luati sh&#039;la armanj dati","potentialAction":[{"@type":"SearchAction","target":{"@type":"EntryPoint","urlTemplate":"http:\/\/www.armanami.org\/blog\/?s={search_term_string}"},"query-input":{"@type":"PropertyValueSpecification","valueRequired":true,"valueName":"search_term_string"}}],"inLanguage":"en-US"},{"@type":"Person","@id":"http:\/\/www.armanami.org\/blog\/#\/schema\/person\/ad77560a1599935b2285ac8a40e4cf91","name":"Editeur","image":{"@type":"ImageObject","inLanguage":"en-US","@id":"http:\/\/www.armanami.org\/blog\/#\/schema\/person\/image\/","url":"https:\/\/secure.gravatar.com\/avatar\/761ad11672a7683bd0716727a6d2194cdbca97ae70d1f58d1e090e55c4007ae7?s=96&d=mm&r=g","contentUrl":"https:\/\/secure.gravatar.com\/avatar\/761ad11672a7683bd0716727a6d2194cdbca97ae70d1f58d1e090e55c4007ae7?s=96&d=mm&r=g","caption":"Editeur"},"url":"http:\/\/www.armanami.org\/blog\/author\/editeur\/"}]}},"_links":{"self":[{"href":"http:\/\/www.armanami.org\/blog\/wp-json\/wp\/v2\/posts\/2984","targetHints":{"allow":["GET"]}}],"collection":[{"href":"http:\/\/www.armanami.org\/blog\/wp-json\/wp\/v2\/posts"}],"about":[{"href":"http:\/\/www.armanami.org\/blog\/wp-json\/wp\/v2\/types\/post"}],"author":[{"embeddable":true,"href":"http:\/\/www.armanami.org\/blog\/wp-json\/wp\/v2\/users\/4"}],"replies":[{"embeddable":true,"href":"http:\/\/www.armanami.org\/blog\/wp-json\/wp\/v2\/comments?post=2984"}],"version-history":[{"count":5,"href":"http:\/\/www.armanami.org\/blog\/wp-json\/wp\/v2\/posts\/2984\/revisions"}],"predecessor-version":[{"id":2990,"href":"http:\/\/www.armanami.org\/blog\/wp-json\/wp\/v2\/posts\/2984\/revisions\/2990"}],"wp:attachment":[{"href":"http:\/\/www.armanami.org\/blog\/wp-json\/wp\/v2\/media?parent=2984"}],"wp:term":[{"taxonomy":"category","embeddable":true,"href":"http:\/\/www.armanami.org\/blog\/wp-json\/wp\/v2\/categories?post=2984"},{"taxonomy":"post_tag","embeddable":true,"href":"http:\/\/www.armanami.org\/blog\/wp-json\/wp\/v2\/tags?post=2984"}],"curies":[{"name":"wp","href":"https:\/\/api.w.org\/{rel}","templated":true}]}}