{"id":2967,"date":"2020-08-22T19:15:02","date_gmt":"2020-08-22T18:15:02","guid":{"rendered":"http:\/\/www.armanami.org\/blog\/?p=2967"},"modified":"2020-08-23T08:15:43","modified_gmt":"2020-08-23T07:15:43","slug":"al-gica-fragmente-dintr-o-lume-pierduta","status":"publish","type":"post","link":"http:\/\/www.armanami.org\/blog\/al-gica-fragmente-dintr-o-lume-pierduta\/","title":{"rendered":"Al. Gica, Fragmente dintr-o lume pierdut\u0103*"},"content":{"rendered":"\n<figure class=\"wp-block-image size-large\"><img loading=\"lazy\" decoding=\"async\" width=\"698\" height=\"370\" src=\"http:\/\/www.armanami.org\/blog\/wp-content\/uploads\/2020\/08\/zuka.png\" alt=\"\" class=\"wp-image-2968\" srcset=\"http:\/\/www.armanami.org\/blog\/wp-content\/uploads\/2020\/08\/zuka.png 698w, http:\/\/www.armanami.org\/blog\/wp-content\/uploads\/2020\/08\/zuka-300x159.png 300w\" sizes=\"auto, (max-width: 698px) 100vw, 698px\" \/><figcaption>George Zuca, Theodor Capidan si Petre Chiristigiu (1914)<\/figcaption><\/figure>\n\n\n\n<p>O imersiune \u00een lumea arom\u00e2n\u0103 pierdut\u0103 \u00een elanul insuflat de pasiunile na\u0163ionale de la sf\u00e2r\u015fitul secolului al XIX-lea &#8211; \u00eenceputul secolului XX, dincolo de orice sentin\u0163\u0103 moralizant\u0103, f\u0103r\u0103 eroi sau anti-eroi, nici \u00eenving\u0103tori sau \u00eenvin\u015fi.&nbsp;<\/p>\n\n\n\n<!--more-->\n\n\n\n<p><\/p>\n\n\n\n<p>Tragicul epopeii rom\u00e2nismului \u00een Balcani este anun\u0163at de la bun \u00eenceput&nbsp;:<\/p>\n\n\n\n<p class=\"has-text-align-right\">\u00ab&nbsp;O vorb\u0103 arm\u00e2neasc\u0103 spune c\u0103&nbsp;<em>Oaia \u0163i fudzi di cupie cheari<\/em>&nbsp;&nbsp;(\u2018\u2019Oaia ce se \u00eendep\u0103rteaz\u0103 de turm\u0103 moare\u2019\u2019). Rup\u0163i de masa arom\u00e2nilor, membrii familiei Danu&nbsp;[Danaba\u015fi, Chiristigiu\u2026]&nbsp;au devenit ce afirmau c\u0103 sunt&nbsp;: rom\u00e2ni.&nbsp;Totu\u015fi, urma\u015fii lor privesc \u00eenc\u0103 cu nostalgie la r\u0103d\u0103cinile lor arom\u00e2ne.&nbsp;\u00bb (P. 8.)<\/p>\n\n\n\n<p>Impresia pe care am resim\u0163it-o urm\u0103rind saga acestei familii \u015fi a celor cu care membrii ei au avut contingen\u0163e este c\u0103 avem de a face cu o lume trecut\u0103, pierdut\u0103 din toate punctele de vedere, dar care este pentru mine \u015fi pentru to\u0163i care provenim din ea Istorie. O Istorie pe care trebuie s\u0103 o asum\u0103m oric\u00e2t de excentrice \u2013 ca s\u0103 nu folosesc al\u0163i tereni mai dezagreabili &#8211; ne apar azi argumentele aduse atunci \u00een sprijinul unei&nbsp;&nbsp;aspira\u0163ii fire\u015fti p\u00e2n\u0103 la urm\u0103, aceea de a exista a\u015fa cum eram noi, \u00eentr-o lume \u00een care nu mai era loc pentru noi.&nbsp;<\/p>\n\n\n\n<p>Alexandru Gica ofer\u0103 o sumedenie de date pre\u0163ioase privind mai ales momente cheie din istoria \u015fcolilor rom\u00e2ne\u015fti din Balcani \u015fi a dezbaterilor la care ele au dat loc, dezbateri in contradictoriu prea des trecute cu vederea.&nbsp;&nbsp;Cartea beneficiaz\u0103 \u00een plus de o iconografie unic\u0103 \u00een felul ei : o selec\u0163ie de fotografii judicios comentate din arhivele personale ale doamnei Diana Coca-Cozma.<\/p>\n\n\n\n<ul class=\"wp-block-list\"><li>Al. Gica<strong>,&nbsp;<\/strong><em>Fragmente dintr-o lume pierdut\u0103 &#8211; \u00eenso\u0163ite de o conferin\u0163<em>\u0103<\/em> a lui Petre Danu<\/em>, Bucuresti, Editura Societ\u0103\u0163ii culturale arom\u00e2ne, 2008, 100 p.<\/li><\/ul>\n\n\n\n<p>Nicolas Trifon<\/p>\n\n\n\n<p>Paris, 22 august 2020<\/p>\n","protected":false},"excerpt":{"rendered":"<p>O imersiune \u00een lumea arom\u00e2n\u0103 pierdut\u0103 \u00een elanul insuflat de pasiunile na\u0163ionale de la sf\u00e2r\u015fitul secolului al XIX-lea &#8211; \u00eenceputul secolului XX, dincolo de orice sentin\u0163\u0103 moralizant\u0103, f\u0103r\u0103 eroi sau anti-eroi, nici \u00eenving\u0103tori sau \u00eenvin\u015fi.&nbsp;<\/p>\n","protected":false},"author":4,"featured_media":0,"comment_status":"open","ping_status":"open","sticky":false,"template":"","format":"standard","meta":{"_monsterinsights_skip_tracking":false,"_monsterinsights_sitenote_active":false,"_monsterinsights_sitenote_note":"","_monsterinsights_sitenote_category":0,"footnotes":""},"categories":[3],"tags":[],"class_list":["post-2967","post","type-post","status-publish","format-standard","hentry","category-habari-news"],"yoast_head":"<!-- This site is optimized with the Yoast SEO plugin v25.4 - https:\/\/yoast.com\/wordpress\/plugins\/seo\/ -->\n<title>Al. Gica, Fragmente dintr-o lume pierdut\u0103* - TRA ARMANAMI<\/title>\n<meta name=\"robots\" content=\"index, follow, max-snippet:-1, max-image-preview:large, max-video-preview:-1\" \/>\n<link rel=\"canonical\" href=\"http:\/\/www.armanami.org\/blog\/al-gica-fragmente-dintr-o-lume-pierduta\/\" \/>\n<meta property=\"og:locale\" content=\"en_US\" \/>\n<meta property=\"og:type\" content=\"article\" \/>\n<meta property=\"og:title\" content=\"Al. Gica, Fragmente dintr-o lume pierdut\u0103* - TRA ARMANAMI\" \/>\n<meta property=\"og:description\" content=\"O imersiune \u00een lumea arom\u00e2n\u0103 pierdut\u0103 \u00een elanul insuflat de pasiunile na\u0163ionale de la sf\u00e2r\u015fitul secolului al XIX-lea &#8211; \u00eenceputul secolului XX, dincolo de orice sentin\u0163\u0103 moralizant\u0103, f\u0103r\u0103 eroi sau anti-eroi, nici \u00eenving\u0103tori sau \u00eenvin\u015fi.&nbsp;\" \/>\n<meta property=\"og:url\" content=\"http:\/\/www.armanami.org\/blog\/al-gica-fragmente-dintr-o-lume-pierduta\/\" \/>\n<meta property=\"og:site_name\" content=\"TRA ARMANAMI\" \/>\n<meta property=\"article:published_time\" content=\"2020-08-22T18:15:02+00:00\" \/>\n<meta property=\"article:modified_time\" content=\"2020-08-23T07:15:43+00:00\" \/>\n<meta property=\"og:image\" content=\"http:\/\/www.armanami.org\/blog\/wp-content\/uploads\/2020\/08\/zuka.png\" \/>\n<meta name=\"author\" content=\"Editeur\" \/>\n<meta name=\"twitter:card\" content=\"summary_large_image\" \/>\n<meta name=\"twitter:label1\" content=\"Written by\" \/>\n\t<meta name=\"twitter:data1\" content=\"Editeur\" \/>\n\t<meta name=\"twitter:label2\" content=\"Est. reading time\" \/>\n\t<meta name=\"twitter:data2\" content=\"2 minutes\" \/>\n<script type=\"application\/ld+json\" class=\"yoast-schema-graph\">{\"@context\":\"https:\/\/schema.org\",\"@graph\":[{\"@type\":\"WebPage\",\"@id\":\"http:\/\/www.armanami.org\/blog\/al-gica-fragmente-dintr-o-lume-pierduta\/\",\"url\":\"http:\/\/www.armanami.org\/blog\/al-gica-fragmente-dintr-o-lume-pierduta\/\",\"name\":\"Al. Gica, Fragmente dintr-o lume pierdut\u0103* - TRA ARMANAMI\",\"isPartOf\":{\"@id\":\"http:\/\/www.armanami.org\/blog\/#website\"},\"primaryImageOfPage\":{\"@id\":\"http:\/\/www.armanami.org\/blog\/al-gica-fragmente-dintr-o-lume-pierduta\/#primaryimage\"},\"image\":{\"@id\":\"http:\/\/www.armanami.org\/blog\/al-gica-fragmente-dintr-o-lume-pierduta\/#primaryimage\"},\"thumbnailUrl\":\"http:\/\/www.armanami.org\/blog\/wp-content\/uploads\/2020\/08\/zuka.png\",\"datePublished\":\"2020-08-22T18:15:02+00:00\",\"dateModified\":\"2020-08-23T07:15:43+00:00\",\"author\":{\"@id\":\"http:\/\/www.armanami.org\/blog\/#\/schema\/person\/ad77560a1599935b2285ac8a40e4cf91\"},\"breadcrumb\":{\"@id\":\"http:\/\/www.armanami.org\/blog\/al-gica-fragmente-dintr-o-lume-pierduta\/#breadcrumb\"},\"inLanguage\":\"en-US\",\"potentialAction\":[{\"@type\":\"ReadAction\",\"target\":[\"http:\/\/www.armanami.org\/blog\/al-gica-fragmente-dintr-o-lume-pierduta\/\"]}]},{\"@type\":\"ImageObject\",\"inLanguage\":\"en-US\",\"@id\":\"http:\/\/www.armanami.org\/blog\/al-gica-fragmente-dintr-o-lume-pierduta\/#primaryimage\",\"url\":\"http:\/\/www.armanami.org\/blog\/wp-content\/uploads\/2020\/08\/zuka.png\",\"contentUrl\":\"http:\/\/www.armanami.org\/blog\/wp-content\/uploads\/2020\/08\/zuka.png\",\"width\":698,\"height\":370},{\"@type\":\"BreadcrumbList\",\"@id\":\"http:\/\/www.armanami.org\/blog\/al-gica-fragmente-dintr-o-lume-pierduta\/#breadcrumb\",\"itemListElement\":[{\"@type\":\"ListItem\",\"position\":1,\"name\":\"Home\",\"item\":\"http:\/\/www.armanami.org\/blog\/\"},{\"@type\":\"ListItem\",\"position\":2,\"name\":\"Al. Gica, Fragmente dintr-o lume pierdut\u0103*\"}]},{\"@type\":\"WebSite\",\"@id\":\"http:\/\/www.armanami.org\/blog\/#website\",\"url\":\"http:\/\/www.armanami.org\/blog\/\",\"name\":\"TRA ARMANAMI\",\"description\":\"Habari di la armanj luati sh&#039;la armanj dati\",\"potentialAction\":[{\"@type\":\"SearchAction\",\"target\":{\"@type\":\"EntryPoint\",\"urlTemplate\":\"http:\/\/www.armanami.org\/blog\/?s={search_term_string}\"},\"query-input\":{\"@type\":\"PropertyValueSpecification\",\"valueRequired\":true,\"valueName\":\"search_term_string\"}}],\"inLanguage\":\"en-US\"},{\"@type\":\"Person\",\"@id\":\"http:\/\/www.armanami.org\/blog\/#\/schema\/person\/ad77560a1599935b2285ac8a40e4cf91\",\"name\":\"Editeur\",\"image\":{\"@type\":\"ImageObject\",\"inLanguage\":\"en-US\",\"@id\":\"http:\/\/www.armanami.org\/blog\/#\/schema\/person\/image\/\",\"url\":\"https:\/\/secure.gravatar.com\/avatar\/761ad11672a7683bd0716727a6d2194cdbca97ae70d1f58d1e090e55c4007ae7?s=96&d=mm&r=g\",\"contentUrl\":\"https:\/\/secure.gravatar.com\/avatar\/761ad11672a7683bd0716727a6d2194cdbca97ae70d1f58d1e090e55c4007ae7?s=96&d=mm&r=g\",\"caption\":\"Editeur\"},\"url\":\"http:\/\/www.armanami.org\/blog\/author\/editeur\/\"}]}<\/script>\n<!-- \/ Yoast SEO plugin. -->","yoast_head_json":{"title":"Al. Gica, Fragmente dintr-o lume pierdut\u0103* - TRA ARMANAMI","robots":{"index":"index","follow":"follow","max-snippet":"max-snippet:-1","max-image-preview":"max-image-preview:large","max-video-preview":"max-video-preview:-1"},"canonical":"http:\/\/www.armanami.org\/blog\/al-gica-fragmente-dintr-o-lume-pierduta\/","og_locale":"en_US","og_type":"article","og_title":"Al. Gica, Fragmente dintr-o lume pierdut\u0103* - TRA ARMANAMI","og_description":"O imersiune \u00een lumea arom\u00e2n\u0103 pierdut\u0103 \u00een elanul insuflat de pasiunile na\u0163ionale de la sf\u00e2r\u015fitul secolului al XIX-lea &#8211; \u00eenceputul secolului XX, dincolo de orice sentin\u0163\u0103 moralizant\u0103, f\u0103r\u0103 eroi sau anti-eroi, nici \u00eenving\u0103tori sau \u00eenvin\u015fi.&nbsp;","og_url":"http:\/\/www.armanami.org\/blog\/al-gica-fragmente-dintr-o-lume-pierduta\/","og_site_name":"TRA ARMANAMI","article_published_time":"2020-08-22T18:15:02+00:00","article_modified_time":"2020-08-23T07:15:43+00:00","og_image":[{"url":"http:\/\/www.armanami.org\/blog\/wp-content\/uploads\/2020\/08\/zuka.png","type":"","width":"","height":""}],"author":"Editeur","twitter_card":"summary_large_image","twitter_misc":{"Written by":"Editeur","Est. reading time":"2 minutes"},"schema":{"@context":"https:\/\/schema.org","@graph":[{"@type":"WebPage","@id":"http:\/\/www.armanami.org\/blog\/al-gica-fragmente-dintr-o-lume-pierduta\/","url":"http:\/\/www.armanami.org\/blog\/al-gica-fragmente-dintr-o-lume-pierduta\/","name":"Al. Gica, Fragmente dintr-o lume pierdut\u0103* - TRA ARMANAMI","isPartOf":{"@id":"http:\/\/www.armanami.org\/blog\/#website"},"primaryImageOfPage":{"@id":"http:\/\/www.armanami.org\/blog\/al-gica-fragmente-dintr-o-lume-pierduta\/#primaryimage"},"image":{"@id":"http:\/\/www.armanami.org\/blog\/al-gica-fragmente-dintr-o-lume-pierduta\/#primaryimage"},"thumbnailUrl":"http:\/\/www.armanami.org\/blog\/wp-content\/uploads\/2020\/08\/zuka.png","datePublished":"2020-08-22T18:15:02+00:00","dateModified":"2020-08-23T07:15:43+00:00","author":{"@id":"http:\/\/www.armanami.org\/blog\/#\/schema\/person\/ad77560a1599935b2285ac8a40e4cf91"},"breadcrumb":{"@id":"http:\/\/www.armanami.org\/blog\/al-gica-fragmente-dintr-o-lume-pierduta\/#breadcrumb"},"inLanguage":"en-US","potentialAction":[{"@type":"ReadAction","target":["http:\/\/www.armanami.org\/blog\/al-gica-fragmente-dintr-o-lume-pierduta\/"]}]},{"@type":"ImageObject","inLanguage":"en-US","@id":"http:\/\/www.armanami.org\/blog\/al-gica-fragmente-dintr-o-lume-pierduta\/#primaryimage","url":"http:\/\/www.armanami.org\/blog\/wp-content\/uploads\/2020\/08\/zuka.png","contentUrl":"http:\/\/www.armanami.org\/blog\/wp-content\/uploads\/2020\/08\/zuka.png","width":698,"height":370},{"@type":"BreadcrumbList","@id":"http:\/\/www.armanami.org\/blog\/al-gica-fragmente-dintr-o-lume-pierduta\/#breadcrumb","itemListElement":[{"@type":"ListItem","position":1,"name":"Home","item":"http:\/\/www.armanami.org\/blog\/"},{"@type":"ListItem","position":2,"name":"Al. Gica, Fragmente dintr-o lume pierdut\u0103*"}]},{"@type":"WebSite","@id":"http:\/\/www.armanami.org\/blog\/#website","url":"http:\/\/www.armanami.org\/blog\/","name":"TRA ARMANAMI","description":"Habari di la armanj luati sh&#039;la armanj dati","potentialAction":[{"@type":"SearchAction","target":{"@type":"EntryPoint","urlTemplate":"http:\/\/www.armanami.org\/blog\/?s={search_term_string}"},"query-input":{"@type":"PropertyValueSpecification","valueRequired":true,"valueName":"search_term_string"}}],"inLanguage":"en-US"},{"@type":"Person","@id":"http:\/\/www.armanami.org\/blog\/#\/schema\/person\/ad77560a1599935b2285ac8a40e4cf91","name":"Editeur","image":{"@type":"ImageObject","inLanguage":"en-US","@id":"http:\/\/www.armanami.org\/blog\/#\/schema\/person\/image\/","url":"https:\/\/secure.gravatar.com\/avatar\/761ad11672a7683bd0716727a6d2194cdbca97ae70d1f58d1e090e55c4007ae7?s=96&d=mm&r=g","contentUrl":"https:\/\/secure.gravatar.com\/avatar\/761ad11672a7683bd0716727a6d2194cdbca97ae70d1f58d1e090e55c4007ae7?s=96&d=mm&r=g","caption":"Editeur"},"url":"http:\/\/www.armanami.org\/blog\/author\/editeur\/"}]}},"_links":{"self":[{"href":"http:\/\/www.armanami.org\/blog\/wp-json\/wp\/v2\/posts\/2967","targetHints":{"allow":["GET"]}}],"collection":[{"href":"http:\/\/www.armanami.org\/blog\/wp-json\/wp\/v2\/posts"}],"about":[{"href":"http:\/\/www.armanami.org\/blog\/wp-json\/wp\/v2\/types\/post"}],"author":[{"embeddable":true,"href":"http:\/\/www.armanami.org\/blog\/wp-json\/wp\/v2\/users\/4"}],"replies":[{"embeddable":true,"href":"http:\/\/www.armanami.org\/blog\/wp-json\/wp\/v2\/comments?post=2967"}],"version-history":[{"count":12,"href":"http:\/\/www.armanami.org\/blog\/wp-json\/wp\/v2\/posts\/2967\/revisions"}],"predecessor-version":[{"id":2983,"href":"http:\/\/www.armanami.org\/blog\/wp-json\/wp\/v2\/posts\/2967\/revisions\/2983"}],"wp:attachment":[{"href":"http:\/\/www.armanami.org\/blog\/wp-json\/wp\/v2\/media?parent=2967"}],"wp:term":[{"taxonomy":"category","embeddable":true,"href":"http:\/\/www.armanami.org\/blog\/wp-json\/wp\/v2\/categories?post=2967"},{"taxonomy":"post_tag","embeddable":true,"href":"http:\/\/www.armanami.org\/blog\/wp-json\/wp\/v2\/tags?post=2967"}],"curies":[{"name":"wp","href":"https:\/\/api.w.org\/{rel}","templated":true}]}}