{"id":2850,"date":"2020-07-15T08:36:52","date_gmt":"2020-07-15T07:36:52","guid":{"rendered":"http:\/\/www.armanami.org\/blog\/?p=2850"},"modified":"2020-07-15T13:53:15","modified_gmt":"2020-07-15T12:53:15","slug":"lumea-armaneasca-vazuta-de-ana-maria-narti-iconografie","status":"publish","type":"post","link":"http:\/\/www.armanami.org\/blog\/lumea-armaneasca-vazuta-de-ana-maria-narti-iconografie\/","title":{"rendered":"Lumea arm\u00e2neasc\u0103 v\u0103zut\u0103 de Ana Maria Narti : iconografie"},"content":{"rendered":"\n<figure class=\"wp-block-image size-large is-resized\"><img loading=\"lazy\" decoding=\"async\" src=\"http:\/\/www.armanami.org\/blog\/wp-content\/uploads\/2020\/07\/amnPortret.jpg\" alt=\"\" class=\"wp-image-2851\" width=\"580\" height=\"807\" srcset=\"http:\/\/www.armanami.org\/blog\/wp-content\/uploads\/2020\/07\/amnPortret.jpg 657w, http:\/\/www.armanami.org\/blog\/wp-content\/uploads\/2020\/07\/amnPortret-215x300.jpg 215w\" sizes=\"auto, (max-width: 580px) 100vw, 580px\" \/><figcaption>Ana Maria Narti critic de teatru la <em>Contemporanul<\/em> la sf\u00e2rsitul anilor &#8217;60, \u00een ajunul instal\u0103rii \u00een Suedia unde va fi aleas\u0103 deputat\u0103 \u00een Parlament.<\/figcaption><\/figure>\n\n\n\n<p>Pe tata \u00eel chema Dumitru, obi\u0219nuia s\u0103 semneze Dumitru V. Narti, numele de la mijloc era Virgil. Pe bunica [mamamare] o chema Parascheva, numele de fat\u0103 Metta. Constantin&nbsp;Narti, Cocea, care a fost diplomat la Praga, era fratele mai mare al tat\u0103lui meu, unchiul Cocea, foarte iubit de noi copiii\u2026&nbsp;<\/p>\n\n\n\n<!--more-->\n\n\n\n<p>&#8230;<\/p>\n\n\n\n<p>\u2026S-a instalat in&nbsp;Grecia, la Atena cu nevasta \u015fi copii, unde s-au stins cu to\u021bii. Mai mul\u021bi Metta au tr\u0103it la Paris : unchiul Nicu, fratele mai mic al Paraschevei, cu so\u021bia sa, o&nbsp; elve\u021bian\u0103, tante Andr\u00e9e, \u015fi fiul ei G\u00e9rard. \u00cenc\u0103 un Metta a fost \u015fi el parizian aproape toat\u0103 via\u021ba, dar nu \u00eemi&nbsp;amintesc numele lui.<\/p>\n\n\n\n<p>Mai jos, pute\u0163i consulta una c\u00e2te una fotografiile acestor personaje.&nbsp;<\/p>\n\n\n\n<p>C\u00e2teva preciz\u0103ri privind documentele vizuale prezentate aici :&nbsp;<\/p>\n\n\n\n<p>(1) Bran\u015fa rus\u0103 este mai pu\u0163in prezent\u0103, mai ales \u00een fotografia nun\u0163ii p\u0103rin\u0163ilor autoarei m\u0103rturiilor despre lumea arm\u00e2n\u0103 pe linie patern\u0103. Dup\u0103 A.M. Narti, este posibil ca mai multe fotografii s\u0103 fi fost f\u0103cute cu aceast\u0103 ocazie. Una singur\u0103, aceea pe care noi o reproducem a fost conservat\u0103.<\/p>\n\n\n\n<p>(2) Universul b\u0103rb\u0103tesc din ramura arm\u00e2n\u0103 a autoarei este mai bine ilustrat dec\u00e2t cel feminin \u00een imaginele prezentate aici. Ori paginile at\u00e2t de percutante consacrate de autoare lumii arm\u00e2ne pe care le-am reluat \u00eentr-un recent post pe situl Tr\u00e2 Arm\u00e2nami sunt consacrate mai ales femeilor arm\u00e2ne :<a href=\"http:\/\/www.armanami.org\/blog\/lumea-armaneasca-vazuta-de-ana-maria-narti\/\">http:\/\/www.armanami.org\/blog\/lumea-armaneasca-vazuta-de-ana-maria-narti\/<\/a>.<\/p>\n\n\n\n<p>(3) Interesant este de relevat faptul c\u0103 \u00een documentele care urmeaz\u0103 apar trei familii : Narti, Metta \u015fi Teju. \u00cen documentele vizuale pe care ni le-a transmis, Nicolae Petra\u015fincu evoca la r\u00e2ndul s\u0103u familia Metta de la Paris : &nbsp;<a href=\"http:\/\/www.armanami.org\/blog\/in-arcanele-ascendentei-lui-nicolae-petrasincu-1925-2016\/#more-962\">http:\/\/www.armanami.org\/blog\/in-arcanele-ascendentei-lui-nicolae-petrasincu-1925-2016\/<\/a>Fotografiile care urmeaz\u0103, \u015fi pe care le pute\u0163i consulta una c\u00e2te una, provin din colec\u0163ia doamnei A.M. Narti.<\/p>\n\n\n\n<p><\/p>\n\n\n\n<figure class=\"wp-block-image size-large\"><img loading=\"lazy\" decoding=\"async\" width=\"629\" height=\"438\" src=\"http:\/\/www.armanami.org\/blog\/wp-content\/uploads\/2020\/07\/AMN000-2.png\" alt=\"\" class=\"wp-image-2857\" srcset=\"http:\/\/www.armanami.org\/blog\/wp-content\/uploads\/2020\/07\/AMN000-2.png 629w, http:\/\/www.armanami.org\/blog\/wp-content\/uploads\/2020\/07\/AMN000-2-300x209.png 300w\" sizes=\"auto, (max-width: 629px) 100vw, 629px\" \/><figcaption><br>A.M. Narti : bunicii mei, Parascheva n. Metta si V. (Virgil sau Vanghele) Narti, 1899.<br>Nu am putut descifra \u00een&nbsp;\u00eentregime&nbsp;\u00eensemnarea de pe dosul fotografiei. Este un fel de carte de mul\u0163umiri adresat\u0103 celor care participaser\u0103 la nunt\u0103: p\u0103rin\u0163i, fra\u0163i, surori unchi \u015fi matu\u015fi. Data este : 3 aprilie 1899 ! Locul in care s-a desf\u0103\u015furat&nbsp;nunta este Monastir azi Bitola. Atelierul fotografic se chema L. Kermele,&nbsp;era plasat tot la Monastir, in&nbsp;partea de jos a fotografiei este prezentat\u0103 marca fotografului&nbsp;: Boudoir&nbsp;Portrait.<\/figcaption><\/figure>\n\n\n\n<figure class=\"wp-block-image size-large\"><img decoding=\"async\" src=\"blob:http:\/\/www.armanami.org\/0f08a323-915a-4d6c-866d-c3920c6f6452\" alt=\"\"\/><\/figure>\n\n\n\n<figure class=\"wp-block-image size-large\"><img loading=\"lazy\" decoding=\"async\" width=\"683\" height=\"1024\" src=\"http:\/\/www.armanami.org\/blog\/wp-content\/uploads\/2020\/07\/AMN-1-1-683x1024.jpg\" alt=\"\" class=\"wp-image-2862\" srcset=\"http:\/\/www.armanami.org\/blog\/wp-content\/uploads\/2020\/07\/AMN-1-1-683x1024.jpg 683w, http:\/\/www.armanami.org\/blog\/wp-content\/uploads\/2020\/07\/AMN-1-1-200x300.jpg 200w, http:\/\/www.armanami.org\/blog\/wp-content\/uploads\/2020\/07\/AMN-1-1-768x1152.jpg 768w, http:\/\/www.armanami.org\/blog\/wp-content\/uploads\/2020\/07\/AMN-1-1-1024x1536.jpg 1024w, http:\/\/www.armanami.org\/blog\/wp-content\/uploads\/2020\/07\/AMN-1-1-1365x2048.jpg 1365w, http:\/\/www.armanami.org\/blog\/wp-content\/uploads\/2020\/07\/AMN-1-1-scaled.jpg 1707w\" sizes=\"auto, (max-width: 683px) 100vw, 683px\" \/><figcaption>Familia Narti la plimbare la lacuri, Bucure\u015fti, 1939 sau 1940&nbsp;: tata, Dumitru V. Narti, mama, Elena, n. Vasilievna Stroevna, Narti, fratele meu mai mare Virgil&nbsp;\u015fi cu mine.<\/figcaption><\/figure>\n\n\n\n<figure class=\"wp-block-image size-large\"><img loading=\"lazy\" decoding=\"async\" width=\"683\" height=\"1024\" src=\"http:\/\/www.armanami.org\/blog\/wp-content\/uploads\/2020\/07\/AMN-3-683x1024.jpg\" alt=\"\" class=\"wp-image-2867\" srcset=\"http:\/\/www.armanami.org\/blog\/wp-content\/uploads\/2020\/07\/AMN-3-683x1024.jpg 683w, http:\/\/www.armanami.org\/blog\/wp-content\/uploads\/2020\/07\/AMN-3-200x300.jpg 200w, http:\/\/www.armanami.org\/blog\/wp-content\/uploads\/2020\/07\/AMN-3-768x1152.jpg 768w, http:\/\/www.armanami.org\/blog\/wp-content\/uploads\/2020\/07\/AMN-3-1024x1536.jpg 1024w, http:\/\/www.armanami.org\/blog\/wp-content\/uploads\/2020\/07\/AMN-3-1365x2048.jpg 1365w, http:\/\/www.armanami.org\/blog\/wp-content\/uploads\/2020\/07\/AMN-3-scaled.jpg 1707w\" sizes=\"auto, (max-width: 683px) 100vw, 683px\" \/><figcaption>Familia Narti la pimbare la Arcul de Triumf, 1943&nbsp;: la mijloc, eu cu fratele mai mic, Mihai.<\/figcaption><\/figure>\n\n\n\n<figure class=\"wp-block-image size-large\"><img loading=\"lazy\" decoding=\"async\" width=\"1024\" height=\"683\" src=\"http:\/\/www.armanami.org\/blog\/wp-content\/uploads\/2020\/07\/AMN-4-C.Narti-diplomat-1024x683.jpg\" alt=\"\" class=\"wp-image-2870\" srcset=\"http:\/\/www.armanami.org\/blog\/wp-content\/uploads\/2020\/07\/AMN-4-C.Narti-diplomat-1024x683.jpg 1024w, http:\/\/www.armanami.org\/blog\/wp-content\/uploads\/2020\/07\/AMN-4-C.Narti-diplomat-300x200.jpg 300w, http:\/\/www.armanami.org\/blog\/wp-content\/uploads\/2020\/07\/AMN-4-C.Narti-diplomat-768x512.jpg 768w, http:\/\/www.armanami.org\/blog\/wp-content\/uploads\/2020\/07\/AMN-4-C.Narti-diplomat-1536x1024.jpg 1536w, http:\/\/www.armanami.org\/blog\/wp-content\/uploads\/2020\/07\/AMN-4-C.Narti-diplomat-2048x1365.jpg 2048w\" sizes=\"auto, (max-width: 1024px) 100vw, 1024px\" \/><figcaption>Unchiul meu, Constantin Narti, \u00eempreun\u0103 cu so\u021bia sa, Eleni, \u00een noua lor ma\u015fin\u0103, probabil 1940.<\/figcaption><\/figure>\n\n\n\n<figure class=\"wp-block-image size-large\"><img loading=\"lazy\" decoding=\"async\" width=\"1024\" height=\"683\" src=\"http:\/\/www.armanami.org\/blog\/wp-content\/uploads\/2020\/07\/AMN-9-nuntaParinti-1024x683.jpg\" alt=\"\" class=\"wp-image-2871\" srcset=\"http:\/\/www.armanami.org\/blog\/wp-content\/uploads\/2020\/07\/AMN-9-nuntaParinti-1024x683.jpg 1024w, http:\/\/www.armanami.org\/blog\/wp-content\/uploads\/2020\/07\/AMN-9-nuntaParinti-300x200.jpg 300w, http:\/\/www.armanami.org\/blog\/wp-content\/uploads\/2020\/07\/AMN-9-nuntaParinti-768x512.jpg 768w, http:\/\/www.armanami.org\/blog\/wp-content\/uploads\/2020\/07\/AMN-9-nuntaParinti-1536x1024.jpg 1536w, http:\/\/www.armanami.org\/blog\/wp-content\/uploads\/2020\/07\/AMN-9-nuntaParinti-2048x1365.jpg 2048w\" sizes=\"auto, (max-width: 1024px) 100vw, 1024px\" \/><figcaption><strong>Nunta p\u0103rin\u0163ilor mei la Bucure\u015fti, 1931<\/strong><br><strong>R\u00e2ndul din fa\u021b\u0103<\/strong>&nbsp;: Donat Stroev, fratele mamei, \u015fi so\u0163ia lui, Janina Stroeva&nbsp;;&nbsp;Florica Teju, sora mai mic\u0103 a bunicii mele macedonene&nbsp;; prin\u0163ii&nbsp;mei&nbsp;: Elena n. Vasilievna Stroevna, \u015fi Dumitru V. Narti&nbsp;; unchiul Todi (Toader) Metta, fratele bunicii&nbsp;; Tanti Ziska, cumnata bunicii&nbsp;c\u0103s\u0103torit\u0103 cu Constantin Metta.<br>&nbsp;<br><strong>R\u00e2ndul&nbsp;al doilea<\/strong>&nbsp;: Mitic\u0103 Metta (probabil), fiul unchiului&nbsp;Todi&nbsp;; unchiul Nicu, Niculaie Metta, fratele cel mai t\u00e2n\u0103r&nbsp;al bunicii&nbsp;; Tante Andr\u00e9e, so\u0163ia unchiului Nicu&nbsp;; unchiul&nbsp;Todi, Toader, Metta, fratele bunici&nbsp;; Bunica&nbsp;mea macedonean\u0103, Parascheva&nbsp;; b\u0103rbat neidentificat&nbsp;; Tanti ?, so\u0163ia&nbsp;unchiului Todi&nbsp;; Milea Metta&nbsp;; Emil, fiul unchiului&nbsp;Costi&nbsp;; Didina Metta, fiica unchiului&nbsp;Todi.<br><strong>Copiii<\/strong>&nbsp;: Sonia si&nbsp;Gigi Teju \u015fi un baiat pe care nu-l pot identifica.<\/figcaption><\/figure>\n\n\n\n<figure class=\"wp-block-image size-large\"><img loading=\"lazy\" decoding=\"async\" width=\"855\" height=\"1024\" src=\"http:\/\/www.armanami.org\/blog\/wp-content\/uploads\/2020\/07\/NartiElvetia-855x1024.jpg\" alt=\"\" class=\"wp-image-2874\" srcset=\"http:\/\/www.armanami.org\/blog\/wp-content\/uploads\/2020\/07\/NartiElvetia-855x1024.jpg 855w, http:\/\/www.armanami.org\/blog\/wp-content\/uploads\/2020\/07\/NartiElvetia-251x300.jpg 251w, http:\/\/www.armanami.org\/blog\/wp-content\/uploads\/2020\/07\/NartiElvetia-768x919.jpg 768w, http:\/\/www.armanami.org\/blog\/wp-content\/uploads\/2020\/07\/NartiElvetia-1283x1536.jpg 1283w, http:\/\/www.armanami.org\/blog\/wp-content\/uploads\/2020\/07\/NartiElvetia-1711x2048.jpg 1711w\" sizes=\"auto, (max-width: 855px) 100vw, 855px\" \/><figcaption>Unchiul Nicu, Nicolae Metta, student \u00een Elvetia, 1913.<\/figcaption><\/figure>\n\n\n\n<figure class=\"wp-block-image size-large\"><img decoding=\"async\" src=\"blob:http:\/\/www.armanami.org\/5afdbce2-59b7-4a70-a968-cf5fc4a4046d\" alt=\"\"\/><\/figure>\n\n\n\n<figure class=\"wp-block-image size-large\"><img loading=\"lazy\" decoding=\"async\" width=\"1024\" height=\"683\" src=\"http:\/\/www.armanami.org\/blog\/wp-content\/uploads\/2020\/07\/AMN-6-tataUnchiu-1024x683.jpg\" alt=\"\" class=\"wp-image-2884\" srcset=\"http:\/\/www.armanami.org\/blog\/wp-content\/uploads\/2020\/07\/AMN-6-tataUnchiu-1024x683.jpg 1024w, http:\/\/www.armanami.org\/blog\/wp-content\/uploads\/2020\/07\/AMN-6-tataUnchiu-300x200.jpg 300w, http:\/\/www.armanami.org\/blog\/wp-content\/uploads\/2020\/07\/AMN-6-tataUnchiu-768x512.jpg 768w, http:\/\/www.armanami.org\/blog\/wp-content\/uploads\/2020\/07\/AMN-6-tataUnchiu-1536x1024.jpg 1536w, http:\/\/www.armanami.org\/blog\/wp-content\/uploads\/2020\/07\/AMN-6-tataUnchiu-2048x1365.jpg 2048w\" sizes=\"auto, (max-width: 1024px) 100vw, 1024px\" \/><figcaption>Tata, Dumitru V. Narti, cu unchiu Teja, cunoscut proprietar de vii de l\u00e2ng\u0103 Ive\u015fti, probabil 1940.<\/figcaption><\/figure>\n\n\n\n<figure class=\"wp-block-image size-large\"><img loading=\"lazy\" decoding=\"async\" width=\"1024\" height=\"1024\" src=\"http:\/\/www.armanami.org\/blog\/wp-content\/uploads\/2020\/07\/AMN-14-GerardMettasotie-1-1024x1024.jpg\" alt=\"\" class=\"wp-image-2888\" srcset=\"http:\/\/www.armanami.org\/blog\/wp-content\/uploads\/2020\/07\/AMN-14-GerardMettasotie-1-1024x1024.jpg 1024w, http:\/\/www.armanami.org\/blog\/wp-content\/uploads\/2020\/07\/AMN-14-GerardMettasotie-1-300x300.jpg 300w, http:\/\/www.armanami.org\/blog\/wp-content\/uploads\/2020\/07\/AMN-14-GerardMettasotie-1-150x150.jpg 150w, http:\/\/www.armanami.org\/blog\/wp-content\/uploads\/2020\/07\/AMN-14-GerardMettasotie-1-768x768.jpg 768w, http:\/\/www.armanami.org\/blog\/wp-content\/uploads\/2020\/07\/AMN-14-GerardMettasotie-1-1536x1536.jpg 1536w, http:\/\/www.armanami.org\/blog\/wp-content\/uploads\/2020\/07\/AMN-14-GerardMettasotie-1-2048x2048.jpg 2048w, http:\/\/www.armanami.org\/blog\/wp-content\/uploads\/2020\/07\/AMN-14-GerardMettasotie-1-144x144.jpg 144w\" sizes=\"auto, (max-width: 1024px) 100vw, 1024px\" \/><figcaption>G\u00e9rard Metta cu so\u0163ia Betty \u015fi fiii lor, Paris, anii &#8217;70<br><\/figcaption><\/figure>\n\n\n\n<p><\/p>\n","protected":false},"excerpt":{"rendered":"<p>Pe tata \u00eel chema Dumitru, obi\u0219nuia s\u0103 semneze Dumitru V. Narti, numele de la mijloc era Virgil. Pe bunica [mamamare] o chema Parascheva, numele de fat\u0103 Metta. Constantin&nbsp;Narti, Cocea, care a fost diplomat la Praga, era fratele mai mare al tat\u0103lui meu, unchiul Cocea, foarte iubit de noi copiii\u2026&nbsp;<\/p>\n","protected":false},"author":4,"featured_media":0,"comment_status":"open","ping_status":"open","sticky":false,"template":"","format":"standard","meta":{"_monsterinsights_skip_tracking":false,"_monsterinsights_sitenote_active":false,"_monsterinsights_sitenote_note":"","_monsterinsights_sitenote_category":0,"footnotes":""},"categories":[3],"tags":[],"class_list":["post-2850","post","type-post","status-publish","format-standard","hentry","category-habari-news"],"yoast_head":"<!-- This site is optimized with the Yoast SEO plugin v25.4 - https:\/\/yoast.com\/wordpress\/plugins\/seo\/ -->\n<title>Lumea arm\u00e2neasc\u0103 v\u0103zut\u0103 de Ana Maria Narti : iconografie - TRA ARMANAMI<\/title>\n<meta name=\"robots\" content=\"index, follow, max-snippet:-1, max-image-preview:large, max-video-preview:-1\" \/>\n<link rel=\"canonical\" href=\"http:\/\/www.armanami.org\/blog\/lumea-armaneasca-vazuta-de-ana-maria-narti-iconografie\/\" \/>\n<meta property=\"og:locale\" content=\"en_US\" \/>\n<meta property=\"og:type\" content=\"article\" \/>\n<meta property=\"og:title\" content=\"Lumea arm\u00e2neasc\u0103 v\u0103zut\u0103 de Ana Maria Narti : iconografie - TRA ARMANAMI\" \/>\n<meta property=\"og:description\" content=\"Pe tata \u00eel chema Dumitru, obi\u0219nuia s\u0103 semneze Dumitru V. Narti, numele de la mijloc era Virgil. Pe bunica [mamamare] o chema Parascheva, numele de fat\u0103 Metta. Constantin&nbsp;Narti, Cocea, care a fost diplomat la Praga, era fratele mai mare al tat\u0103lui meu, unchiul Cocea, foarte iubit de noi copiii\u2026&nbsp;\" \/>\n<meta property=\"og:url\" content=\"http:\/\/www.armanami.org\/blog\/lumea-armaneasca-vazuta-de-ana-maria-narti-iconografie\/\" \/>\n<meta property=\"og:site_name\" content=\"TRA ARMANAMI\" \/>\n<meta property=\"article:published_time\" content=\"2020-07-15T07:36:52+00:00\" \/>\n<meta property=\"article:modified_time\" content=\"2020-07-15T12:53:15+00:00\" \/>\n<meta property=\"og:image\" content=\"http:\/\/www.armanami.org\/blog\/wp-content\/uploads\/2020\/07\/amnPortret.jpg\" \/>\n<meta name=\"author\" content=\"Editeur\" \/>\n<meta name=\"twitter:card\" content=\"summary_large_image\" \/>\n<meta name=\"twitter:label1\" content=\"Written by\" \/>\n\t<meta name=\"twitter:data1\" content=\"Editeur\" \/>\n\t<meta name=\"twitter:label2\" content=\"Est. reading time\" \/>\n\t<meta name=\"twitter:data2\" content=\"4 minutes\" \/>\n<script type=\"application\/ld+json\" class=\"yoast-schema-graph\">{\"@context\":\"https:\/\/schema.org\",\"@graph\":[{\"@type\":\"WebPage\",\"@id\":\"http:\/\/www.armanami.org\/blog\/lumea-armaneasca-vazuta-de-ana-maria-narti-iconografie\/\",\"url\":\"http:\/\/www.armanami.org\/blog\/lumea-armaneasca-vazuta-de-ana-maria-narti-iconografie\/\",\"name\":\"Lumea arm\u00e2neasc\u0103 v\u0103zut\u0103 de Ana Maria Narti : iconografie - TRA ARMANAMI\",\"isPartOf\":{\"@id\":\"http:\/\/www.armanami.org\/blog\/#website\"},\"primaryImageOfPage\":{\"@id\":\"http:\/\/www.armanami.org\/blog\/lumea-armaneasca-vazuta-de-ana-maria-narti-iconografie\/#primaryimage\"},\"image\":{\"@id\":\"http:\/\/www.armanami.org\/blog\/lumea-armaneasca-vazuta-de-ana-maria-narti-iconografie\/#primaryimage\"},\"thumbnailUrl\":\"http:\/\/www.armanami.org\/blog\/wp-content\/uploads\/2020\/07\/amnPortret.jpg\",\"datePublished\":\"2020-07-15T07:36:52+00:00\",\"dateModified\":\"2020-07-15T12:53:15+00:00\",\"author\":{\"@id\":\"http:\/\/www.armanami.org\/blog\/#\/schema\/person\/ad77560a1599935b2285ac8a40e4cf91\"},\"breadcrumb\":{\"@id\":\"http:\/\/www.armanami.org\/blog\/lumea-armaneasca-vazuta-de-ana-maria-narti-iconografie\/#breadcrumb\"},\"inLanguage\":\"en-US\",\"potentialAction\":[{\"@type\":\"ReadAction\",\"target\":[\"http:\/\/www.armanami.org\/blog\/lumea-armaneasca-vazuta-de-ana-maria-narti-iconografie\/\"]}]},{\"@type\":\"ImageObject\",\"inLanguage\":\"en-US\",\"@id\":\"http:\/\/www.armanami.org\/blog\/lumea-armaneasca-vazuta-de-ana-maria-narti-iconografie\/#primaryimage\",\"url\":\"http:\/\/www.armanami.org\/blog\/wp-content\/uploads\/2020\/07\/amnPortret.jpg\",\"contentUrl\":\"http:\/\/www.armanami.org\/blog\/wp-content\/uploads\/2020\/07\/amnPortret.jpg\",\"width\":657,\"height\":915},{\"@type\":\"BreadcrumbList\",\"@id\":\"http:\/\/www.armanami.org\/blog\/lumea-armaneasca-vazuta-de-ana-maria-narti-iconografie\/#breadcrumb\",\"itemListElement\":[{\"@type\":\"ListItem\",\"position\":1,\"name\":\"Home\",\"item\":\"http:\/\/www.armanami.org\/blog\/\"},{\"@type\":\"ListItem\",\"position\":2,\"name\":\"Lumea arm\u00e2neasc\u0103 v\u0103zut\u0103 de Ana Maria Narti : iconografie\"}]},{\"@type\":\"WebSite\",\"@id\":\"http:\/\/www.armanami.org\/blog\/#website\",\"url\":\"http:\/\/www.armanami.org\/blog\/\",\"name\":\"TRA ARMANAMI\",\"description\":\"Habari di la armanj luati sh&#039;la armanj dati\",\"potentialAction\":[{\"@type\":\"SearchAction\",\"target\":{\"@type\":\"EntryPoint\",\"urlTemplate\":\"http:\/\/www.armanami.org\/blog\/?s={search_term_string}\"},\"query-input\":{\"@type\":\"PropertyValueSpecification\",\"valueRequired\":true,\"valueName\":\"search_term_string\"}}],\"inLanguage\":\"en-US\"},{\"@type\":\"Person\",\"@id\":\"http:\/\/www.armanami.org\/blog\/#\/schema\/person\/ad77560a1599935b2285ac8a40e4cf91\",\"name\":\"Editeur\",\"image\":{\"@type\":\"ImageObject\",\"inLanguage\":\"en-US\",\"@id\":\"http:\/\/www.armanami.org\/blog\/#\/schema\/person\/image\/\",\"url\":\"https:\/\/secure.gravatar.com\/avatar\/761ad11672a7683bd0716727a6d2194cdbca97ae70d1f58d1e090e55c4007ae7?s=96&d=mm&r=g\",\"contentUrl\":\"https:\/\/secure.gravatar.com\/avatar\/761ad11672a7683bd0716727a6d2194cdbca97ae70d1f58d1e090e55c4007ae7?s=96&d=mm&r=g\",\"caption\":\"Editeur\"},\"url\":\"http:\/\/www.armanami.org\/blog\/author\/editeur\/\"}]}<\/script>\n<!-- \/ Yoast SEO plugin. -->","yoast_head_json":{"title":"Lumea arm\u00e2neasc\u0103 v\u0103zut\u0103 de Ana Maria Narti : iconografie - TRA ARMANAMI","robots":{"index":"index","follow":"follow","max-snippet":"max-snippet:-1","max-image-preview":"max-image-preview:large","max-video-preview":"max-video-preview:-1"},"canonical":"http:\/\/www.armanami.org\/blog\/lumea-armaneasca-vazuta-de-ana-maria-narti-iconografie\/","og_locale":"en_US","og_type":"article","og_title":"Lumea arm\u00e2neasc\u0103 v\u0103zut\u0103 de Ana Maria Narti : iconografie - TRA ARMANAMI","og_description":"Pe tata \u00eel chema Dumitru, obi\u0219nuia s\u0103 semneze Dumitru V. Narti, numele de la mijloc era Virgil. Pe bunica [mamamare] o chema Parascheva, numele de fat\u0103 Metta. Constantin&nbsp;Narti, Cocea, care a fost diplomat la Praga, era fratele mai mare al tat\u0103lui meu, unchiul Cocea, foarte iubit de noi copiii\u2026&nbsp;","og_url":"http:\/\/www.armanami.org\/blog\/lumea-armaneasca-vazuta-de-ana-maria-narti-iconografie\/","og_site_name":"TRA ARMANAMI","article_published_time":"2020-07-15T07:36:52+00:00","article_modified_time":"2020-07-15T12:53:15+00:00","og_image":[{"url":"http:\/\/www.armanami.org\/blog\/wp-content\/uploads\/2020\/07\/amnPortret.jpg","type":"","width":"","height":""}],"author":"Editeur","twitter_card":"summary_large_image","twitter_misc":{"Written by":"Editeur","Est. reading time":"4 minutes"},"schema":{"@context":"https:\/\/schema.org","@graph":[{"@type":"WebPage","@id":"http:\/\/www.armanami.org\/blog\/lumea-armaneasca-vazuta-de-ana-maria-narti-iconografie\/","url":"http:\/\/www.armanami.org\/blog\/lumea-armaneasca-vazuta-de-ana-maria-narti-iconografie\/","name":"Lumea arm\u00e2neasc\u0103 v\u0103zut\u0103 de Ana Maria Narti : iconografie - TRA ARMANAMI","isPartOf":{"@id":"http:\/\/www.armanami.org\/blog\/#website"},"primaryImageOfPage":{"@id":"http:\/\/www.armanami.org\/blog\/lumea-armaneasca-vazuta-de-ana-maria-narti-iconografie\/#primaryimage"},"image":{"@id":"http:\/\/www.armanami.org\/blog\/lumea-armaneasca-vazuta-de-ana-maria-narti-iconografie\/#primaryimage"},"thumbnailUrl":"http:\/\/www.armanami.org\/blog\/wp-content\/uploads\/2020\/07\/amnPortret.jpg","datePublished":"2020-07-15T07:36:52+00:00","dateModified":"2020-07-15T12:53:15+00:00","author":{"@id":"http:\/\/www.armanami.org\/blog\/#\/schema\/person\/ad77560a1599935b2285ac8a40e4cf91"},"breadcrumb":{"@id":"http:\/\/www.armanami.org\/blog\/lumea-armaneasca-vazuta-de-ana-maria-narti-iconografie\/#breadcrumb"},"inLanguage":"en-US","potentialAction":[{"@type":"ReadAction","target":["http:\/\/www.armanami.org\/blog\/lumea-armaneasca-vazuta-de-ana-maria-narti-iconografie\/"]}]},{"@type":"ImageObject","inLanguage":"en-US","@id":"http:\/\/www.armanami.org\/blog\/lumea-armaneasca-vazuta-de-ana-maria-narti-iconografie\/#primaryimage","url":"http:\/\/www.armanami.org\/blog\/wp-content\/uploads\/2020\/07\/amnPortret.jpg","contentUrl":"http:\/\/www.armanami.org\/blog\/wp-content\/uploads\/2020\/07\/amnPortret.jpg","width":657,"height":915},{"@type":"BreadcrumbList","@id":"http:\/\/www.armanami.org\/blog\/lumea-armaneasca-vazuta-de-ana-maria-narti-iconografie\/#breadcrumb","itemListElement":[{"@type":"ListItem","position":1,"name":"Home","item":"http:\/\/www.armanami.org\/blog\/"},{"@type":"ListItem","position":2,"name":"Lumea arm\u00e2neasc\u0103 v\u0103zut\u0103 de Ana Maria Narti : iconografie"}]},{"@type":"WebSite","@id":"http:\/\/www.armanami.org\/blog\/#website","url":"http:\/\/www.armanami.org\/blog\/","name":"TRA ARMANAMI","description":"Habari di la armanj luati sh&#039;la armanj dati","potentialAction":[{"@type":"SearchAction","target":{"@type":"EntryPoint","urlTemplate":"http:\/\/www.armanami.org\/blog\/?s={search_term_string}"},"query-input":{"@type":"PropertyValueSpecification","valueRequired":true,"valueName":"search_term_string"}}],"inLanguage":"en-US"},{"@type":"Person","@id":"http:\/\/www.armanami.org\/blog\/#\/schema\/person\/ad77560a1599935b2285ac8a40e4cf91","name":"Editeur","image":{"@type":"ImageObject","inLanguage":"en-US","@id":"http:\/\/www.armanami.org\/blog\/#\/schema\/person\/image\/","url":"https:\/\/secure.gravatar.com\/avatar\/761ad11672a7683bd0716727a6d2194cdbca97ae70d1f58d1e090e55c4007ae7?s=96&d=mm&r=g","contentUrl":"https:\/\/secure.gravatar.com\/avatar\/761ad11672a7683bd0716727a6d2194cdbca97ae70d1f58d1e090e55c4007ae7?s=96&d=mm&r=g","caption":"Editeur"},"url":"http:\/\/www.armanami.org\/blog\/author\/editeur\/"}]}},"_links":{"self":[{"href":"http:\/\/www.armanami.org\/blog\/wp-json\/wp\/v2\/posts\/2850","targetHints":{"allow":["GET"]}}],"collection":[{"href":"http:\/\/www.armanami.org\/blog\/wp-json\/wp\/v2\/posts"}],"about":[{"href":"http:\/\/www.armanami.org\/blog\/wp-json\/wp\/v2\/types\/post"}],"author":[{"embeddable":true,"href":"http:\/\/www.armanami.org\/blog\/wp-json\/wp\/v2\/users\/4"}],"replies":[{"embeddable":true,"href":"http:\/\/www.armanami.org\/blog\/wp-json\/wp\/v2\/comments?post=2850"}],"version-history":[{"count":17,"href":"http:\/\/www.armanami.org\/blog\/wp-json\/wp\/v2\/posts\/2850\/revisions"}],"predecessor-version":[{"id":2891,"href":"http:\/\/www.armanami.org\/blog\/wp-json\/wp\/v2\/posts\/2850\/revisions\/2891"}],"wp:attachment":[{"href":"http:\/\/www.armanami.org\/blog\/wp-json\/wp\/v2\/media?parent=2850"}],"wp:term":[{"taxonomy":"category","embeddable":true,"href":"http:\/\/www.armanami.org\/blog\/wp-json\/wp\/v2\/categories?post=2850"},{"taxonomy":"post_tag","embeddable":true,"href":"http:\/\/www.armanami.org\/blog\/wp-json\/wp\/v2\/tags?post=2850"}],"curies":[{"name":"wp","href":"https:\/\/api.w.org\/{rel}","templated":true}]}}