{"id":2775,"date":"2020-07-09T15:56:02","date_gmt":"2020-07-09T14:56:02","guid":{"rendered":"http:\/\/www.armanami.org\/blog\/?p=2775"},"modified":"2020-07-14T15:37:21","modified_gmt":"2020-07-14T14:37:21","slug":"simeon-tovaru-1900-1974-de-vorba-cu-fiul-sau-dinu-tovaru","status":"publish","type":"post","link":"http:\/\/www.armanami.org\/blog\/simeon-tovaru-1900-1974-de-vorba-cu-fiul-sau-dinu-tovaru\/","title":{"rendered":"Simeon \u0162ovaru (1900-1974) de vorb\u0103 cu fiul s\u0103u Dinu \u0162ovaru (I)"},"content":{"rendered":"\n<figure class=\"wp-block-image size-medium\"><img loading=\"lazy\" decoding=\"async\" width=\"173\" height=\"300\" src=\"http:\/\/www.armanami.org\/blog\/wp-content\/uploads\/2020\/07\/TovaruPortret-173x300.jpg\" alt=\"\" class=\"wp-image-2776\" srcset=\"http:\/\/www.armanami.org\/blog\/wp-content\/uploads\/2020\/07\/TovaruPortret-173x300.jpg 173w, http:\/\/www.armanami.org\/blog\/wp-content\/uploads\/2020\/07\/TovaruPortret-589x1024.jpg 589w, http:\/\/www.armanami.org\/blog\/wp-content\/uploads\/2020\/07\/TovaruPortret-768x1335.jpg 768w, http:\/\/www.armanami.org\/blog\/wp-content\/uploads\/2020\/07\/TovaruPortret-884x1536.jpg 884w, http:\/\/www.armanami.org\/blog\/wp-content\/uploads\/2020\/07\/TovaruPortret.jpg 1117w\" sizes=\"auto, (max-width: 173px) 100vw, 173px\" \/><\/figure>\n\n\n\n<p>\u201eAdev\u0103rul e ca fierul ro\u0219u; aplicat la vreme, el ustur\u0103 \u0219i doare, dar ajut\u0103 \u0219i vindec\u0103. Vom recomanda deci acest tratament drastic \u0219i \u00een chestiunea macedonean\u0103\u201d, scria doctorul Ta\u0219cu G. Trifon \u00een bro\u0219ura publicat\u0103 \u00een august 1909 cu titlul&nbsp;<em>Congresul rom\u00e2nilor otomani \u021binut la Bitola (Monastir)<\/em>. Observa\u0163ia era desigur corect\u0103 \u00eens\u0103 chiar dac\u0103 au existat \u00eencerc\u0103ri de a urma un asemenea \u00eendemn, timpul a fost prea scurt pentru ca ele s\u0103 duc\u0103 la un rezultat consecvent. Epilogul celor dou\u0103 r\u0103zboaie balcanice, pacea de la Bucure\u015fti din august 1913 a anulat prerogativele arm\u00e2nilor asigurate de statutul de&nbsp;<em>olah milet<\/em>&nbsp;ob\u0163inut \u00een 1905. Dou\u0103 decenii mai t\u00e2rziu, un tratament similar va fi formulat \u015fi argumentat pe larg \u00eentr-o carte intitulat\u0103&nbsp;<em>Problema \u015fcoalei rom\u00e2ne\u015fti din Balcani<\/em>. N\u0103scut la Malovishte ca \u015fi Ta\u015fcu G. Trifon, tot medic \u015fi el, autorul c\u0103r\u0163ii, S.&nbsp;\u0162ovaru proceda la r\u00e2ndul lui la o critic\u0103 \u00ab&nbsp;ustur\u0103toare \u015fi dureroas\u0103&nbsp;\u00bb a politicii statului rom\u00e2n \u00een Balcani \u015fi a celor care au aplicat-o la fa\u0163a locului \u00een domeniul cheie al \u00eenv\u0103\u0163\u0103m\u00e2ntului.&nbsp;<\/p>\n\n\n\n<!--more-->\n\n\n\n<p>Nici remediul propus de S.&nbsp;\u0162ovaru nu pare s\u0103 fi fost de mare folos. Unic\u0103 \u00een felul ei \u00een perioada interbelic\u0103, cartea e citat\u0103 de autorii serio\u015fi, prea pu\u0163in \u00eens\u0103 loat\u0103 \u00een considerare \u00een dezbaterile publice privind a\u015fa numit\u0103 \u00ab&nbsp;chestiunea macedonean\u0103&nbsp;\u00bb.&nbsp;&nbsp;Nu ar fi r\u0103u ca partizanii relu\u0103rii pur \u015fi simplu a politicii duse de statul rom\u00e2n dinainte de cel de al doilea r\u0103zboi mondial privind arm\u00e2nii \u00een numele \u00ab&nbsp;rom\u00e2nilor de pretutindeni&nbsp;\u00bb s\u0103 o consulte. Ne referim exclusiv la cei care o fac din convingere.<\/p>\n\n\n\n<p>Dup\u0103 ce am citit \u015fi recitit aceast\u0103 carte care mi-a fost de mare sprijin \u00een demersul meu, un lucru nu a \u00eencetat s\u0103 m\u0103 intrige&nbsp;: nu reu\u015feam s\u0103 situez autorul, s\u0103-mi fac o impresie despre personaj, p\u00e2n\u0103 \u015fi pentru prenumele lui trebuia s\u0103 m\u0103 mul\u0163umesc cu ini\u0163iala indicat\u0103 de editor. Nu a fost deci \u00eent\u00e2mpl\u0103tor c\u0103 prima \u00eentrebare pe care i-am pus-o fiului lui de care am dat \u00een fine dup\u0103 tot felul de demersuri a fost&nbsp;: <\/p>\n\n\n\n<p>&#8211; S&nbsp;\u00bb, \u015fi mai cum&nbsp;?&#8221; <\/p>\n\n\n\n<p>&#8211; Simion, de fapt Simeon.<\/p>\n\n\n\n<p>Care nu a fost surpriza mea auzind locul na\u015fterii, \u00ab&nbsp;Molovi\u015fte, nu, Malovishte&nbsp;\u00bb \u015fi multe alte informa\u0163ii pe care mi le-a transmis Dinu \u0162ovaru, atent tot timpul ca nu cumva s\u0103 rom\u00e2nizeze cuvintele \u00een arom\u00e2n\u0103 pe care le pronun\u0163a. \u00cemi d\u0103duse rendez-vous \u00een pia\u0163eta cu lupoaica unde \u00eencepe strada Lipscani. Conversa\u0163ia a avut loc mar\u0163i 18 februarie 2020 pe o banc\u0103, care apar\u0163inea de fapt unui magazin de pizze cum am aflat mai t\u00e2rziu c\u00e2nd o domni\u015foar\u0103 ne-a somat s\u0103 plec\u0103m.&nbsp;<\/p>\n\n\n\n<p>Simeon s-a n\u0103scut pe 6 decembrie 1900, actul lui de na\u015ftere era redactat \u00een turc\u0103 otoman\u0103, act pe care fiul sau l&#8217;a  p\u0103strat, a venit cu tat\u0103l lui Hrista \u0162ovar, al\u2019 \u0162ovar, pe mama o chema Constantina, nume de fat\u0103 Papcea, tot din Malovishte, \u00een Rom\u00e2nia pe la v\u0103rsta de 5-6 ani. A f\u0103cut liceul la Ia\u015fi, la Iacob Negruzzi, facultatea de medicin\u0103 la Bucure\u015fti. Familia a primit cet\u0103\u0163enia rom\u00e2n\u0103 \u00een 1926, interlocutorul meu precizeaz\u0103 c\u0103 are documentul acas\u0103. S-a \u00eensurat cu o rom\u00e2nc\u0103 din Dorohi, Victoria, nume de fat\u0103 Vidic, care vorbea foarte bine arom\u00e2na.&nbsp;\u00cen cas\u0103 se vorbea arom\u00e2na, mai ales pentru c\u0103 surorile lui, venite toate, cu tot neamul lor, \u00een 1916, 1920, nici nu \u015ftiau prea bine limba rom\u00e2n\u0103. Un frate al lui Simeon, Anastase \u0162ovaru, a \u0163inut timp de patruzeci de ani cofet\u0103rie tocmai \u00een fa\u0163a parcului Carol.&nbsp;<\/p>\n\n\n\n<p>Era prieten bun cu Tache Papahagi, care i-a scris o frumoas\u0103 dedica\u0163ie la dic\u0163ionarul lui, cu Ciomu, tat\u0103l chirurgului Naum, pe care de altfel l-a botezat, cu avocatul Tana\u015foca, Take, unchiul istoricului, se vedea cu George Murnu, Nicolae Batzaria\u2026 Membru a multor societ\u0103\u0163u-i de cultur\u0103 macedonene, el era cu PNL, foarte legat de Dinu Br\u0103tianu, \u00ab&nbsp;de aceea m\u0103 cheam\u0103 Dinu&nbsp;\u00bb, mi-a precizat motiv fiul lui, interlocutorul meu, medic \u015fi d\u00e2nsul. Chirurg reputat, profesor la facultate, autor a multor contribu\u0163ii \u00een domeniul s\u0103u, \u00een 1947-1948, Simeon a fost convocat de Ana Pauker care l-a \u00eentrebat dac\u0103 vrea s\u0103 intre \u00een partid. \u00ab&nbsp;Trebuie s\u0103 m\u0103 mai g\u00e2ndesc&nbsp;\u00bb i-a r\u0103spuns, pu\u0163in dup\u0103 care a fost dat afar\u0103\u2026 A murit de infarct miocardic pe 3 noiembrie 1974, nefum\u0103tor fiind. Este inmorm\u00e2ntat la Belu, la 81 bis. <\/p>\n\n\n\n<p>\u00ab&nbsp;Un om deosebit, foarte citit, a precizat so\u0163ia lui Dinu, prezent\u0103 la discu\u0163ie, scria mult, avea un scris foarte frumos, \u00eengrijit, era preocupat de acurate\u0163ea limbii pe care o folosea\u2026&nbsp;\u00bb<\/p>\n","protected":false},"excerpt":{"rendered":"<p>\u201eAdev\u0103rul e ca fierul ro\u0219u; aplicat la vreme, el ustur\u0103 \u0219i doare, dar ajut\u0103 \u0219i vindec\u0103. Vom recomanda deci acest tratament drastic \u0219i \u00een chestiunea macedonean\u0103\u201d, scria doctorul Ta\u0219cu G. Trifon \u00een bro\u0219ura publicat\u0103 \u00een august 1909 cu titlul&nbsp;Congresul rom\u00e2nilor otomani \u021binut la Bitola (Monastir). Observa\u0163ia era desigur corect\u0103 \u00eens\u0103 chiar dac\u0103 au existat \u00eencerc\u0103ri [&hellip;]<\/p>\n","protected":false},"author":4,"featured_media":0,"comment_status":"open","ping_status":"open","sticky":false,"template":"","format":"standard","meta":{"_monsterinsights_skip_tracking":false,"_monsterinsights_sitenote_active":false,"_monsterinsights_sitenote_note":"","_monsterinsights_sitenote_category":0,"footnotes":""},"categories":[3],"tags":[],"class_list":["post-2775","post","type-post","status-publish","format-standard","hentry","category-habari-news"],"yoast_head":"<!-- This site is optimized with the Yoast SEO plugin v25.4 - https:\/\/yoast.com\/wordpress\/plugins\/seo\/ -->\n<title>Simeon \u0162ovaru (1900-1974) de vorb\u0103 cu fiul s\u0103u Dinu \u0162ovaru (I) - TRA ARMANAMI<\/title>\n<meta name=\"robots\" content=\"index, follow, max-snippet:-1, max-image-preview:large, max-video-preview:-1\" \/>\n<link rel=\"canonical\" href=\"http:\/\/www.armanami.org\/blog\/simeon-tovaru-1900-1974-de-vorba-cu-fiul-sau-dinu-tovaru\/\" \/>\n<meta property=\"og:locale\" content=\"en_US\" \/>\n<meta property=\"og:type\" content=\"article\" \/>\n<meta property=\"og:title\" content=\"Simeon \u0162ovaru (1900-1974) de vorb\u0103 cu fiul s\u0103u Dinu \u0162ovaru (I) - TRA ARMANAMI\" \/>\n<meta property=\"og:description\" content=\"\u201eAdev\u0103rul e ca fierul ro\u0219u; aplicat la vreme, el ustur\u0103 \u0219i doare, dar ajut\u0103 \u0219i vindec\u0103. Vom recomanda deci acest tratament drastic \u0219i \u00een chestiunea macedonean\u0103\u201d, scria doctorul Ta\u0219cu G. Trifon \u00een bro\u0219ura publicat\u0103 \u00een august 1909 cu titlul&nbsp;Congresul rom\u00e2nilor otomani \u021binut la Bitola (Monastir). Observa\u0163ia era desigur corect\u0103 \u00eens\u0103 chiar dac\u0103 au existat \u00eencerc\u0103ri [&hellip;]\" \/>\n<meta property=\"og:url\" content=\"http:\/\/www.armanami.org\/blog\/simeon-tovaru-1900-1974-de-vorba-cu-fiul-sau-dinu-tovaru\/\" \/>\n<meta property=\"og:site_name\" content=\"TRA ARMANAMI\" \/>\n<meta property=\"article:published_time\" content=\"2020-07-09T14:56:02+00:00\" \/>\n<meta property=\"article:modified_time\" content=\"2020-07-14T14:37:21+00:00\" \/>\n<meta property=\"og:image\" content=\"http:\/\/www.armanami.org\/blog\/wp-content\/uploads\/2020\/07\/TovaruPortret-173x300.jpg\" \/>\n<meta name=\"author\" content=\"Editeur\" \/>\n<meta name=\"twitter:card\" content=\"summary_large_image\" \/>\n<meta name=\"twitter:label1\" content=\"Written by\" \/>\n\t<meta name=\"twitter:data1\" content=\"Editeur\" \/>\n\t<meta name=\"twitter:label2\" content=\"Est. reading time\" \/>\n\t<meta name=\"twitter:data2\" content=\"4 minutes\" \/>\n<script type=\"application\/ld+json\" class=\"yoast-schema-graph\">{\"@context\":\"https:\/\/schema.org\",\"@graph\":[{\"@type\":\"WebPage\",\"@id\":\"http:\/\/www.armanami.org\/blog\/simeon-tovaru-1900-1974-de-vorba-cu-fiul-sau-dinu-tovaru\/\",\"url\":\"http:\/\/www.armanami.org\/blog\/simeon-tovaru-1900-1974-de-vorba-cu-fiul-sau-dinu-tovaru\/\",\"name\":\"Simeon \u0162ovaru (1900-1974) de vorb\u0103 cu fiul s\u0103u Dinu \u0162ovaru (I) - TRA ARMANAMI\",\"isPartOf\":{\"@id\":\"http:\/\/www.armanami.org\/blog\/#website\"},\"primaryImageOfPage\":{\"@id\":\"http:\/\/www.armanami.org\/blog\/simeon-tovaru-1900-1974-de-vorba-cu-fiul-sau-dinu-tovaru\/#primaryimage\"},\"image\":{\"@id\":\"http:\/\/www.armanami.org\/blog\/simeon-tovaru-1900-1974-de-vorba-cu-fiul-sau-dinu-tovaru\/#primaryimage\"},\"thumbnailUrl\":\"http:\/\/www.armanami.org\/blog\/wp-content\/uploads\/2020\/07\/TovaruPortret-173x300.jpg\",\"datePublished\":\"2020-07-09T14:56:02+00:00\",\"dateModified\":\"2020-07-14T14:37:21+00:00\",\"author\":{\"@id\":\"http:\/\/www.armanami.org\/blog\/#\/schema\/person\/ad77560a1599935b2285ac8a40e4cf91\"},\"breadcrumb\":{\"@id\":\"http:\/\/www.armanami.org\/blog\/simeon-tovaru-1900-1974-de-vorba-cu-fiul-sau-dinu-tovaru\/#breadcrumb\"},\"inLanguage\":\"en-US\",\"potentialAction\":[{\"@type\":\"ReadAction\",\"target\":[\"http:\/\/www.armanami.org\/blog\/simeon-tovaru-1900-1974-de-vorba-cu-fiul-sau-dinu-tovaru\/\"]}]},{\"@type\":\"ImageObject\",\"inLanguage\":\"en-US\",\"@id\":\"http:\/\/www.armanami.org\/blog\/simeon-tovaru-1900-1974-de-vorba-cu-fiul-sau-dinu-tovaru\/#primaryimage\",\"url\":\"http:\/\/www.armanami.org\/blog\/wp-content\/uploads\/2020\/07\/TovaruPortret.jpg\",\"contentUrl\":\"http:\/\/www.armanami.org\/blog\/wp-content\/uploads\/2020\/07\/TovaruPortret.jpg\",\"width\":1117,\"height\":1941,\"caption\":\"rpt\"},{\"@type\":\"BreadcrumbList\",\"@id\":\"http:\/\/www.armanami.org\/blog\/simeon-tovaru-1900-1974-de-vorba-cu-fiul-sau-dinu-tovaru\/#breadcrumb\",\"itemListElement\":[{\"@type\":\"ListItem\",\"position\":1,\"name\":\"Home\",\"item\":\"http:\/\/www.armanami.org\/blog\/\"},{\"@type\":\"ListItem\",\"position\":2,\"name\":\"Simeon \u0162ovaru (1900-1974) de vorb\u0103 cu fiul s\u0103u Dinu \u0162ovaru (I)\"}]},{\"@type\":\"WebSite\",\"@id\":\"http:\/\/www.armanami.org\/blog\/#website\",\"url\":\"http:\/\/www.armanami.org\/blog\/\",\"name\":\"TRA ARMANAMI\",\"description\":\"Habari di la armanj luati sh&#039;la armanj dati\",\"potentialAction\":[{\"@type\":\"SearchAction\",\"target\":{\"@type\":\"EntryPoint\",\"urlTemplate\":\"http:\/\/www.armanami.org\/blog\/?s={search_term_string}\"},\"query-input\":{\"@type\":\"PropertyValueSpecification\",\"valueRequired\":true,\"valueName\":\"search_term_string\"}}],\"inLanguage\":\"en-US\"},{\"@type\":\"Person\",\"@id\":\"http:\/\/www.armanami.org\/blog\/#\/schema\/person\/ad77560a1599935b2285ac8a40e4cf91\",\"name\":\"Editeur\",\"image\":{\"@type\":\"ImageObject\",\"inLanguage\":\"en-US\",\"@id\":\"http:\/\/www.armanami.org\/blog\/#\/schema\/person\/image\/\",\"url\":\"https:\/\/secure.gravatar.com\/avatar\/761ad11672a7683bd0716727a6d2194cdbca97ae70d1f58d1e090e55c4007ae7?s=96&d=mm&r=g\",\"contentUrl\":\"https:\/\/secure.gravatar.com\/avatar\/761ad11672a7683bd0716727a6d2194cdbca97ae70d1f58d1e090e55c4007ae7?s=96&d=mm&r=g\",\"caption\":\"Editeur\"},\"url\":\"http:\/\/www.armanami.org\/blog\/author\/editeur\/\"}]}<\/script>\n<!-- \/ Yoast SEO plugin. -->","yoast_head_json":{"title":"Simeon \u0162ovaru (1900-1974) de vorb\u0103 cu fiul s\u0103u Dinu \u0162ovaru (I) - TRA ARMANAMI","robots":{"index":"index","follow":"follow","max-snippet":"max-snippet:-1","max-image-preview":"max-image-preview:large","max-video-preview":"max-video-preview:-1"},"canonical":"http:\/\/www.armanami.org\/blog\/simeon-tovaru-1900-1974-de-vorba-cu-fiul-sau-dinu-tovaru\/","og_locale":"en_US","og_type":"article","og_title":"Simeon \u0162ovaru (1900-1974) de vorb\u0103 cu fiul s\u0103u Dinu \u0162ovaru (I) - TRA ARMANAMI","og_description":"\u201eAdev\u0103rul e ca fierul ro\u0219u; aplicat la vreme, el ustur\u0103 \u0219i doare, dar ajut\u0103 \u0219i vindec\u0103. Vom recomanda deci acest tratament drastic \u0219i \u00een chestiunea macedonean\u0103\u201d, scria doctorul Ta\u0219cu G. Trifon \u00een bro\u0219ura publicat\u0103 \u00een august 1909 cu titlul&nbsp;Congresul rom\u00e2nilor otomani \u021binut la Bitola (Monastir). Observa\u0163ia era desigur corect\u0103 \u00eens\u0103 chiar dac\u0103 au existat \u00eencerc\u0103ri [&hellip;]","og_url":"http:\/\/www.armanami.org\/blog\/simeon-tovaru-1900-1974-de-vorba-cu-fiul-sau-dinu-tovaru\/","og_site_name":"TRA ARMANAMI","article_published_time":"2020-07-09T14:56:02+00:00","article_modified_time":"2020-07-14T14:37:21+00:00","og_image":[{"url":"http:\/\/www.armanami.org\/blog\/wp-content\/uploads\/2020\/07\/TovaruPortret-173x300.jpg","type":"","width":"","height":""}],"author":"Editeur","twitter_card":"summary_large_image","twitter_misc":{"Written by":"Editeur","Est. reading time":"4 minutes"},"schema":{"@context":"https:\/\/schema.org","@graph":[{"@type":"WebPage","@id":"http:\/\/www.armanami.org\/blog\/simeon-tovaru-1900-1974-de-vorba-cu-fiul-sau-dinu-tovaru\/","url":"http:\/\/www.armanami.org\/blog\/simeon-tovaru-1900-1974-de-vorba-cu-fiul-sau-dinu-tovaru\/","name":"Simeon \u0162ovaru (1900-1974) de vorb\u0103 cu fiul s\u0103u Dinu \u0162ovaru (I) - TRA ARMANAMI","isPartOf":{"@id":"http:\/\/www.armanami.org\/blog\/#website"},"primaryImageOfPage":{"@id":"http:\/\/www.armanami.org\/blog\/simeon-tovaru-1900-1974-de-vorba-cu-fiul-sau-dinu-tovaru\/#primaryimage"},"image":{"@id":"http:\/\/www.armanami.org\/blog\/simeon-tovaru-1900-1974-de-vorba-cu-fiul-sau-dinu-tovaru\/#primaryimage"},"thumbnailUrl":"http:\/\/www.armanami.org\/blog\/wp-content\/uploads\/2020\/07\/TovaruPortret-173x300.jpg","datePublished":"2020-07-09T14:56:02+00:00","dateModified":"2020-07-14T14:37:21+00:00","author":{"@id":"http:\/\/www.armanami.org\/blog\/#\/schema\/person\/ad77560a1599935b2285ac8a40e4cf91"},"breadcrumb":{"@id":"http:\/\/www.armanami.org\/blog\/simeon-tovaru-1900-1974-de-vorba-cu-fiul-sau-dinu-tovaru\/#breadcrumb"},"inLanguage":"en-US","potentialAction":[{"@type":"ReadAction","target":["http:\/\/www.armanami.org\/blog\/simeon-tovaru-1900-1974-de-vorba-cu-fiul-sau-dinu-tovaru\/"]}]},{"@type":"ImageObject","inLanguage":"en-US","@id":"http:\/\/www.armanami.org\/blog\/simeon-tovaru-1900-1974-de-vorba-cu-fiul-sau-dinu-tovaru\/#primaryimage","url":"http:\/\/www.armanami.org\/blog\/wp-content\/uploads\/2020\/07\/TovaruPortret.jpg","contentUrl":"http:\/\/www.armanami.org\/blog\/wp-content\/uploads\/2020\/07\/TovaruPortret.jpg","width":1117,"height":1941,"caption":"rpt"},{"@type":"BreadcrumbList","@id":"http:\/\/www.armanami.org\/blog\/simeon-tovaru-1900-1974-de-vorba-cu-fiul-sau-dinu-tovaru\/#breadcrumb","itemListElement":[{"@type":"ListItem","position":1,"name":"Home","item":"http:\/\/www.armanami.org\/blog\/"},{"@type":"ListItem","position":2,"name":"Simeon \u0162ovaru (1900-1974) de vorb\u0103 cu fiul s\u0103u Dinu \u0162ovaru (I)"}]},{"@type":"WebSite","@id":"http:\/\/www.armanami.org\/blog\/#website","url":"http:\/\/www.armanami.org\/blog\/","name":"TRA ARMANAMI","description":"Habari di la armanj luati sh&#039;la armanj dati","potentialAction":[{"@type":"SearchAction","target":{"@type":"EntryPoint","urlTemplate":"http:\/\/www.armanami.org\/blog\/?s={search_term_string}"},"query-input":{"@type":"PropertyValueSpecification","valueRequired":true,"valueName":"search_term_string"}}],"inLanguage":"en-US"},{"@type":"Person","@id":"http:\/\/www.armanami.org\/blog\/#\/schema\/person\/ad77560a1599935b2285ac8a40e4cf91","name":"Editeur","image":{"@type":"ImageObject","inLanguage":"en-US","@id":"http:\/\/www.armanami.org\/blog\/#\/schema\/person\/image\/","url":"https:\/\/secure.gravatar.com\/avatar\/761ad11672a7683bd0716727a6d2194cdbca97ae70d1f58d1e090e55c4007ae7?s=96&d=mm&r=g","contentUrl":"https:\/\/secure.gravatar.com\/avatar\/761ad11672a7683bd0716727a6d2194cdbca97ae70d1f58d1e090e55c4007ae7?s=96&d=mm&r=g","caption":"Editeur"},"url":"http:\/\/www.armanami.org\/blog\/author\/editeur\/"}]}},"_links":{"self":[{"href":"http:\/\/www.armanami.org\/blog\/wp-json\/wp\/v2\/posts\/2775","targetHints":{"allow":["GET"]}}],"collection":[{"href":"http:\/\/www.armanami.org\/blog\/wp-json\/wp\/v2\/posts"}],"about":[{"href":"http:\/\/www.armanami.org\/blog\/wp-json\/wp\/v2\/types\/post"}],"author":[{"embeddable":true,"href":"http:\/\/www.armanami.org\/blog\/wp-json\/wp\/v2\/users\/4"}],"replies":[{"embeddable":true,"href":"http:\/\/www.armanami.org\/blog\/wp-json\/wp\/v2\/comments?post=2775"}],"version-history":[{"count":7,"href":"http:\/\/www.armanami.org\/blog\/wp-json\/wp\/v2\/posts\/2775\/revisions"}],"predecessor-version":[{"id":2837,"href":"http:\/\/www.armanami.org\/blog\/wp-json\/wp\/v2\/posts\/2775\/revisions\/2837"}],"wp:attachment":[{"href":"http:\/\/www.armanami.org\/blog\/wp-json\/wp\/v2\/media?parent=2775"}],"wp:term":[{"taxonomy":"category","embeddable":true,"href":"http:\/\/www.armanami.org\/blog\/wp-json\/wp\/v2\/categories?post=2775"},{"taxonomy":"post_tag","embeddable":true,"href":"http:\/\/www.armanami.org\/blog\/wp-json\/wp\/v2\/tags?post=2775"}],"curies":[{"name":"wp","href":"https:\/\/api.w.org\/{rel}","templated":true}]}}