{"id":2238,"date":"2020-05-11T14:13:48","date_gmt":"2020-05-11T13:13:48","guid":{"rendered":"http:\/\/www.armanami.org\/blog\/?p=2238"},"modified":"2020-06-01T15:51:38","modified_gmt":"2020-06-01T14:51:38","slug":"armanamea-tu-eta-a-comunitatslor-globali","status":"publish","type":"post","link":"http:\/\/www.armanami.org\/blog\/armanamea-tu-eta-a-comunitatslor-globali\/","title":{"rendered":"Arm\u00e2namea, tu eta a comunit\u0103tslor globali"},"content":{"rendered":"\n<figure class=\"wp-block-image\"><img loading=\"lazy\" decoding=\"async\" width=\"817\" height=\"323\" src=\"http:\/\/www.armanami.org\/blog\/wp-content\/uploads\/2020\/05\/bajedechii-1.png\" alt=\"\" class=\"wp-image-2245\" srcset=\"http:\/\/www.armanami.org\/blog\/wp-content\/uploads\/2020\/05\/bajedechii-1.png 817w, http:\/\/www.armanami.org\/blog\/wp-content\/uploads\/2020\/05\/bajedechii-1-300x119.png 300w, http:\/\/www.armanami.org\/blog\/wp-content\/uploads\/2020\/05\/bajedechii-1-768x304.png 768w\" sizes=\"auto, (max-width: 817px) 100vw, 817px\" \/><\/figure>\n\n\n\n<p><strong>11 mai 2020 moabete pi facebook ti miletea noastr\u00e2&nbsp;f\u00e2r\u00e2 lig\u00e2tur\u00e2 la natsiuni (Nicu Puiu Bajedechi), ti&nbsp;Arm\u00e2njli&nbsp;&nbsp;cari nu vor s-intr\u00e2 tu un cutar (Nicu Chihaia), ti cari &nbsp;Evropa ni va si s-adra ma s-nu ag\u00e2rshea polematli (Oani Nicola), adz\u00e3, avemu putearea shi vrearea s-li limbidz\u00e3mu \u201eproblemili\u201c cu mindueari evropean\u00e3 (Kira Mantsu),&nbsp;ma ghine unu lideru alesu democratic di tut\u0103 comunitatea, cari lu va nai ma mul\u021b\u0103, ic\u00e2 10 pseudocapidanji, care s\u0103-s anciup\u0103 cari easti ma arm\u00e2nu (Maria Pariza), Cu Dumnidza ninti (Dima Grasu)<\/strong><\/p>\n\n\n\n<!--more-->\n\n\n\n<p><br><strong>Nicu Puiu Bajdechi&nbsp;<\/strong>Arm\u00e2namea, tu eta a comunit\u0103tslor globali&nbsp;: Tu minduiarea aplo a arm\u00e2njlor di v\u00e2r\u2019 kiro, sinurli di locu a v\u00e2siliilor eara un\u00e2 luyurie xean\u00e2, niadrat\u00e2 di ljei. Dupu aest\u00e2 minduiari, bana a lor anchisi c\u00e2t\u00e2 iutsido pisti locu &#8211; ama sh-tu cathi isnafi, di cara arm\u00e2njlji nu eara mash picurari -, c\u0103t\u0103 iu s-videa c\u00e2 \u201cari iarb\u00e2 bun\u00e2 ti p\u00e2shteari\u201d. Ar\u00e2sp\u00e2ndearea pisti locu a arm\u00e2njlor agiumsi, p\u00e2n\u00e2 tu soni, tu kirolu di tora, normal\u0103, nu mata njir\u00e2 pi v\u00e2r\u00e2.&nbsp;<\/p>\n\n\n\n<p>Tu aest\u00e2 catastasi, mults\u00e2 arm\u00e2nji s-aspusir\u00e2 c\u00e2 suntu &#8211; dupu ethnie &#8211; grets, rom\u00e2ni, arbineshi, v\u00e2ryari, dupu sinferlu a loclui sh-dupu sinferlu a lor. Ama, ari nica baea arm\u00e2nj cu simfer tra s\u00e2-sh aspun\u00e2 tsi turlie di mileti ahoryea suntu n\u00e2shi, cum b\u00e2neadz\u00e2 pisti locu sh-tsi ndrepturi identitari au aclo iu b\u00e2neadz\u00e2. Ufilisescu aua zborlu \u201cmileti\u201d tu sensu strictu ethnicu, identitaru-culturalu, f\u00e2r\u00e2 lig\u00e2tur\u00e2 la natsiuni, natsiunalu.<\/p>\n\n\n\n<p>Tu aest\u00e2 minari identitar\u00e2 cultural\u00e2 nu s-ari duchit\u00e2 nica boatsea a arm\u00e2njlor ditu Patridha, ditu comunit\u0103tsli autohtoni. Urnechea a lor ti hilji atsilor tsi s-ar\u00e2sp\u00e2ndir\u00e2 va s-angreac\u00e2 multu ti mira a Arm\u00e2namiljei. Tsi alidzeari va s-adar\u00e2 fratslji di aclo, tu naua catastasi a comunitatiljei globali, ti ts\u00e2nearea deadun a adetslor, a limb\u00e2ljei, a iholui, a cathiunlui elementu di identitati arm\u00e2neasc\u00e2 tsi cheari sum ocljii a noshts\u00e2?&nbsp;<\/p>\n\n\n\n<p>Ari cali deadun? Experientsa a mea, dupu ndoi anji di sutsat\u00e2 cu arm\u00e2nji ditu locurli iu b\u00e2nar\u00e2 sh-p\u00e2p\u00e2njilji a melj, comunicarea pi internetu sh-alti seamni ditu lumea arm\u00e2neasc\u00e2 aspun tuti c\u00e2 ari sh-cali deadun. Duchescu c\u00e2 noi, arm\u00e2njlji, a c\u00e2 him ar\u00e2sp\u00e2ndits pritu tuti v\u00e2siliili di pisti locu, putem s-him un\u00e2 comunitati global\u0103, cu tuts deadun tu suflitu.&nbsp;<\/p>\n\n\n\n<p><a href=\"https:\/\/www.facebook.com\/nicu.chihaia?comment_id=Y29tbWVudDoyNjExMDIxNjgyNjgxODlfMjYxMTQ1NTMxNTk3MTg2\"><strong>Nicu Chihaia<\/strong><\/a>&nbsp;Kiro di 30 anj \u201dcalea deadun\u201d,suprasatal\u0103, ti lumea arm\u00e2neasc\u00e2 nu adusi prucukii\/progres. Cafi comunitati arm\u00e2neasc\u00e2 pri iu s-afl\u00e2 lipseashti si-sh adar\u00e2 shi si-sh mutreasc\u00e2 lucurlu arm\u00e2nescu tu v\u0103silia iu s-afl\u00e2.(urneki arm\u00e2njlji di Albania). \u201dArm\u00e2nji nu vor s-intr\u00e2 tu un cutar\u201d sh gjini adar\u00e2. Arm\u00e2nji, comunit\u0103tsli arm\u00e2neshts\u00e2 pot sli tind\u00e2 lig\u0103turli tu \u201dsistem retsea\u201d cum gjini dz\u00e2si dl.&nbsp;<a href=\"https:\/\/www.facebook.com\/nicolas.trifon?hc_location=ufi\">Nicolas Trifon<\/a>&nbsp;. \u201dCalea deadun \u201d cama s-uidiseashti ti v\u0103siliili cari nu vor ta s-da arm\u00e2njlor ndrepturli cari l\u0103 si pricad ta si sh ts\u00e2n\u00e2 miletea.<\/p>\n\n\n\n<p><a href=\"https:\/\/www.facebook.com\/oani.nicola?comment_id=Y29tbWVudDoyNjExMDIxNjgyNjgxODlfMjYxMTI5OTk4MjY1NDA2\"><strong>Oani Nicola<\/strong><\/a>&nbsp;Ai diki Puljiu. Shi ti aestu amintaticu lipseashti s-ni mata mutrimu n\u00e2poi la luc\u00e2rli uruti tsi ni dispartu. Evropa ni va si s-adra ma s-nu ag\u00e2rshea polematli. Atsei tsi nu n\u00e2 voru li aducu aminti dipriun\u00e2 urutetsli. Tu G\u00e2rtsii iasti &#8221;romanika propaganda&#8221; iara tu Rom\u00e2nia iasti &#8221;gretsljii n\u00e2 v\u00e2t\u00e2mar\u00e2 &#8221;. Dit isturii prindi s-luom mashi bunili lucri.<\/p>\n\n\n\n<p><a href=\"https:\/\/www.facebook.com\/profile.php?id=100008073945316&amp;comment_id=Y29tbWVudDoyNjExMDIxNjgyNjgxODlfMjYxMTQ0OTY4MjYzOTA5\"><strong>Mantsu Kira<\/strong><\/a>&nbsp;Nicu, nu aprukemu di multu anyr\u00e2pseri di la tini\u2026 Daima li ashtipt\u00e3mu cu harau\u00e3\u2026 Noi, \u201ear\u00e3sp\u00e3nditslji\u201c, daima pitricumu seamni la fratslji ditu Balcanu, l\u00e3 f\u00e3tsemu uspetsuri, c\u00e3ft\u00e3mu dialoyu\u2026<br>S-pari c\u00e3 ahurhi un\u00e3 aprukeari, ama nica himu alargu di atsea tsi prindi s-n-agiut\u00e3 s-n\u00e3 dukimu tuts frats, alargu di sinurli cari s-trapsir\u00e3 tu isturii.: s-f\u00e3tsemu lunjin\u00e3, adz\u00e3, noi, b\u00e3rnurli cari nu featsir\u00e3 ni \u201eromaniki propayanda\u201c ni pistipsimu c\u00e3 \u201egretsljii n\u00e3 v\u00e3t\u00e3mar\u00e3\u201c!<br>\u201eProblema arm\u00e3neasc\u00e3\u201c easti un\u00e3 fr\u00e3ndz\u00e3 lai, multu manipulat\u00e3, tu isturia a Balcanlui, ma multu tu isturia ali Rom\u00e2nii shi G\u00e3rtsii shi, adz\u00e3, avemu putearea shi vrearea s-li limbidz\u00e3mu \u201eproblemili\u201ccu alt\u00e3 dishcljideari,cu mindueari evropean\u00e3.&nbsp;&nbsp;<br>Noi, b\u00e3rnurli di adz\u00e3, cari nu featsir\u00e3 ni \u201eromaniki propayanda\u201c ni pistipsimu c\u00e3 \u201egretsljii n\u00e3 v\u00e3t\u00e3mar\u00e3\u201c putemu s-adutsemu lunjin\u00e3 tu aestu kiro niuratu ditu isturia a noast\u00e3 deadunu.<br>Ashtipt\u00e3mu mashi unu semnu di la frats!<\/p>\n\n\n\n<p><a href=\"https:\/\/www.facebook.com\/dima.grasu.7?comment_id=Y29tbWVudDoyNjExMDIxNjgyNjgxODlfMjYxMTg0MDE0OTI2Njcx\"><strong>Dima Grasu<\/strong><\/a>&nbsp;Tuts avets minduiari bun\u0103 \u021bi problema arm\u00e2neasc\u0103. Va s caftam lucarli tsi n aproachi iutsido iu banamu, s nu na catugursimu unu cu alantu. Dumnidza n alasa aspranditsi armanjii, I ca alantsa la i frica di noi ca ma s himu tunloc va la anachisimu la alanti miletsa,, ca armanjii suntu cumandari sh va i aputurseasca. Tuts na veaghi aclo iu banamu. Cu Dumnidza ninti.<\/p>\n\n\n\n<p><a href=\"https:\/\/www.facebook.com\/maria.pariza.7?comment_id=Y29tbWVudDoyNjExMDIxNjgyNjgxODlfMjYxMTkxMDU4MjU5MzAw\"><strong>Maria Pariza<\/strong><\/a>&nbsp;BUN\u0102 CA DUKEARI! Ma pistupsescu c\u0103 aest\u0103 nu n\u0103 lipsi vloar\u0103. Calea electronic\u0103 dealihea, canda s-amint\u0103 ti Arm\u00e2nami! Sentimental -himu n\u0103 comunitate global\u0103. Problema i agiundzi! C\u0103ts va ma multu? Cumu s- f\u0103tsemu ti ma multu? Lucr\u0103mu ca haiducii, cati&nbsp;unu cu mintea lui, parei parei, tu cati cratu? Internetu n\u0103 agiut\u0103, s- vot\u0103m democratic lideri cari undzescu, s- vot\u0103m proiecti di interesu transna\u021bional. A\u0219e putem s-alumt\u0103mu, alt\u0103 luyii \u0219i cu puterili statali ti drepturili a noastri. C\u0103 un\u0103 i s-caft\u0103 unu lideru alesu democratic di tut\u0103 comunitatea n\u0103sc\u0103nti drepturi, cari li va nai ma mul\u021b\u0103, \u0219i alt\u0103 s\u0103- s anciup\u0103 10 pseudocapidanji, cari easti ma arm\u00e2nu. Tu\u0219 canda himu ma\u0219i tu n\u0103 nibitisit\u0103 campanii electoral\u0103, f\u0103r\u0103 aleg\u0103tori. Mac\u0103 b\u0103rnurili di az\u0103 nu caft\u0103 democra\u021bii tu uboru a nostru, az\u0103 c\u00e2ndu aesti c\u0103ljuri suntu dishclisi ca ici vloar\u0103, \u0219i cu politica shi cu internetu &#8211; c\u0103 el fatsi politica az\u0103 &#8211; va arm\u00e2nemu a\u0219e , .. .n\u0103 bun\u0103 carti di giocu, cu cari u gioac\u0103 ma\u0219i ti al\u021b\u0103, cum au chefi! Piese de muzeu!<\/p>\n\n\n\n<p><div><br><\/div><\/p>\n","protected":false},"excerpt":{"rendered":"<p>11 mai 2020 moabete pi facebook ti miletea noastr\u00e2&nbsp;f\u00e2r\u00e2 lig\u00e2tur\u00e2 la natsiuni (Nicu Puiu Bajedechi), ti&nbsp;Arm\u00e2njli&nbsp;&nbsp;cari nu vor s-intr\u00e2 tu un cutar (Nicu Chihaia), ti cari &nbsp;Evropa ni va si s-adra ma s-nu ag\u00e2rshea polematli (Oani Nicola), adz\u00e3, avemu putearea shi vrearea s-li limbidz\u00e3mu \u201eproblemili\u201c cu mindueari evropean\u00e3 (Kira Mantsu),&nbsp;ma ghine unu lideru alesu democratic [&hellip;]<\/p>\n","protected":false},"author":4,"featured_media":0,"comment_status":"open","ping_status":"open","sticky":false,"template":"","format":"standard","meta":{"_monsterinsights_skip_tracking":false,"_monsterinsights_sitenote_active":false,"_monsterinsights_sitenote_note":"","_monsterinsights_sitenote_category":0,"footnotes":""},"categories":[7],"tags":[],"class_list":["post-2238","post","type-post","status-publish","format-standard","hentry","category-minduiri"],"yoast_head":"<!-- This site is optimized with the Yoast SEO plugin v25.4 - https:\/\/yoast.com\/wordpress\/plugins\/seo\/ -->\n<title>Arm\u00e2namea, tu eta a comunit\u0103tslor globali - TRA ARMANAMI<\/title>\n<meta name=\"robots\" content=\"index, follow, max-snippet:-1, max-image-preview:large, max-video-preview:-1\" \/>\n<link rel=\"canonical\" href=\"http:\/\/www.armanami.org\/blog\/armanamea-tu-eta-a-comunitatslor-globali\/\" \/>\n<meta property=\"og:locale\" content=\"en_US\" \/>\n<meta property=\"og:type\" content=\"article\" \/>\n<meta property=\"og:title\" content=\"Arm\u00e2namea, tu eta a comunit\u0103tslor globali - TRA ARMANAMI\" \/>\n<meta property=\"og:description\" content=\"11 mai 2020 moabete pi facebook ti miletea noastr\u00e2&nbsp;f\u00e2r\u00e2 lig\u00e2tur\u00e2 la natsiuni (Nicu Puiu Bajedechi), ti&nbsp;Arm\u00e2njli&nbsp;&nbsp;cari nu vor s-intr\u00e2 tu un cutar (Nicu Chihaia), ti cari &nbsp;Evropa ni va si s-adra ma s-nu ag\u00e2rshea polematli (Oani Nicola), adz\u00e3, avemu putearea shi vrearea s-li limbidz\u00e3mu \u201eproblemili\u201c cu mindueari evropean\u00e3 (Kira Mantsu),&nbsp;ma ghine unu lideru alesu democratic [&hellip;]\" \/>\n<meta property=\"og:url\" content=\"http:\/\/www.armanami.org\/blog\/armanamea-tu-eta-a-comunitatslor-globali\/\" \/>\n<meta property=\"og:site_name\" content=\"TRA ARMANAMI\" \/>\n<meta property=\"article:published_time\" content=\"2020-05-11T13:13:48+00:00\" \/>\n<meta property=\"article:modified_time\" content=\"2020-06-01T14:51:38+00:00\" \/>\n<meta property=\"og:image\" content=\"http:\/\/www.armanami.org\/blog\/wp-content\/uploads\/2020\/05\/bajedechii-1.png\" \/>\n<meta name=\"author\" content=\"Editeur\" \/>\n<meta name=\"twitter:card\" content=\"summary_large_image\" \/>\n<meta name=\"twitter:label1\" content=\"Written by\" \/>\n\t<meta name=\"twitter:data1\" content=\"Editeur\" \/>\n\t<meta name=\"twitter:label2\" content=\"Est. reading time\" \/>\n\t<meta name=\"twitter:data2\" content=\"5 minutes\" \/>\n<script type=\"application\/ld+json\" class=\"yoast-schema-graph\">{\"@context\":\"https:\/\/schema.org\",\"@graph\":[{\"@type\":\"WebPage\",\"@id\":\"http:\/\/www.armanami.org\/blog\/armanamea-tu-eta-a-comunitatslor-globali\/\",\"url\":\"http:\/\/www.armanami.org\/blog\/armanamea-tu-eta-a-comunitatslor-globali\/\",\"name\":\"Arm\u00e2namea, tu eta a comunit\u0103tslor globali - TRA ARMANAMI\",\"isPartOf\":{\"@id\":\"http:\/\/www.armanami.org\/blog\/#website\"},\"primaryImageOfPage\":{\"@id\":\"http:\/\/www.armanami.org\/blog\/armanamea-tu-eta-a-comunitatslor-globali\/#primaryimage\"},\"image\":{\"@id\":\"http:\/\/www.armanami.org\/blog\/armanamea-tu-eta-a-comunitatslor-globali\/#primaryimage\"},\"thumbnailUrl\":\"http:\/\/www.armanami.org\/blog\/wp-content\/uploads\/2020\/05\/bajedechii-1.png\",\"datePublished\":\"2020-05-11T13:13:48+00:00\",\"dateModified\":\"2020-06-01T14:51:38+00:00\",\"author\":{\"@id\":\"http:\/\/www.armanami.org\/blog\/#\/schema\/person\/ad77560a1599935b2285ac8a40e4cf91\"},\"breadcrumb\":{\"@id\":\"http:\/\/www.armanami.org\/blog\/armanamea-tu-eta-a-comunitatslor-globali\/#breadcrumb\"},\"inLanguage\":\"en-US\",\"potentialAction\":[{\"@type\":\"ReadAction\",\"target\":[\"http:\/\/www.armanami.org\/blog\/armanamea-tu-eta-a-comunitatslor-globali\/\"]}]},{\"@type\":\"ImageObject\",\"inLanguage\":\"en-US\",\"@id\":\"http:\/\/www.armanami.org\/blog\/armanamea-tu-eta-a-comunitatslor-globali\/#primaryimage\",\"url\":\"http:\/\/www.armanami.org\/blog\/wp-content\/uploads\/2020\/05\/bajedechii-1.png\",\"contentUrl\":\"http:\/\/www.armanami.org\/blog\/wp-content\/uploads\/2020\/05\/bajedechii-1.png\",\"width\":817,\"height\":323},{\"@type\":\"BreadcrumbList\",\"@id\":\"http:\/\/www.armanami.org\/blog\/armanamea-tu-eta-a-comunitatslor-globali\/#breadcrumb\",\"itemListElement\":[{\"@type\":\"ListItem\",\"position\":1,\"name\":\"Home\",\"item\":\"http:\/\/www.armanami.org\/blog\/\"},{\"@type\":\"ListItem\",\"position\":2,\"name\":\"Arm\u00e2namea, tu eta a comunit\u0103tslor globali\"}]},{\"@type\":\"WebSite\",\"@id\":\"http:\/\/www.armanami.org\/blog\/#website\",\"url\":\"http:\/\/www.armanami.org\/blog\/\",\"name\":\"TRA ARMANAMI\",\"description\":\"Habari di la armanj luati sh&#039;la armanj dati\",\"potentialAction\":[{\"@type\":\"SearchAction\",\"target\":{\"@type\":\"EntryPoint\",\"urlTemplate\":\"http:\/\/www.armanami.org\/blog\/?s={search_term_string}\"},\"query-input\":{\"@type\":\"PropertyValueSpecification\",\"valueRequired\":true,\"valueName\":\"search_term_string\"}}],\"inLanguage\":\"en-US\"},{\"@type\":\"Person\",\"@id\":\"http:\/\/www.armanami.org\/blog\/#\/schema\/person\/ad77560a1599935b2285ac8a40e4cf91\",\"name\":\"Editeur\",\"image\":{\"@type\":\"ImageObject\",\"inLanguage\":\"en-US\",\"@id\":\"http:\/\/www.armanami.org\/blog\/#\/schema\/person\/image\/\",\"url\":\"https:\/\/secure.gravatar.com\/avatar\/761ad11672a7683bd0716727a6d2194cdbca97ae70d1f58d1e090e55c4007ae7?s=96&d=mm&r=g\",\"contentUrl\":\"https:\/\/secure.gravatar.com\/avatar\/761ad11672a7683bd0716727a6d2194cdbca97ae70d1f58d1e090e55c4007ae7?s=96&d=mm&r=g\",\"caption\":\"Editeur\"},\"url\":\"http:\/\/www.armanami.org\/blog\/author\/editeur\/\"}]}<\/script>\n<!-- \/ Yoast SEO plugin. -->","yoast_head_json":{"title":"Arm\u00e2namea, tu eta a comunit\u0103tslor globali - TRA ARMANAMI","robots":{"index":"index","follow":"follow","max-snippet":"max-snippet:-1","max-image-preview":"max-image-preview:large","max-video-preview":"max-video-preview:-1"},"canonical":"http:\/\/www.armanami.org\/blog\/armanamea-tu-eta-a-comunitatslor-globali\/","og_locale":"en_US","og_type":"article","og_title":"Arm\u00e2namea, tu eta a comunit\u0103tslor globali - TRA ARMANAMI","og_description":"11 mai 2020 moabete pi facebook ti miletea noastr\u00e2&nbsp;f\u00e2r\u00e2 lig\u00e2tur\u00e2 la natsiuni (Nicu Puiu Bajedechi), ti&nbsp;Arm\u00e2njli&nbsp;&nbsp;cari nu vor s-intr\u00e2 tu un cutar (Nicu Chihaia), ti cari &nbsp;Evropa ni va si s-adra ma s-nu ag\u00e2rshea polematli (Oani Nicola), adz\u00e3, avemu putearea shi vrearea s-li limbidz\u00e3mu \u201eproblemili\u201c cu mindueari evropean\u00e3 (Kira Mantsu),&nbsp;ma ghine unu lideru alesu democratic [&hellip;]","og_url":"http:\/\/www.armanami.org\/blog\/armanamea-tu-eta-a-comunitatslor-globali\/","og_site_name":"TRA ARMANAMI","article_published_time":"2020-05-11T13:13:48+00:00","article_modified_time":"2020-06-01T14:51:38+00:00","og_image":[{"url":"http:\/\/www.armanami.org\/blog\/wp-content\/uploads\/2020\/05\/bajedechii-1.png","type":"","width":"","height":""}],"author":"Editeur","twitter_card":"summary_large_image","twitter_misc":{"Written by":"Editeur","Est. reading time":"5 minutes"},"schema":{"@context":"https:\/\/schema.org","@graph":[{"@type":"WebPage","@id":"http:\/\/www.armanami.org\/blog\/armanamea-tu-eta-a-comunitatslor-globali\/","url":"http:\/\/www.armanami.org\/blog\/armanamea-tu-eta-a-comunitatslor-globali\/","name":"Arm\u00e2namea, tu eta a comunit\u0103tslor globali - TRA ARMANAMI","isPartOf":{"@id":"http:\/\/www.armanami.org\/blog\/#website"},"primaryImageOfPage":{"@id":"http:\/\/www.armanami.org\/blog\/armanamea-tu-eta-a-comunitatslor-globali\/#primaryimage"},"image":{"@id":"http:\/\/www.armanami.org\/blog\/armanamea-tu-eta-a-comunitatslor-globali\/#primaryimage"},"thumbnailUrl":"http:\/\/www.armanami.org\/blog\/wp-content\/uploads\/2020\/05\/bajedechii-1.png","datePublished":"2020-05-11T13:13:48+00:00","dateModified":"2020-06-01T14:51:38+00:00","author":{"@id":"http:\/\/www.armanami.org\/blog\/#\/schema\/person\/ad77560a1599935b2285ac8a40e4cf91"},"breadcrumb":{"@id":"http:\/\/www.armanami.org\/blog\/armanamea-tu-eta-a-comunitatslor-globali\/#breadcrumb"},"inLanguage":"en-US","potentialAction":[{"@type":"ReadAction","target":["http:\/\/www.armanami.org\/blog\/armanamea-tu-eta-a-comunitatslor-globali\/"]}]},{"@type":"ImageObject","inLanguage":"en-US","@id":"http:\/\/www.armanami.org\/blog\/armanamea-tu-eta-a-comunitatslor-globali\/#primaryimage","url":"http:\/\/www.armanami.org\/blog\/wp-content\/uploads\/2020\/05\/bajedechii-1.png","contentUrl":"http:\/\/www.armanami.org\/blog\/wp-content\/uploads\/2020\/05\/bajedechii-1.png","width":817,"height":323},{"@type":"BreadcrumbList","@id":"http:\/\/www.armanami.org\/blog\/armanamea-tu-eta-a-comunitatslor-globali\/#breadcrumb","itemListElement":[{"@type":"ListItem","position":1,"name":"Home","item":"http:\/\/www.armanami.org\/blog\/"},{"@type":"ListItem","position":2,"name":"Arm\u00e2namea, tu eta a comunit\u0103tslor globali"}]},{"@type":"WebSite","@id":"http:\/\/www.armanami.org\/blog\/#website","url":"http:\/\/www.armanami.org\/blog\/","name":"TRA ARMANAMI","description":"Habari di la armanj luati sh&#039;la armanj dati","potentialAction":[{"@type":"SearchAction","target":{"@type":"EntryPoint","urlTemplate":"http:\/\/www.armanami.org\/blog\/?s={search_term_string}"},"query-input":{"@type":"PropertyValueSpecification","valueRequired":true,"valueName":"search_term_string"}}],"inLanguage":"en-US"},{"@type":"Person","@id":"http:\/\/www.armanami.org\/blog\/#\/schema\/person\/ad77560a1599935b2285ac8a40e4cf91","name":"Editeur","image":{"@type":"ImageObject","inLanguage":"en-US","@id":"http:\/\/www.armanami.org\/blog\/#\/schema\/person\/image\/","url":"https:\/\/secure.gravatar.com\/avatar\/761ad11672a7683bd0716727a6d2194cdbca97ae70d1f58d1e090e55c4007ae7?s=96&d=mm&r=g","contentUrl":"https:\/\/secure.gravatar.com\/avatar\/761ad11672a7683bd0716727a6d2194cdbca97ae70d1f58d1e090e55c4007ae7?s=96&d=mm&r=g","caption":"Editeur"},"url":"http:\/\/www.armanami.org\/blog\/author\/editeur\/"}]}},"_links":{"self":[{"href":"http:\/\/www.armanami.org\/blog\/wp-json\/wp\/v2\/posts\/2238","targetHints":{"allow":["GET"]}}],"collection":[{"href":"http:\/\/www.armanami.org\/blog\/wp-json\/wp\/v2\/posts"}],"about":[{"href":"http:\/\/www.armanami.org\/blog\/wp-json\/wp\/v2\/types\/post"}],"author":[{"embeddable":true,"href":"http:\/\/www.armanami.org\/blog\/wp-json\/wp\/v2\/users\/4"}],"replies":[{"embeddable":true,"href":"http:\/\/www.armanami.org\/blog\/wp-json\/wp\/v2\/comments?post=2238"}],"version-history":[{"count":5,"href":"http:\/\/www.armanami.org\/blog\/wp-json\/wp\/v2\/posts\/2238\/revisions"}],"predecessor-version":[{"id":2246,"href":"http:\/\/www.armanami.org\/blog\/wp-json\/wp\/v2\/posts\/2238\/revisions\/2246"}],"wp:attachment":[{"href":"http:\/\/www.armanami.org\/blog\/wp-json\/wp\/v2\/media?parent=2238"}],"wp:term":[{"taxonomy":"category","embeddable":true,"href":"http:\/\/www.armanami.org\/blog\/wp-json\/wp\/v2\/categories?post=2238"},{"taxonomy":"post_tag","embeddable":true,"href":"http:\/\/www.armanami.org\/blog\/wp-json\/wp\/v2\/tags?post=2238"}],"curies":[{"name":"wp","href":"https:\/\/api.w.org\/{rel}","templated":true}]}}