{"id":2227,"date":"2020-04-14T12:11:01","date_gmt":"2020-04-14T11:11:01","guid":{"rendered":"http:\/\/www.armanami.org\/blog\/?p=2227"},"modified":"2020-06-01T15:50:11","modified_gmt":"2020-06-01T14:50:11","slug":"les-pelasges-et-leurs-descendants-directs-albanais-aroumains-etc","status":"publish","type":"post","link":"http:\/\/www.armanami.org\/blog\/les-pelasges-et-leurs-descendants-directs-albanais-aroumains-etc\/","title":{"rendered":"Les P\u00e9lasges et leurs descendants : albanais, aroumains, etc."},"content":{"rendered":"\n<figure class=\"wp-block-image\"><img loading=\"lazy\" decoding=\"async\" width=\"400\" height=\"156\" src=\"http:\/\/www.armanami.org\/blog\/wp-content\/uploads\/2020\/04\/pela3-1.png\" alt=\"\" class=\"wp-image-2229\" srcset=\"http:\/\/www.armanami.org\/blog\/wp-content\/uploads\/2020\/04\/pela3-1.png 400w, http:\/\/www.armanami.org\/blog\/wp-content\/uploads\/2020\/04\/pela3-1-300x117.png 300w\" sizes=\"auto, (max-width: 400px) 100vw, 400px\" \/><\/figure>\n\n\n\n<p>Voici une excellente \u00e9mission sur la Radio-T\u00e9l\u00e9vision Suisse \u00e0 propos du site antique Apollonia, situ\u00e9 pr\u00e8s de Fier, Fearica en aroumain. Son titre, tout un programme&nbsp;: \u00ab&nbsp;L\u2019Arch\u00e9ologie, science des identit\u00e9s plurielle&nbsp;\u00bb. Elle a \u00e9t\u00e9 pr\u00e9par\u00e9e par Louis Seiller, et les Aroumains pourraient trouver quelques points communs avec les Albanais \u00e0 propos du mythe autochtone notamment\u2026<\/p>\n\n\n\n<!--more-->\n\n\n\n<p>\u00ab&nbsp;La globalisation d\u2019aujourd\u2019hui nous fait comprendre les identit\u00e9s multiples de l\u2019Antiquit\u00e9&nbsp;\u00bb, fait remarquer l\u2019arch\u00e9ologue Saimir Shpuza qui explique tr\u00e8s bien les effets d\u00e9l\u00e9t\u00e8res de l\u2019isolement dans lequel a v\u00e9cu l\u2019Albanie \u00e0 l\u2019\u00e9poque de Enver Hoxha, mais aussi, sous des formes moins brutales, d\u2019autres Etats de la r\u00e9gion pourrait-on ajouter.&nbsp;&nbsp;Cet isolement cantonne la r\u00e9flexion dans un cadre limit\u00e9,&nbsp;&nbsp;emp\u00eache par exemple de voir que les fronti\u00e8res sont un ph\u00e9nom\u00e8ne r\u00e9cent qui n\u2019a pas de sens sur la longue dur\u00e9e.&nbsp;<\/p>\n\n\n\n<p>Pr\u00e9sent pour les fouilles \u00e0 Apollonia, pr\u00e8s de Fier (Fearica) depuis 1992, l\u2019arch\u00e9ologue Fran\u00e7ois Quantin rend hommage au d\u00e9but de l\u2019\u00e9mission \u00e0 l\u2019&nbsp;\u00ab&nbsp;identit\u00e9 heureuse&nbsp;\u00bb du temps de la splendeur du site.&nbsp;&nbsp;\u00ab&nbsp;Identit\u00e9 pacifi\u00e9e, stratifi\u00e9e qui accepte naturellement d\u2019\u00eatre composite, plurielle&nbsp;\u00bb, poursuit-il, en allant peut-\u00eatre un peu trop loin&nbsp;: la \u00ab&nbsp;pacification&nbsp;\u00bb en ce temps ne devait pas faire que des heureux&nbsp;!<\/p>\n\n\n\n<p>En guise de conclusion de l\u2019\u00e9mission, Fran\u00e7ois Quantin d\u00e9clare notamment&nbsp;: \u00ab&nbsp;Je crois pas trop \u00e0&nbsp;&nbsp;la th\u00e9orie des racines , la recherche des origines est vaine, parce qu\u2019on n\u2019en a jamais fini, parce que la notion d\u2019origine n\u2019a pas de sens dans le temps&nbsp;&nbsp;historique. (\u2026)<\/p>\n\n\n\n<p>Puis il formule une mise en garde qui me semble salutaire&nbsp;:<\/p>\n\n\n\n<p>\u00ab&nbsp;Les racines vont avec le nationalisme par le biais de ce mythe autochtonique, qu\u2019un certain nombre d\u2019Albanais d\u00e9veloppent avec le mythe p\u00e9lasgique, ce mythe contemporain au fond, mais qui repose sur un mythe ancien, une sorte de population panbalkanique, voire aussi italienne, qui aurait pr\u00e9c\u00e9d\u00e9 l\u2019ensemble des cultures m\u00e9diterran\u00e9ennes dans ces r\u00e9gions et les Albanais seraient l\u2019un des rares peuples \u00e0 remonter en ligne directe \u00e0 cette population, \u00e0 ce peuple.&nbsp;\u00bb&nbsp;<\/p>\n\n\n\n<p>Les Aroumains qui s\u2019aventurent \u00e0 la mani\u00e8re de leurs voisins albanais sur ce terrain en se pr\u00e9sentant par exemple comme des descendants directs et uniques si possible des Mac\u00e9doniens de l\u2019Antiquit\u00e9 auraient beaucoup \u00e0 gagner en \u00e9coutant l\u2019arch\u00e9ologue fran\u00e7ais\u2026<\/p>\n\n\n\n<p>Vous pouvez \u00e9couter l\u2019\u00e9mission ici&nbsp;:<\/p>\n\n\n\n<figure class=\"wp-block-embed\"><div class=\"wp-block-embed__wrapper\">\nhttps:\/\/www.rts.ch\/play\/radio\/point-de-fuite\/audio\/a-labordage?id=11206541\n<\/div><\/figure>\n\n\n\n<p>PS : Fran\u00e7ois Quantin est notamment l&#8217;auteur de <em>Chim\u00e8res autochtones\u00a0: le malentendu identitaire en M\u00e9diterran\u00e9e<\/em>, Paris, Karthala, 2020, 120 p.<\/p>\n","protected":false},"excerpt":{"rendered":"<p>Voici une excellente \u00e9mission sur la Radio-T\u00e9l\u00e9vision Suisse \u00e0 propos du site antique Apollonia, situ\u00e9 pr\u00e8s de Fier, Fearica en aroumain. Son titre, tout un programme&nbsp;: \u00ab&nbsp;L\u2019Arch\u00e9ologie, science des identit\u00e9s plurielle&nbsp;\u00bb. Elle a \u00e9t\u00e9 pr\u00e9par\u00e9e par Louis Seiller, et les Aroumains pourraient trouver quelques points communs avec les Albanais \u00e0 propos du mythe autochtone notamment\u2026<\/p>\n","protected":false},"author":4,"featured_media":0,"comment_status":"open","ping_status":"open","sticky":false,"template":"","format":"standard","meta":{"_monsterinsights_skip_tracking":false,"_monsterinsights_sitenote_active":false,"_monsterinsights_sitenote_note":"","_monsterinsights_sitenote_category":0,"footnotes":""},"categories":[7],"tags":[],"class_list":["post-2227","post","type-post","status-publish","format-standard","hentry","category-minduiri"],"yoast_head":"<!-- This site is optimized with the Yoast SEO plugin v25.4 - https:\/\/yoast.com\/wordpress\/plugins\/seo\/ -->\n<title>Les P\u00e9lasges et leurs descendants : albanais, aroumains, etc. - TRA ARMANAMI<\/title>\n<meta name=\"robots\" content=\"index, follow, max-snippet:-1, max-image-preview:large, max-video-preview:-1\" \/>\n<link rel=\"canonical\" href=\"http:\/\/www.armanami.org\/blog\/les-pelasges-et-leurs-descendants-directs-albanais-aroumains-etc\/\" \/>\n<meta property=\"og:locale\" content=\"en_US\" \/>\n<meta property=\"og:type\" content=\"article\" \/>\n<meta property=\"og:title\" content=\"Les P\u00e9lasges et leurs descendants : albanais, aroumains, etc. - TRA ARMANAMI\" \/>\n<meta property=\"og:description\" content=\"Voici une excellente \u00e9mission sur la Radio-T\u00e9l\u00e9vision Suisse \u00e0 propos du site antique Apollonia, situ\u00e9 pr\u00e8s de Fier, Fearica en aroumain. Son titre, tout un programme&nbsp;: \u00ab&nbsp;L\u2019Arch\u00e9ologie, science des identit\u00e9s plurielle&nbsp;\u00bb. Elle a \u00e9t\u00e9 pr\u00e9par\u00e9e par Louis Seiller, et les Aroumains pourraient trouver quelques points communs avec les Albanais \u00e0 propos du mythe autochtone notamment\u2026\" \/>\n<meta property=\"og:url\" content=\"http:\/\/www.armanami.org\/blog\/les-pelasges-et-leurs-descendants-directs-albanais-aroumains-etc\/\" \/>\n<meta property=\"og:site_name\" content=\"TRA ARMANAMI\" \/>\n<meta property=\"article:published_time\" content=\"2020-04-14T11:11:01+00:00\" \/>\n<meta property=\"article:modified_time\" content=\"2020-06-01T14:50:11+00:00\" \/>\n<meta property=\"og:image\" content=\"http:\/\/www.armanami.org\/blog\/wp-content\/uploads\/2020\/04\/pela3-1.png\" \/>\n<meta name=\"author\" content=\"Editeur\" \/>\n<meta name=\"twitter:card\" content=\"summary_large_image\" \/>\n<meta name=\"twitter:label1\" content=\"Written by\" \/>\n\t<meta name=\"twitter:data1\" content=\"Editeur\" \/>\n\t<meta name=\"twitter:label2\" content=\"Est. reading time\" \/>\n\t<meta name=\"twitter:data2\" content=\"2 minutes\" \/>\n<script type=\"application\/ld+json\" class=\"yoast-schema-graph\">{\"@context\":\"https:\/\/schema.org\",\"@graph\":[{\"@type\":\"WebPage\",\"@id\":\"http:\/\/www.armanami.org\/blog\/les-pelasges-et-leurs-descendants-directs-albanais-aroumains-etc\/\",\"url\":\"http:\/\/www.armanami.org\/blog\/les-pelasges-et-leurs-descendants-directs-albanais-aroumains-etc\/\",\"name\":\"Les P\u00e9lasges et leurs descendants : albanais, aroumains, etc. - TRA ARMANAMI\",\"isPartOf\":{\"@id\":\"http:\/\/www.armanami.org\/blog\/#website\"},\"primaryImageOfPage\":{\"@id\":\"http:\/\/www.armanami.org\/blog\/les-pelasges-et-leurs-descendants-directs-albanais-aroumains-etc\/#primaryimage\"},\"image\":{\"@id\":\"http:\/\/www.armanami.org\/blog\/les-pelasges-et-leurs-descendants-directs-albanais-aroumains-etc\/#primaryimage\"},\"thumbnailUrl\":\"http:\/\/www.armanami.org\/blog\/wp-content\/uploads\/2020\/04\/pela3-1.png\",\"datePublished\":\"2020-04-14T11:11:01+00:00\",\"dateModified\":\"2020-06-01T14:50:11+00:00\",\"author\":{\"@id\":\"http:\/\/www.armanami.org\/blog\/#\/schema\/person\/ad77560a1599935b2285ac8a40e4cf91\"},\"breadcrumb\":{\"@id\":\"http:\/\/www.armanami.org\/blog\/les-pelasges-et-leurs-descendants-directs-albanais-aroumains-etc\/#breadcrumb\"},\"inLanguage\":\"en-US\",\"potentialAction\":[{\"@type\":\"ReadAction\",\"target\":[\"http:\/\/www.armanami.org\/blog\/les-pelasges-et-leurs-descendants-directs-albanais-aroumains-etc\/\"]}]},{\"@type\":\"ImageObject\",\"inLanguage\":\"en-US\",\"@id\":\"http:\/\/www.armanami.org\/blog\/les-pelasges-et-leurs-descendants-directs-albanais-aroumains-etc\/#primaryimage\",\"url\":\"http:\/\/www.armanami.org\/blog\/wp-content\/uploads\/2020\/04\/pela3-1.png\",\"contentUrl\":\"http:\/\/www.armanami.org\/blog\/wp-content\/uploads\/2020\/04\/pela3-1.png\",\"width\":400,\"height\":156},{\"@type\":\"BreadcrumbList\",\"@id\":\"http:\/\/www.armanami.org\/blog\/les-pelasges-et-leurs-descendants-directs-albanais-aroumains-etc\/#breadcrumb\",\"itemListElement\":[{\"@type\":\"ListItem\",\"position\":1,\"name\":\"Home\",\"item\":\"http:\/\/www.armanami.org\/blog\/\"},{\"@type\":\"ListItem\",\"position\":2,\"name\":\"Les P\u00e9lasges et leurs descendants : albanais, aroumains, etc.\"}]},{\"@type\":\"WebSite\",\"@id\":\"http:\/\/www.armanami.org\/blog\/#website\",\"url\":\"http:\/\/www.armanami.org\/blog\/\",\"name\":\"TRA ARMANAMI\",\"description\":\"Habari di la armanj luati sh&#039;la armanj dati\",\"potentialAction\":[{\"@type\":\"SearchAction\",\"target\":{\"@type\":\"EntryPoint\",\"urlTemplate\":\"http:\/\/www.armanami.org\/blog\/?s={search_term_string}\"},\"query-input\":{\"@type\":\"PropertyValueSpecification\",\"valueRequired\":true,\"valueName\":\"search_term_string\"}}],\"inLanguage\":\"en-US\"},{\"@type\":\"Person\",\"@id\":\"http:\/\/www.armanami.org\/blog\/#\/schema\/person\/ad77560a1599935b2285ac8a40e4cf91\",\"name\":\"Editeur\",\"image\":{\"@type\":\"ImageObject\",\"inLanguage\":\"en-US\",\"@id\":\"http:\/\/www.armanami.org\/blog\/#\/schema\/person\/image\/\",\"url\":\"https:\/\/secure.gravatar.com\/avatar\/761ad11672a7683bd0716727a6d2194cdbca97ae70d1f58d1e090e55c4007ae7?s=96&d=mm&r=g\",\"contentUrl\":\"https:\/\/secure.gravatar.com\/avatar\/761ad11672a7683bd0716727a6d2194cdbca97ae70d1f58d1e090e55c4007ae7?s=96&d=mm&r=g\",\"caption\":\"Editeur\"},\"url\":\"http:\/\/www.armanami.org\/blog\/author\/editeur\/\"}]}<\/script>\n<!-- \/ Yoast SEO plugin. -->","yoast_head_json":{"title":"Les P\u00e9lasges et leurs descendants : albanais, aroumains, etc. - TRA ARMANAMI","robots":{"index":"index","follow":"follow","max-snippet":"max-snippet:-1","max-image-preview":"max-image-preview:large","max-video-preview":"max-video-preview:-1"},"canonical":"http:\/\/www.armanami.org\/blog\/les-pelasges-et-leurs-descendants-directs-albanais-aroumains-etc\/","og_locale":"en_US","og_type":"article","og_title":"Les P\u00e9lasges et leurs descendants : albanais, aroumains, etc. - TRA ARMANAMI","og_description":"Voici une excellente \u00e9mission sur la Radio-T\u00e9l\u00e9vision Suisse \u00e0 propos du site antique Apollonia, situ\u00e9 pr\u00e8s de Fier, Fearica en aroumain. Son titre, tout un programme&nbsp;: \u00ab&nbsp;L\u2019Arch\u00e9ologie, science des identit\u00e9s plurielle&nbsp;\u00bb. Elle a \u00e9t\u00e9 pr\u00e9par\u00e9e par Louis Seiller, et les Aroumains pourraient trouver quelques points communs avec les Albanais \u00e0 propos du mythe autochtone notamment\u2026","og_url":"http:\/\/www.armanami.org\/blog\/les-pelasges-et-leurs-descendants-directs-albanais-aroumains-etc\/","og_site_name":"TRA ARMANAMI","article_published_time":"2020-04-14T11:11:01+00:00","article_modified_time":"2020-06-01T14:50:11+00:00","og_image":[{"url":"http:\/\/www.armanami.org\/blog\/wp-content\/uploads\/2020\/04\/pela3-1.png","type":"","width":"","height":""}],"author":"Editeur","twitter_card":"summary_large_image","twitter_misc":{"Written by":"Editeur","Est. reading time":"2 minutes"},"schema":{"@context":"https:\/\/schema.org","@graph":[{"@type":"WebPage","@id":"http:\/\/www.armanami.org\/blog\/les-pelasges-et-leurs-descendants-directs-albanais-aroumains-etc\/","url":"http:\/\/www.armanami.org\/blog\/les-pelasges-et-leurs-descendants-directs-albanais-aroumains-etc\/","name":"Les P\u00e9lasges et leurs descendants : albanais, aroumains, etc. - TRA ARMANAMI","isPartOf":{"@id":"http:\/\/www.armanami.org\/blog\/#website"},"primaryImageOfPage":{"@id":"http:\/\/www.armanami.org\/blog\/les-pelasges-et-leurs-descendants-directs-albanais-aroumains-etc\/#primaryimage"},"image":{"@id":"http:\/\/www.armanami.org\/blog\/les-pelasges-et-leurs-descendants-directs-albanais-aroumains-etc\/#primaryimage"},"thumbnailUrl":"http:\/\/www.armanami.org\/blog\/wp-content\/uploads\/2020\/04\/pela3-1.png","datePublished":"2020-04-14T11:11:01+00:00","dateModified":"2020-06-01T14:50:11+00:00","author":{"@id":"http:\/\/www.armanami.org\/blog\/#\/schema\/person\/ad77560a1599935b2285ac8a40e4cf91"},"breadcrumb":{"@id":"http:\/\/www.armanami.org\/blog\/les-pelasges-et-leurs-descendants-directs-albanais-aroumains-etc\/#breadcrumb"},"inLanguage":"en-US","potentialAction":[{"@type":"ReadAction","target":["http:\/\/www.armanami.org\/blog\/les-pelasges-et-leurs-descendants-directs-albanais-aroumains-etc\/"]}]},{"@type":"ImageObject","inLanguage":"en-US","@id":"http:\/\/www.armanami.org\/blog\/les-pelasges-et-leurs-descendants-directs-albanais-aroumains-etc\/#primaryimage","url":"http:\/\/www.armanami.org\/blog\/wp-content\/uploads\/2020\/04\/pela3-1.png","contentUrl":"http:\/\/www.armanami.org\/blog\/wp-content\/uploads\/2020\/04\/pela3-1.png","width":400,"height":156},{"@type":"BreadcrumbList","@id":"http:\/\/www.armanami.org\/blog\/les-pelasges-et-leurs-descendants-directs-albanais-aroumains-etc\/#breadcrumb","itemListElement":[{"@type":"ListItem","position":1,"name":"Home","item":"http:\/\/www.armanami.org\/blog\/"},{"@type":"ListItem","position":2,"name":"Les P\u00e9lasges et leurs descendants : albanais, aroumains, etc."}]},{"@type":"WebSite","@id":"http:\/\/www.armanami.org\/blog\/#website","url":"http:\/\/www.armanami.org\/blog\/","name":"TRA ARMANAMI","description":"Habari di la armanj luati sh&#039;la armanj dati","potentialAction":[{"@type":"SearchAction","target":{"@type":"EntryPoint","urlTemplate":"http:\/\/www.armanami.org\/blog\/?s={search_term_string}"},"query-input":{"@type":"PropertyValueSpecification","valueRequired":true,"valueName":"search_term_string"}}],"inLanguage":"en-US"},{"@type":"Person","@id":"http:\/\/www.armanami.org\/blog\/#\/schema\/person\/ad77560a1599935b2285ac8a40e4cf91","name":"Editeur","image":{"@type":"ImageObject","inLanguage":"en-US","@id":"http:\/\/www.armanami.org\/blog\/#\/schema\/person\/image\/","url":"https:\/\/secure.gravatar.com\/avatar\/761ad11672a7683bd0716727a6d2194cdbca97ae70d1f58d1e090e55c4007ae7?s=96&d=mm&r=g","contentUrl":"https:\/\/secure.gravatar.com\/avatar\/761ad11672a7683bd0716727a6d2194cdbca97ae70d1f58d1e090e55c4007ae7?s=96&d=mm&r=g","caption":"Editeur"},"url":"http:\/\/www.armanami.org\/blog\/author\/editeur\/"}]}},"_links":{"self":[{"href":"http:\/\/www.armanami.org\/blog\/wp-json\/wp\/v2\/posts\/2227","targetHints":{"allow":["GET"]}}],"collection":[{"href":"http:\/\/www.armanami.org\/blog\/wp-json\/wp\/v2\/posts"}],"about":[{"href":"http:\/\/www.armanami.org\/blog\/wp-json\/wp\/v2\/types\/post"}],"author":[{"embeddable":true,"href":"http:\/\/www.armanami.org\/blog\/wp-json\/wp\/v2\/users\/4"}],"replies":[{"embeddable":true,"href":"http:\/\/www.armanami.org\/blog\/wp-json\/wp\/v2\/comments?post=2227"}],"version-history":[{"count":6,"href":"http:\/\/www.armanami.org\/blog\/wp-json\/wp\/v2\/posts\/2227\/revisions"}],"predecessor-version":[{"id":2236,"href":"http:\/\/www.armanami.org\/blog\/wp-json\/wp\/v2\/posts\/2227\/revisions\/2236"}],"wp:attachment":[{"href":"http:\/\/www.armanami.org\/blog\/wp-json\/wp\/v2\/media?parent=2227"}],"wp:term":[{"taxonomy":"category","embeddable":true,"href":"http:\/\/www.armanami.org\/blog\/wp-json\/wp\/v2\/categories?post=2227"},{"taxonomy":"post_tag","embeddable":true,"href":"http:\/\/www.armanami.org\/blog\/wp-json\/wp\/v2\/tags?post=2227"}],"curies":[{"name":"wp","href":"https:\/\/api.w.org\/{rel}","templated":true}]}}