{"id":1106,"date":"2017-10-30T12:17:27","date_gmt":"2017-10-30T11:17:27","guid":{"rendered":"http:\/\/www.armanami.org\/blog\/?p=1106"},"modified":"2017-10-30T12:19:53","modified_gmt":"2017-10-30T11:19:53","slug":"venizelos-si-vaida-voevod-despre-repatrierea-armanilor-1920","status":"publish","type":"post","link":"http:\/\/www.armanami.org\/blog\/venizelos-si-vaida-voevod-despre-repatrierea-armanilor-1920\/","title":{"rendered":"Venizelos \u015fi Vaida-Voevod despre \u00ab\u00a0repatrierea\u00a0\u00bb arm\u00e2nilor din Grecia (1920)"},"content":{"rendered":"<p><strong>Chiar \u00eenainte de a fi pus\u0103 \u00een aplicare cu ocazia colonizarii arm\u00e2nilor \u00een Cadrilater (1925-1932), solu\u0163ia \u00ab\u00a0repatrierii\u00a0\u00bb \u00een Rom\u00e2nia a arm\u00e2nilor din Grecia avea agrementul at\u00e2t al statului roman c\u00e2t \u015fi al statului elen, sugereaz\u0103 discu\u0163iile purtate de premierul grec Venizelos cu Vaida-Voevod la \u00eenceputul anului 1920 raportate de omul politic rom\u00e2n \u00een <em>Memorile<\/em> sale.<\/strong><br \/>\n<!--more--><\/p>\n<p>Cine a decis colonizarea arm\u00e2nilor \u00een Cadrilaterului\u00a0?<\/p>\n<p>Deseori se pune accentul \u00een Rom\u00e2nia pe rolul jucat de unii frunta\u015fi arm\u00e2ni, motiva\u0163i de discrimin\u0103rile suferite pe plan politic de semenii lor cu sim\u0163\u0103minte na\u0163ionale pro-rom\u00e2ne\u015fti sau reticen\u0163i fa\u0163\u0103 de na\u0163ionalismul tot mai agresiv grec, bulgar, s\u00e2rbesc, etc., pe de o parte, \u015fi de presiunile economice consecutive schimburilor de popula\u0163ie de dup\u0103 primul r\u0103zboi mondial dup\u0103 instalarea cre\u015ftinilor de rit grec din Turcia \u00een regiuni precum Macedonia locuite de arm\u00e2ni, pe de alta parte. Incontestabile, aceste discrimin\u0103ri \u015fi presiuni au jucat totu\u015fi un rol limitat \u015fi nu trebuie pierdut din vedere c\u0103 doar o mic\u0103 parte dintre arm\u00e2ni a plecat cu aceast\u0103 ocazie, \u015fi nu to\u0163i din acelea\u015fi motive.<\/p>\n<p>S-a vorbit mai pu\u0163in \u00een schimb despre rolul oamenilor politici rom\u00e2ni \u00een decizia privind venirea coloni\u015ftilor arm\u00e2ni. Documentul care urmeaz\u0103 con\u0163ine dou\u0103 indica\u0163ii pre\u0163ioase. Pe de o parte, oamenii politici rom\u00e2ni p\u0103reau a fi con\u015ftien\u0163i de responsabilitatea lor \u00een abandonarea de c\u0103tre statul rom\u00e2n a exigen\u0163elor sale privind respectul drepturilor culturale \u015fi politice ale arm\u00e2nilor din statele balcanice cu ocazia semn\u0103rii Tratatului de pace de la Bucure\u015fti \u00een august 1913. Mai mult dec\u00e2t at\u00e2t, ei aveau mai de mult \u00een vedere ideea unei \u00ab\u00a0solu\u0163ii\u00a0\u00bb a problemei macedo-rom\u00e2ne prin organizarea unei eventuale \u00ab\u00a0repatrieri\u00a0\u00bb a arm\u00e2nilor care o doreau. Pe de alt\u0103 parte, \u015fi acest aspect este rar abordat, statul grecesc nu era neap\u0103rat ostil unei solu\u0163ii de acest tip. \u00cen alte cuvinte, chiar \u00eenainte de a fi pus\u0103 \u00een aplicare cu ocazia colonizarii arm\u00e2nilor \u00een Cadrilater (1925-1932), solu\u0163ia \u00ab\u00a0repatrierii\u00a0\u00bb convenea celor dou\u0103 p\u0103r\u0163i care erau doritoare \u00een aceea\u015fi m\u0103sur\u0103 de stabilirea unor rela\u0163ii echilibrate \u00eentre statul rom\u00e2n \u015fi elen.<\/p>\n<p>Pasajul care urmeaz\u0103 este extras din <em>Memorile<\/em> lui Alexandru Vaida-Voevod (1872-1950)<a href=\"#_ftn1\" name=\"_ftnref1\">[1]<\/a>. Prim ministru \u00eentre decembrie 1919 \u015fi martie 1920, a venit \u00een mai multe r\u00e2nduri la Paris \u015fi la Londra pentru a semna Tratatele de pace si Tratatul Minorit\u0103\u0163ilor. Cu aceast\u0103 ocazie el l-a \u00eent\u00e2lnit pe premierul grec Elefterios Venizelos (1864-1936). Considerat drept fondatorul Greciei moderne, acesta fusese cosemnatar al Tratatului semnat la Bucure\u015fti \u00een august 1913. \u00cent\u00e2lnirea a avut probabil loc \u00een ianuarie-februarie 1920, data exact\u0103 nefiind precizat\u0103 de autorul memorilor.<\/p>\n<blockquote><p>&#8220;\u2026Problema macedo-rom\u00e2n\u0103 era pe cale bun\u0103 s\u0103 fie rezolvat\u0103 satisf\u0103c\u0103tor. Venizelos sosind la Londra, m\u0103 vizit\u0103. Dup\u0103 ce s-au discutat diverse chestiuni de actualitate am deschis conversatia asupra macedo-rom\u00e2nilor. Voi c\u0103uta s\u0103 redau, c\u00e2t mai fidel, dialogul nostru\u00a0:<\/p>\n<p>&#8211; Cum D-voastr\u0103 repatria\u0163i grecii refugia\u0163i \u015fi astfel p\u0103\u015funile din Valea Vardarului nu vor mai putea fi folosite de turmele macedo-rom\u00e2nilor, comune \u00eentregi de-ale con\u0163ionalilor no\u015ftri caut\u0103 s\u0103 fie colonizate \u00een Rom\u00e2nia. Pe de alt\u0103 parte, tran\u015feele din r\u0103zboi au trecut, de multe ori, astfel \u00eenc\u00e2t popula\u0163iei satelor a fost silit\u0103 s\u0103 plece. Si, din aceasta, o parte dore\u015fte s\u0103 se stabilasc\u0103 la noi \u00een \u0163ar\u0103.<\/p>\n<p>Mi-a\u015f permite s\u0103 V\u0103 fac o propunere concret\u0103 ca baz\u0103 de discu\u0163ie, pentru definitiva aranjare a problemei macedo-rom\u00e2ne. Cred c\u0103 este \u00een interesul ambelor \u0163\u0103ri \u015fi na\u0163iuni ca acest singur litigiu vechi \u015fi dureros s\u0103 fie rezolvat definitiv. \u00cen acest scop s\u0103 se instituie o comisie greco-rom\u00e2n\u0103 pentru evaluarea averilor acelora care ar dori s\u0103 imigreze la noi spre a fi desp\u0103guvi\u0163i de statul rom\u00e2n. Statul grec nu va avea de a face cu particularii emigra\u0163i ci ar face decontarea cu statul rom\u00e2n.<\/p>\n<p>Aceia \u00eens\u0103 dintre macedo-rom\u00e2ni care nu ar dori s\u0103 se repatrieze, s\u0103 primeasc\u0103 dreptul de a-\u015fi sus\u0163ine \u015fcoli \u015fi biserici, \u015fi de a beneficia de limba lor, chiar \u00een dezbaterile Consiliului comunal. Aceste drepturi ne-au fost recunoscute de guvernele ostile din Ungaria chiar \u015fi \u00een timpul celui mai exagerat \u015fovinism<a href=\"#_ftn2\" name=\"_ftnref2\">[2]<\/a>. (Aceasta a fost esen\u0163a expunerii mele, ilustrat\u0103 cu invoc\u0103ri \u015fi exemple.)<\/p>\n<p>&#8211; Sunt de acord cu D-ta c\u0103 trebuie s\u0103 aranj\u0103m chestia cu\u0163o-valah\u0103. Am impresia c\u0103 propunerea D-tale ofer\u0103 posibilitatea s\u0103 o traducem \u00een practic\u0103. \u00centrebuin\u0163area ca limb\u0103 de instruc\u0163ie, \u00een \u015fcolile primare, am admis-o \u015fi \u00een trecut. Nu \u00een\u0163eleg chestia cu limba de dezbatere \u00een Consiliul comunal.<\/p>\n<p>&#8211; Vorbind \u00eentre ei \u015fi \u00een limba lor, e firesc s\u0103 dezbat\u0103 agendele comunale tot \u00een aceast\u0103 limb\u0103 \u00een care se pot exprima mai precis. Procesele verbale \u015fi actele pentru aurtorit\u0103\u0163ile superioare s-ar redacta \u00een limba greac\u0103.<\/p>\n<p>&#8211; Aceasta s-ar putea admite, \u00een fine, sunt convins c\u0103 vom g\u0103si solu\u0163ia, de\u015fi, s\u0103-\u0163i m\u0103rturisesc, a\u015f regreta foarte mult emigrarea cu\u0163o-valahilor. E un popor deosebit de talentat. Ei au dat Greciei o mul\u0163ime de arti\u015fti, comercian\u0163i, industria\u015fi de frunte. Apoi avoca\u0163i, medici \u015fi al\u0163i intelectuali distin\u015fi. Dintre b\u0103rba\u0163ii no\u015ftri politici \u015fi dintre membrii corpului diplomatic grec, sunt mul\u0163i in\u015fi de origine cu\u0163o-valah\u0103.. De exemplu \u015fi dintre cei mai eminen\u0163i colaboratori ai mei sunt cu\u0163o-valahi (a \u00een\u015firat mai multe nume dintre care mie abia unu-doi \u00eemi erau cunoscu\u0163i.) Emigr\u00e2nd neamurile lor, Grecia ar suferi o real\u0103 pierdere\u00a0pe viitor\u00a0; totu\u015fi va trebui s\u0103 ajungem la o o \u00een\u0163elegere. Oric\u00e2t a\u015f regreta, m\u0103 consolez cu faptul c\u0103 \u00eentre Rom\u00e2nia \u015fi Grecia a existat \u015fi \u00een trecut o o reciprocitate \u00een privin\u0163a asta. Noi am beneficiat, \u00een via\u0163a de stat, de energiile \u015fi priceperile cu\u0163o-valahilor, la D-voastr\u0103 \u00een schimb, au fost asimila\u0163i nenum\u0103ra\u0163i greci. \u00centre al\u0163ii, membrii corpului D-voastr\u0103 diplomatic sunt \u00een majoritate de origine greac\u0103.\u00a0: Pherekydes, Diamandy, Germany, Philodor, Myrilenys, etc. Asa ne-am compensat reciproc\u2026<\/p><\/blockquote>\n<p><strong>Nicolas Trifon,\u00a0<\/strong><strong>octombrie 2017<\/strong><\/p>\n<p><a href=\"#_ftnref1\" name=\"_ftn1\">[1]<\/a> Alexandru Vaida Voevod, <em>Memorii<\/em>, vol. II, ed. Alexandru Serban, Editura Dacia, Cluj-Napoca, 1995, p. 70-71.<\/p>\n<p><a href=\"#_ftnref2\" name=\"_ftn2\">[2]<\/a> Membru al Partidului na\u0163ional rom\u00e2n, A. Vaida-Voevod a fost deputat \u00een Parlamentul de la Budapesta \u00eentre 1905 \u015fi 1918.<\/p>\n","protected":false},"excerpt":{"rendered":"<p>Chiar \u00eenainte de a fi pus\u0103 \u00een aplicare cu ocazia colonizarii arm\u00e2nilor \u00een Cadrilater (1925-1932), solu\u0163ia \u00ab\u00a0repatrierii\u00a0\u00bb \u00een Rom\u00e2nia a arm\u00e2nilor din Grecia avea agrementul at\u00e2t al statului roman c\u00e2t \u015fi al statului elen, sugereaz\u0103 discu\u0163iile purtate de premierul grec Venizelos cu Vaida-Voevod la \u00eenceputul anului 1920 raportate de omul politic rom\u00e2n \u00een Memorile sale.<\/p>\n","protected":false},"author":4,"featured_media":0,"comment_status":"open","ping_status":"open","sticky":false,"template":"","format":"standard","meta":{"_monsterinsights_skip_tracking":false,"_monsterinsights_sitenote_active":false,"_monsterinsights_sitenote_note":"","_monsterinsights_sitenote_category":0,"footnotes":""},"categories":[3],"tags":[],"class_list":["post-1106","post","type-post","status-publish","format-standard","hentry","category-habari-news"],"yoast_head":"<!-- This site is optimized with the Yoast SEO plugin v25.4 - https:\/\/yoast.com\/wordpress\/plugins\/seo\/ -->\n<title>Venizelos \u015fi Vaida-Voevod despre \u00ab\u00a0repatrierea\u00a0\u00bb arm\u00e2nilor din Grecia (1920) - TRA ARMANAMI<\/title>\n<meta name=\"robots\" content=\"index, follow, max-snippet:-1, max-image-preview:large, max-video-preview:-1\" \/>\n<link rel=\"canonical\" href=\"http:\/\/www.armanami.org\/blog\/venizelos-si-vaida-voevod-despre-repatrierea-armanilor-1920\/\" \/>\n<meta property=\"og:locale\" content=\"en_US\" \/>\n<meta property=\"og:type\" content=\"article\" \/>\n<meta property=\"og:title\" content=\"Venizelos \u015fi Vaida-Voevod despre \u00ab\u00a0repatrierea\u00a0\u00bb arm\u00e2nilor din Grecia (1920) - TRA ARMANAMI\" \/>\n<meta property=\"og:description\" content=\"Chiar \u00eenainte de a fi pus\u0103 \u00een aplicare cu ocazia colonizarii arm\u00e2nilor \u00een Cadrilater (1925-1932), solu\u0163ia \u00ab\u00a0repatrierii\u00a0\u00bb \u00een Rom\u00e2nia a arm\u00e2nilor din Grecia avea agrementul at\u00e2t al statului roman c\u00e2t \u015fi al statului elen, sugereaz\u0103 discu\u0163iile purtate de premierul grec Venizelos cu Vaida-Voevod la \u00eenceputul anului 1920 raportate de omul politic rom\u00e2n \u00een Memorile sale.\" \/>\n<meta property=\"og:url\" content=\"http:\/\/www.armanami.org\/blog\/venizelos-si-vaida-voevod-despre-repatrierea-armanilor-1920\/\" \/>\n<meta property=\"og:site_name\" content=\"TRA ARMANAMI\" \/>\n<meta property=\"article:published_time\" content=\"2017-10-30T11:17:27+00:00\" \/>\n<meta property=\"article:modified_time\" content=\"2017-10-30T11:19:53+00:00\" \/>\n<meta name=\"author\" content=\"Editeur\" \/>\n<meta name=\"twitter:card\" content=\"summary_large_image\" \/>\n<meta name=\"twitter:label1\" content=\"Written by\" \/>\n\t<meta name=\"twitter:data1\" content=\"Editeur\" \/>\n\t<meta name=\"twitter:label2\" content=\"Est. reading time\" \/>\n\t<meta name=\"twitter:data2\" content=\"5 minutes\" \/>\n<script type=\"application\/ld+json\" class=\"yoast-schema-graph\">{\"@context\":\"https:\/\/schema.org\",\"@graph\":[{\"@type\":\"WebPage\",\"@id\":\"http:\/\/www.armanami.org\/blog\/venizelos-si-vaida-voevod-despre-repatrierea-armanilor-1920\/\",\"url\":\"http:\/\/www.armanami.org\/blog\/venizelos-si-vaida-voevod-despre-repatrierea-armanilor-1920\/\",\"name\":\"Venizelos \u015fi Vaida-Voevod despre \u00ab\u00a0repatrierea\u00a0\u00bb arm\u00e2nilor din Grecia (1920) - TRA ARMANAMI\",\"isPartOf\":{\"@id\":\"http:\/\/www.armanami.org\/blog\/#website\"},\"datePublished\":\"2017-10-30T11:17:27+00:00\",\"dateModified\":\"2017-10-30T11:19:53+00:00\",\"author\":{\"@id\":\"http:\/\/www.armanami.org\/blog\/#\/schema\/person\/ad77560a1599935b2285ac8a40e4cf91\"},\"breadcrumb\":{\"@id\":\"http:\/\/www.armanami.org\/blog\/venizelos-si-vaida-voevod-despre-repatrierea-armanilor-1920\/#breadcrumb\"},\"inLanguage\":\"en-US\",\"potentialAction\":[{\"@type\":\"ReadAction\",\"target\":[\"http:\/\/www.armanami.org\/blog\/venizelos-si-vaida-voevod-despre-repatrierea-armanilor-1920\/\"]}]},{\"@type\":\"BreadcrumbList\",\"@id\":\"http:\/\/www.armanami.org\/blog\/venizelos-si-vaida-voevod-despre-repatrierea-armanilor-1920\/#breadcrumb\",\"itemListElement\":[{\"@type\":\"ListItem\",\"position\":1,\"name\":\"Home\",\"item\":\"http:\/\/www.armanami.org\/blog\/\"},{\"@type\":\"ListItem\",\"position\":2,\"name\":\"Venizelos \u015fi Vaida-Voevod despre \u00ab\u00a0repatrierea\u00a0\u00bb arm\u00e2nilor din Grecia (1920)\"}]},{\"@type\":\"WebSite\",\"@id\":\"http:\/\/www.armanami.org\/blog\/#website\",\"url\":\"http:\/\/www.armanami.org\/blog\/\",\"name\":\"TRA ARMANAMI\",\"description\":\"Habari di la armanj luati sh&#039;la armanj dati\",\"potentialAction\":[{\"@type\":\"SearchAction\",\"target\":{\"@type\":\"EntryPoint\",\"urlTemplate\":\"http:\/\/www.armanami.org\/blog\/?s={search_term_string}\"},\"query-input\":{\"@type\":\"PropertyValueSpecification\",\"valueRequired\":true,\"valueName\":\"search_term_string\"}}],\"inLanguage\":\"en-US\"},{\"@type\":\"Person\",\"@id\":\"http:\/\/www.armanami.org\/blog\/#\/schema\/person\/ad77560a1599935b2285ac8a40e4cf91\",\"name\":\"Editeur\",\"image\":{\"@type\":\"ImageObject\",\"inLanguage\":\"en-US\",\"@id\":\"http:\/\/www.armanami.org\/blog\/#\/schema\/person\/image\/\",\"url\":\"https:\/\/secure.gravatar.com\/avatar\/761ad11672a7683bd0716727a6d2194cdbca97ae70d1f58d1e090e55c4007ae7?s=96&d=mm&r=g\",\"contentUrl\":\"https:\/\/secure.gravatar.com\/avatar\/761ad11672a7683bd0716727a6d2194cdbca97ae70d1f58d1e090e55c4007ae7?s=96&d=mm&r=g\",\"caption\":\"Editeur\"},\"url\":\"http:\/\/www.armanami.org\/blog\/author\/editeur\/\"}]}<\/script>\n<!-- \/ Yoast SEO plugin. -->","yoast_head_json":{"title":"Venizelos \u015fi Vaida-Voevod despre \u00ab\u00a0repatrierea\u00a0\u00bb arm\u00e2nilor din Grecia (1920) - TRA ARMANAMI","robots":{"index":"index","follow":"follow","max-snippet":"max-snippet:-1","max-image-preview":"max-image-preview:large","max-video-preview":"max-video-preview:-1"},"canonical":"http:\/\/www.armanami.org\/blog\/venizelos-si-vaida-voevod-despre-repatrierea-armanilor-1920\/","og_locale":"en_US","og_type":"article","og_title":"Venizelos \u015fi Vaida-Voevod despre \u00ab\u00a0repatrierea\u00a0\u00bb arm\u00e2nilor din Grecia (1920) - TRA ARMANAMI","og_description":"Chiar \u00eenainte de a fi pus\u0103 \u00een aplicare cu ocazia colonizarii arm\u00e2nilor \u00een Cadrilater (1925-1932), solu\u0163ia \u00ab\u00a0repatrierii\u00a0\u00bb \u00een Rom\u00e2nia a arm\u00e2nilor din Grecia avea agrementul at\u00e2t al statului roman c\u00e2t \u015fi al statului elen, sugereaz\u0103 discu\u0163iile purtate de premierul grec Venizelos cu Vaida-Voevod la \u00eenceputul anului 1920 raportate de omul politic rom\u00e2n \u00een Memorile sale.","og_url":"http:\/\/www.armanami.org\/blog\/venizelos-si-vaida-voevod-despre-repatrierea-armanilor-1920\/","og_site_name":"TRA ARMANAMI","article_published_time":"2017-10-30T11:17:27+00:00","article_modified_time":"2017-10-30T11:19:53+00:00","author":"Editeur","twitter_card":"summary_large_image","twitter_misc":{"Written by":"Editeur","Est. reading time":"5 minutes"},"schema":{"@context":"https:\/\/schema.org","@graph":[{"@type":"WebPage","@id":"http:\/\/www.armanami.org\/blog\/venizelos-si-vaida-voevod-despre-repatrierea-armanilor-1920\/","url":"http:\/\/www.armanami.org\/blog\/venizelos-si-vaida-voevod-despre-repatrierea-armanilor-1920\/","name":"Venizelos \u015fi Vaida-Voevod despre \u00ab\u00a0repatrierea\u00a0\u00bb arm\u00e2nilor din Grecia (1920) - TRA ARMANAMI","isPartOf":{"@id":"http:\/\/www.armanami.org\/blog\/#website"},"datePublished":"2017-10-30T11:17:27+00:00","dateModified":"2017-10-30T11:19:53+00:00","author":{"@id":"http:\/\/www.armanami.org\/blog\/#\/schema\/person\/ad77560a1599935b2285ac8a40e4cf91"},"breadcrumb":{"@id":"http:\/\/www.armanami.org\/blog\/venizelos-si-vaida-voevod-despre-repatrierea-armanilor-1920\/#breadcrumb"},"inLanguage":"en-US","potentialAction":[{"@type":"ReadAction","target":["http:\/\/www.armanami.org\/blog\/venizelos-si-vaida-voevod-despre-repatrierea-armanilor-1920\/"]}]},{"@type":"BreadcrumbList","@id":"http:\/\/www.armanami.org\/blog\/venizelos-si-vaida-voevod-despre-repatrierea-armanilor-1920\/#breadcrumb","itemListElement":[{"@type":"ListItem","position":1,"name":"Home","item":"http:\/\/www.armanami.org\/blog\/"},{"@type":"ListItem","position":2,"name":"Venizelos \u015fi Vaida-Voevod despre \u00ab\u00a0repatrierea\u00a0\u00bb arm\u00e2nilor din Grecia (1920)"}]},{"@type":"WebSite","@id":"http:\/\/www.armanami.org\/blog\/#website","url":"http:\/\/www.armanami.org\/blog\/","name":"TRA ARMANAMI","description":"Habari di la armanj luati sh&#039;la armanj dati","potentialAction":[{"@type":"SearchAction","target":{"@type":"EntryPoint","urlTemplate":"http:\/\/www.armanami.org\/blog\/?s={search_term_string}"},"query-input":{"@type":"PropertyValueSpecification","valueRequired":true,"valueName":"search_term_string"}}],"inLanguage":"en-US"},{"@type":"Person","@id":"http:\/\/www.armanami.org\/blog\/#\/schema\/person\/ad77560a1599935b2285ac8a40e4cf91","name":"Editeur","image":{"@type":"ImageObject","inLanguage":"en-US","@id":"http:\/\/www.armanami.org\/blog\/#\/schema\/person\/image\/","url":"https:\/\/secure.gravatar.com\/avatar\/761ad11672a7683bd0716727a6d2194cdbca97ae70d1f58d1e090e55c4007ae7?s=96&d=mm&r=g","contentUrl":"https:\/\/secure.gravatar.com\/avatar\/761ad11672a7683bd0716727a6d2194cdbca97ae70d1f58d1e090e55c4007ae7?s=96&d=mm&r=g","caption":"Editeur"},"url":"http:\/\/www.armanami.org\/blog\/author\/editeur\/"}]}},"_links":{"self":[{"href":"http:\/\/www.armanami.org\/blog\/wp-json\/wp\/v2\/posts\/1106","targetHints":{"allow":["GET"]}}],"collection":[{"href":"http:\/\/www.armanami.org\/blog\/wp-json\/wp\/v2\/posts"}],"about":[{"href":"http:\/\/www.armanami.org\/blog\/wp-json\/wp\/v2\/types\/post"}],"author":[{"embeddable":true,"href":"http:\/\/www.armanami.org\/blog\/wp-json\/wp\/v2\/users\/4"}],"replies":[{"embeddable":true,"href":"http:\/\/www.armanami.org\/blog\/wp-json\/wp\/v2\/comments?post=1106"}],"version-history":[{"count":2,"href":"http:\/\/www.armanami.org\/blog\/wp-json\/wp\/v2\/posts\/1106\/revisions"}],"predecessor-version":[{"id":1108,"href":"http:\/\/www.armanami.org\/blog\/wp-json\/wp\/v2\/posts\/1106\/revisions\/1108"}],"wp:attachment":[{"href":"http:\/\/www.armanami.org\/blog\/wp-json\/wp\/v2\/media?parent=1106"}],"wp:term":[{"taxonomy":"category","embeddable":true,"href":"http:\/\/www.armanami.org\/blog\/wp-json\/wp\/v2\/categories?post=1106"},{"taxonomy":"post_tag","embeddable":true,"href":"http:\/\/www.armanami.org\/blog\/wp-json\/wp\/v2\/tags?post=1106"}],"curies":[{"name":"wp","href":"https:\/\/api.w.org\/{rel}","templated":true}]}}