{"id":1098,"date":"2017-10-18T13:43:29","date_gmt":"2017-10-18T12:43:29","guid":{"rendered":"http:\/\/www.armanami.org\/blog\/?p=1098"},"modified":"2017-10-18T13:58:08","modified_gmt":"2017-10-18T12:58:08","slug":"noi-armanjlii-n-a-n-nu-himu-macedoneni-noi-him-vlahi","status":"publish","type":"post","link":"http:\/\/www.armanami.org\/blog\/noi-armanjlii-n-a-n-nu-himu-macedoneni-noi-him-vlahi\/","title":{"rendered":"\u201cNoi (Arm\u00e2njlii n.a n.) nu him\u016f macedoneni, noi him vlahi!\u201d"},"content":{"rendered":"<p><strong>Apandisi ti Minduearea trifonist\u00e2 (al Tacu Piceava, 13 brumar 13 h 08)<\/strong><\/p>\n<p>\u201cNoi (Arm\u00e2njlii n.a n.) nu him\u016f macedoneni, noi him vlahi!\u201d\u00a0: nu shtiu di yu u ascuseshi aest\u00e2, nu am dz\u00e2s\u00e2 ahtari zbor can\u00e2 oar\u00e2 tu bana mea.<\/p>\n<p>Eljli \u00eeshi dz\u00e2cu c\u00e2 suntu arm\u00e2nji ic\u00e2 rr\u00e2m\u00e2ni. \u00a0<!--more--><\/p>\n<p>Ti alants\u00e2 eljli suntu vlahi (ti gretsi, slavi, etc.), macedoneni (ti rom\u00e2ni) shi tsintsari (ti s\u00e2rghi).<\/p>\n<p>Fand\u00e2ziili ti antichitati shi securishti ditu kirolu a comunismului nu potu s\u00e2 al\u00e2xeasc\u00e2 aest\u00e2 videare\u00a0!<\/p>\n<p>Nicolas Trifon<\/p>\n<p><em>18 brumar 14 h 17<\/em><\/p>\n<p>&nbsp;<\/p>\n<p>[Nu am spus niciodat\u0103\u00a0: \u00ab\u00a0Arm\u00e2ni nu sunt macedoneni ci vlahi\u00a0\u00bb. Nu \u015ftiu de unde ai scos a\u015fa ceva.<\/p>\n<p>Am spus\u00a0: \u00ab\u00a0Ei \u00ee\u015fi zic, deci sunt, arm\u00e2ni sau rr\u00e2m\u00e2ni. Pentru ceilal\u0163i, \u00een schimb, arm\u00e2nii sunt vlahi (pentru slavi, greci\u2026) sau macedoneni (pentru rom\u00e2ni) sau \u0163in\u0163ari (pentru s\u00e2rbi)\u00a0\u00bb.<\/p>\n<p>Fanteziile despre antichitate \u015fi comuni\u015ftii din perioada comunist\u0103 nu au cum s\u0103 schimbe aceste eviden\u0163e.]<\/p>\n<p>&nbsp;<\/p>\n<p><strong>MINDUEARI TRIFONIST\u00c2<\/strong><\/p>\n<p>Motto: Lig\u00e2tura noast\u00ee cu Alexandru easti di c\u0103t\u00ee mama lui Olimpia. Noi nu him macedoneni, noi him vlahi ! N. Biki<\/p>\n<p>Aest\u00e2 pseft\u00e2 teorii, cum\u016f c\u00e2: \u201cNoi (Arm\u00e2njilji n.a n.) nu him\u016f macedoneni, noi him vlahi!\u201d nu easti di tora, ashi cum\u016f u spun\u016f \u201cTrifonishts\u00e2lji\u201d, mea di multu kiro. Idyea theorii u ndrupa shi securishts\u00e2lji dit\u016f kirolu a comunismolui shi u ndrup\u0103scu sh-tora prit\u016f codzlji a lor\u016f di t\u00e2poar\u00e2. Prit\u016f aest\u00e2 theorii l\u00e2 si fatsi kefea a V\u00e2ryarlor\u016f, a\u00a0Arbineshlor, a Gretslor\u016f shi sigura, a Rom\u00e2njilor\u016f natsionalishts\u00e2.<br \/>\nNji-aduc\u016f aminti c\u00e2 atumtsea anda earam\u016f tinir\u016f shi giucam\u016f fotbal C\u0103l\u0103rashi, un\u016f profesor arm\u00e2n\u016f di istorii nji-aspusi idyea teorii. Noi nu him\u016f macedoneni. Easti un\u00e2 p\u00e2rnoanji, cata cum\u016f eara shi atsea di Ts\u00e2ntsar. Gjini ma, lji-dz\u00e2tseam\u016f mini a profesorlui di isturii cu mindueari securist\u00e2: anda nu gioc\u016f gjini, spectatorlji mucanji nji-dz\u00e2cu: Ce faci m\u0103i ts\u00e2ntsare?, iara atumtsea anda dau c\u00e2ti v\u00e2r\u00e2 gol\u016f nji-dz\u00e2cu: Bravo m\u0103i, makidoane. Iavea c\u00e2 tu kirolu di tora, di libertati a expresiiljei, trifonishts\u00e2lji yin\u016f sh-n\u00e2 dz\u00e2c\u016f c\u00e2 noi, Arm\u00e2njilji, nu n\u00e2 tr\u00e2dzem\u016f dit\u016f Makiduneanji, c\u00e2tse populu makiduneanu nu fu tu ban\u00e2 v\u00e2r\u00e2oar\u00e2!? Iara trifonishts\u00e2lji dit\u016f Rep. Makidunia, cata cum\u016f Dina Cuvata, n\u00e2 spun\u016f c\u00e2 easti un\u00e2 utopii s\u00e2 zbur\u00e2m\u016f di Makidunii shi di Makiduneanji !?<\/p>\n<p>Arm\u00e2njilji, clirunomlji a Makiduneanjilor\u016f, nu vinir\u00e2 di iuva, ti furnjia c\u00e2 elji, aclo, tu Makidunii, s-amintar\u00e2 ca popul\u016f.<\/p>\n<p>Tu tsi muntreashti \u201czborlu (limba) a nostu si scriearea s-uduseasti cu rom\u00e2neasca sh-ti atea dz\u0103c ghini c\u0103 avem r\u00e2d\u00e2tzinji cu ei!\u201c<br \/>\nZborlu, limba va dz\u00e2c\u00e2 a Rom\u00e2njilor\u016f, s-uidiseashti cu atsea a noast\u00e2, limba arm\u00e2neasc\u00e2, nu c\u00e2 avem z\u00e2rtsinji cu elji, mea ti furnjia c\u00e2 a lor\u016f, a Getslor\u016f shi a Datslor\u016f, limba l\u00e2 fu dat\u00e2 di askirladzlji, suldatsli ali Legiunea a V Macedonica. Cari suldats ali LVM u zbura nu limba roman\u00e2, mea limba protarm\u00e2n\u00e2, atsea tsi u zbura populu makidunescu tsi b\u00e2na tu Makidunii shi tu c\u00e2s\u00e2b\u0103lu Filippi.<br \/>\nTora di oar\u00e2, ah\u00e2t\u016f!<\/p>\n<p>S-hits s\u00e2n\u00e2toshi bre, aharishts\u00e2,<br \/>\nCu minduearea-a voast\u00e2 \u201ctrifonist\u00e2\u201d,<br \/>\nC\u00e2 Makiduneanjilji sh-soia a lor\u016f,<br \/>\nVa s-b\u00e2neadz\u00e2 p\u00e2n tu-eta-a etilor\u016f!<\/p>\n<p>Tacu Piceava,<\/p>\n<p><em>13 brumar 13 h 08<\/em><\/p>\n","protected":false},"excerpt":{"rendered":"<p>Apandisi ti Minduearea trifonist\u00e2 (al Tacu Piceava, 13 brumar 13 h 08) \u201cNoi (Arm\u00e2njlii n.a n.) nu him\u016f macedoneni, noi him vlahi!\u201d\u00a0: nu shtiu di yu u ascuseshi aest\u00e2, nu am dz\u00e2s\u00e2 ahtari zbor can\u00e2 oar\u00e2 tu bana mea. Eljli \u00eeshi dz\u00e2cu c\u00e2 suntu arm\u00e2nji ic\u00e2 rr\u00e2m\u00e2ni. \u00a0<\/p>\n","protected":false},"author":4,"featured_media":0,"comment_status":"open","ping_status":"open","sticky":false,"template":"","format":"standard","meta":{"_monsterinsights_skip_tracking":false,"_monsterinsights_sitenote_active":false,"_monsterinsights_sitenote_note":"","_monsterinsights_sitenote_category":0,"footnotes":""},"categories":[3],"tags":[],"class_list":["post-1098","post","type-post","status-publish","format-standard","hentry","category-habari-news"],"yoast_head":"<!-- This site is optimized with the Yoast SEO plugin v25.4 - https:\/\/yoast.com\/wordpress\/plugins\/seo\/ -->\n<title>\u201cNoi (Arm\u00e2njlii n.a n.) nu him\u016f macedoneni, noi him vlahi!\u201d - TRA ARMANAMI<\/title>\n<meta name=\"robots\" content=\"index, follow, max-snippet:-1, max-image-preview:large, max-video-preview:-1\" \/>\n<link rel=\"canonical\" href=\"http:\/\/www.armanami.org\/blog\/noi-armanjlii-n-a-n-nu-himu-macedoneni-noi-him-vlahi\/\" \/>\n<meta property=\"og:locale\" content=\"en_US\" \/>\n<meta property=\"og:type\" content=\"article\" \/>\n<meta property=\"og:title\" content=\"\u201cNoi (Arm\u00e2njlii n.a n.) nu him\u016f macedoneni, noi him vlahi!\u201d - TRA ARMANAMI\" \/>\n<meta property=\"og:description\" content=\"Apandisi ti Minduearea trifonist\u00e2 (al Tacu Piceava, 13 brumar 13 h 08) \u201cNoi (Arm\u00e2njlii n.a n.) nu him\u016f macedoneni, noi him vlahi!\u201d\u00a0: nu shtiu di yu u ascuseshi aest\u00e2, nu am dz\u00e2s\u00e2 ahtari zbor can\u00e2 oar\u00e2 tu bana mea. Eljli \u00eeshi dz\u00e2cu c\u00e2 suntu arm\u00e2nji ic\u00e2 rr\u00e2m\u00e2ni. \u00a0\" \/>\n<meta property=\"og:url\" content=\"http:\/\/www.armanami.org\/blog\/noi-armanjlii-n-a-n-nu-himu-macedoneni-noi-him-vlahi\/\" \/>\n<meta property=\"og:site_name\" content=\"TRA ARMANAMI\" \/>\n<meta property=\"article:published_time\" content=\"2017-10-18T12:43:29+00:00\" \/>\n<meta property=\"article:modified_time\" content=\"2017-10-18T12:58:08+00:00\" \/>\n<meta name=\"author\" content=\"Editeur\" \/>\n<meta name=\"twitter:card\" content=\"summary_large_image\" \/>\n<meta name=\"twitter:label1\" content=\"Written by\" \/>\n\t<meta name=\"twitter:data1\" content=\"Editeur\" \/>\n\t<meta name=\"twitter:label2\" content=\"Est. reading time\" \/>\n\t<meta name=\"twitter:data2\" content=\"3 minutes\" \/>\n<script type=\"application\/ld+json\" class=\"yoast-schema-graph\">{\"@context\":\"https:\/\/schema.org\",\"@graph\":[{\"@type\":\"WebPage\",\"@id\":\"http:\/\/www.armanami.org\/blog\/noi-armanjlii-n-a-n-nu-himu-macedoneni-noi-him-vlahi\/\",\"url\":\"http:\/\/www.armanami.org\/blog\/noi-armanjlii-n-a-n-nu-himu-macedoneni-noi-him-vlahi\/\",\"name\":\"\u201cNoi (Arm\u00e2njlii n.a n.) nu him\u016f macedoneni, noi him vlahi!\u201d - TRA ARMANAMI\",\"isPartOf\":{\"@id\":\"http:\/\/www.armanami.org\/blog\/#website\"},\"datePublished\":\"2017-10-18T12:43:29+00:00\",\"dateModified\":\"2017-10-18T12:58:08+00:00\",\"author\":{\"@id\":\"http:\/\/www.armanami.org\/blog\/#\/schema\/person\/ad77560a1599935b2285ac8a40e4cf91\"},\"breadcrumb\":{\"@id\":\"http:\/\/www.armanami.org\/blog\/noi-armanjlii-n-a-n-nu-himu-macedoneni-noi-him-vlahi\/#breadcrumb\"},\"inLanguage\":\"en-US\",\"potentialAction\":[{\"@type\":\"ReadAction\",\"target\":[\"http:\/\/www.armanami.org\/blog\/noi-armanjlii-n-a-n-nu-himu-macedoneni-noi-him-vlahi\/\"]}]},{\"@type\":\"BreadcrumbList\",\"@id\":\"http:\/\/www.armanami.org\/blog\/noi-armanjlii-n-a-n-nu-himu-macedoneni-noi-him-vlahi\/#breadcrumb\",\"itemListElement\":[{\"@type\":\"ListItem\",\"position\":1,\"name\":\"Home\",\"item\":\"http:\/\/www.armanami.org\/blog\/\"},{\"@type\":\"ListItem\",\"position\":2,\"name\":\"\u201cNoi (Arm\u00e2njlii n.a n.) nu him\u016f macedoneni, noi him vlahi!\u201d\"}]},{\"@type\":\"WebSite\",\"@id\":\"http:\/\/www.armanami.org\/blog\/#website\",\"url\":\"http:\/\/www.armanami.org\/blog\/\",\"name\":\"TRA ARMANAMI\",\"description\":\"Habari di la armanj luati sh&#039;la armanj dati\",\"potentialAction\":[{\"@type\":\"SearchAction\",\"target\":{\"@type\":\"EntryPoint\",\"urlTemplate\":\"http:\/\/www.armanami.org\/blog\/?s={search_term_string}\"},\"query-input\":{\"@type\":\"PropertyValueSpecification\",\"valueRequired\":true,\"valueName\":\"search_term_string\"}}],\"inLanguage\":\"en-US\"},{\"@type\":\"Person\",\"@id\":\"http:\/\/www.armanami.org\/blog\/#\/schema\/person\/ad77560a1599935b2285ac8a40e4cf91\",\"name\":\"Editeur\",\"image\":{\"@type\":\"ImageObject\",\"inLanguage\":\"en-US\",\"@id\":\"http:\/\/www.armanami.org\/blog\/#\/schema\/person\/image\/\",\"url\":\"https:\/\/secure.gravatar.com\/avatar\/761ad11672a7683bd0716727a6d2194cdbca97ae70d1f58d1e090e55c4007ae7?s=96&d=mm&r=g\",\"contentUrl\":\"https:\/\/secure.gravatar.com\/avatar\/761ad11672a7683bd0716727a6d2194cdbca97ae70d1f58d1e090e55c4007ae7?s=96&d=mm&r=g\",\"caption\":\"Editeur\"},\"url\":\"http:\/\/www.armanami.org\/blog\/author\/editeur\/\"}]}<\/script>\n<!-- \/ Yoast SEO plugin. -->","yoast_head_json":{"title":"\u201cNoi (Arm\u00e2njlii n.a n.) nu him\u016f macedoneni, noi him vlahi!\u201d - TRA ARMANAMI","robots":{"index":"index","follow":"follow","max-snippet":"max-snippet:-1","max-image-preview":"max-image-preview:large","max-video-preview":"max-video-preview:-1"},"canonical":"http:\/\/www.armanami.org\/blog\/noi-armanjlii-n-a-n-nu-himu-macedoneni-noi-him-vlahi\/","og_locale":"en_US","og_type":"article","og_title":"\u201cNoi (Arm\u00e2njlii n.a n.) nu him\u016f macedoneni, noi him vlahi!\u201d - TRA ARMANAMI","og_description":"Apandisi ti Minduearea trifonist\u00e2 (al Tacu Piceava, 13 brumar 13 h 08) \u201cNoi (Arm\u00e2njlii n.a n.) nu him\u016f macedoneni, noi him vlahi!\u201d\u00a0: nu shtiu di yu u ascuseshi aest\u00e2, nu am dz\u00e2s\u00e2 ahtari zbor can\u00e2 oar\u00e2 tu bana mea. Eljli \u00eeshi dz\u00e2cu c\u00e2 suntu arm\u00e2nji ic\u00e2 rr\u00e2m\u00e2ni. \u00a0","og_url":"http:\/\/www.armanami.org\/blog\/noi-armanjlii-n-a-n-nu-himu-macedoneni-noi-him-vlahi\/","og_site_name":"TRA ARMANAMI","article_published_time":"2017-10-18T12:43:29+00:00","article_modified_time":"2017-10-18T12:58:08+00:00","author":"Editeur","twitter_card":"summary_large_image","twitter_misc":{"Written by":"Editeur","Est. reading time":"3 minutes"},"schema":{"@context":"https:\/\/schema.org","@graph":[{"@type":"WebPage","@id":"http:\/\/www.armanami.org\/blog\/noi-armanjlii-n-a-n-nu-himu-macedoneni-noi-him-vlahi\/","url":"http:\/\/www.armanami.org\/blog\/noi-armanjlii-n-a-n-nu-himu-macedoneni-noi-him-vlahi\/","name":"\u201cNoi (Arm\u00e2njlii n.a n.) nu him\u016f macedoneni, noi him vlahi!\u201d - TRA ARMANAMI","isPartOf":{"@id":"http:\/\/www.armanami.org\/blog\/#website"},"datePublished":"2017-10-18T12:43:29+00:00","dateModified":"2017-10-18T12:58:08+00:00","author":{"@id":"http:\/\/www.armanami.org\/blog\/#\/schema\/person\/ad77560a1599935b2285ac8a40e4cf91"},"breadcrumb":{"@id":"http:\/\/www.armanami.org\/blog\/noi-armanjlii-n-a-n-nu-himu-macedoneni-noi-him-vlahi\/#breadcrumb"},"inLanguage":"en-US","potentialAction":[{"@type":"ReadAction","target":["http:\/\/www.armanami.org\/blog\/noi-armanjlii-n-a-n-nu-himu-macedoneni-noi-him-vlahi\/"]}]},{"@type":"BreadcrumbList","@id":"http:\/\/www.armanami.org\/blog\/noi-armanjlii-n-a-n-nu-himu-macedoneni-noi-him-vlahi\/#breadcrumb","itemListElement":[{"@type":"ListItem","position":1,"name":"Home","item":"http:\/\/www.armanami.org\/blog\/"},{"@type":"ListItem","position":2,"name":"\u201cNoi (Arm\u00e2njlii n.a n.) nu him\u016f macedoneni, noi him vlahi!\u201d"}]},{"@type":"WebSite","@id":"http:\/\/www.armanami.org\/blog\/#website","url":"http:\/\/www.armanami.org\/blog\/","name":"TRA ARMANAMI","description":"Habari di la armanj luati sh&#039;la armanj dati","potentialAction":[{"@type":"SearchAction","target":{"@type":"EntryPoint","urlTemplate":"http:\/\/www.armanami.org\/blog\/?s={search_term_string}"},"query-input":{"@type":"PropertyValueSpecification","valueRequired":true,"valueName":"search_term_string"}}],"inLanguage":"en-US"},{"@type":"Person","@id":"http:\/\/www.armanami.org\/blog\/#\/schema\/person\/ad77560a1599935b2285ac8a40e4cf91","name":"Editeur","image":{"@type":"ImageObject","inLanguage":"en-US","@id":"http:\/\/www.armanami.org\/blog\/#\/schema\/person\/image\/","url":"https:\/\/secure.gravatar.com\/avatar\/761ad11672a7683bd0716727a6d2194cdbca97ae70d1f58d1e090e55c4007ae7?s=96&d=mm&r=g","contentUrl":"https:\/\/secure.gravatar.com\/avatar\/761ad11672a7683bd0716727a6d2194cdbca97ae70d1f58d1e090e55c4007ae7?s=96&d=mm&r=g","caption":"Editeur"},"url":"http:\/\/www.armanami.org\/blog\/author\/editeur\/"}]}},"_links":{"self":[{"href":"http:\/\/www.armanami.org\/blog\/wp-json\/wp\/v2\/posts\/1098","targetHints":{"allow":["GET"]}}],"collection":[{"href":"http:\/\/www.armanami.org\/blog\/wp-json\/wp\/v2\/posts"}],"about":[{"href":"http:\/\/www.armanami.org\/blog\/wp-json\/wp\/v2\/types\/post"}],"author":[{"embeddable":true,"href":"http:\/\/www.armanami.org\/blog\/wp-json\/wp\/v2\/users\/4"}],"replies":[{"embeddable":true,"href":"http:\/\/www.armanami.org\/blog\/wp-json\/wp\/v2\/comments?post=1098"}],"version-history":[{"count":2,"href":"http:\/\/www.armanami.org\/blog\/wp-json\/wp\/v2\/posts\/1098\/revisions"}],"predecessor-version":[{"id":1100,"href":"http:\/\/www.armanami.org\/blog\/wp-json\/wp\/v2\/posts\/1098\/revisions\/1100"}],"wp:attachment":[{"href":"http:\/\/www.armanami.org\/blog\/wp-json\/wp\/v2\/media?parent=1098"}],"wp:term":[{"taxonomy":"category","embeddable":true,"href":"http:\/\/www.armanami.org\/blog\/wp-json\/wp\/v2\/categories?post=1098"},{"taxonomy":"post_tag","embeddable":true,"href":"http:\/\/www.armanami.org\/blog\/wp-json\/wp\/v2\/tags?post=1098"}],"curies":[{"name":"wp","href":"https:\/\/api.w.org\/{rel}","templated":true}]}}